{"id":1871,"date":"2016-04-11T09:58:00","date_gmt":"2016-04-11T13:58:00","guid":{"rendered":"https:\/\/gbta.org\/global-business-travel-association-announces-new-european-advisory-board-appointments\/"},"modified":"2022-10-01T12:04:20","modified_gmt":"2022-10-01T16:04:20","slug":"global-business-travel-association-announces-new-european-advisory-board-appointments","status":"publish","type":"post","link":"https:\/\/gbta.org\/pt\/global-business-travel-association-announces-new-european-advisory-board-appointments\/","title":{"rendered":"Global Business Travel Association anuncia novas nomea\u00e7\u00f5es para o Conselho Consultivo Europeu"},"content":{"rendered":"<p>LONDRES (11 de abril de 2016) \u2013 A Global Business Travel Association (GBTA) \u2013 a voz da ind\u00fastria global de viagens de neg\u00f3cios \u2013 anunciou hoje duas novas nomea\u00e7\u00f5es para seu Conselho Consultivo Europeu: Mia Andersson Gerente de Programa Global da empresa biofarmac\u00eautica AstraZeneca e Bernd Schulz, Gerente Geral, Amadeus Alemanha.<\/p>\n<p>O Presidente do Conselho Consultivo da GBTA Europa, Gehan Colliander, disse: \u201cEstamos muito satisfeitos em receber profissionais de neg\u00f3cios t\u00e3o experientes e talentosos no Conselho Consultivo da GBTA Europa. \u00c0 medida que a GBTA se fortalece cada vez mais na Europa e os desafios que a nossa ind\u00fastria enfrenta evoluem, \u00e9 mais importante do que nunca ter indiv\u00edduos deste calibre para ajudar a orientar a associa\u00e7\u00e3o para garantir que ela antecipa e satisfaz as necessidades dos seus membros.\u201d<\/p>\n<p>Mia Andersson \u00e9 respons\u00e1vel por gerenciar a demanda global de viagens de neg\u00f3cios em mais de 30 pa\u00edses. Baseada em Sodertalje, Su\u00e9cia, com mais de 25 anos de experi\u00eancia em gest\u00e3o de viagens com uma mistura de TMCs e empresas, ela tem experi\u00eancia em liderar equipes globais tanto na \u00e1rea de oferta quanto de demanda e \u00e9 apaixonada por criar um ambiente de equipe de alto desempenho com foco na entrega de resultados. Mia tem apoiado fortemente a GBTA h\u00e1 v\u00e1rios anos, tanto como membro do Strategic Benchmark Group quanto do GBTA Europe Aviation Committee.<\/p>\n<p>Bernd Schulz foi nomeado Gerente Geral da Amadeus Alemanha a partir de 1\u00ba de julho de 2012. Baseado em Bad Homburg, Alemanha, ele lidera as equipes de Vendas, Marketing, Gest\u00e3o e Entrega de Produtos e Desenvolvimento. Ele tamb\u00e9m \u00e9 respons\u00e1vel pelos mercados su\u00ed\u00e7o e austr\u00edaco.<\/p>\n<p>Antes de trabalhar na Amadeus, Bernd Schulz foi Gerente de Compras Globais de Viagens de 1999 a 2008 e, posteriormente, Chefe de Gest\u00e3o Global de Viagens na Siemens. Nesta fun\u00e7\u00e3o, liderou n\u00e3o s\u00f3 a dire\u00e7\u00e3o estrat\u00e9gica global da gest\u00e3o de viagens e a gest\u00e3o de processos de reservas on e offline, mas tamb\u00e9m as negocia\u00e7\u00f5es globais com, entre outros, companhias a\u00e9reas, hot\u00e9is, ag\u00eancias de viagens e GDS&#039;s. Iniciou sua carreira como agente de viagens no Deutsches Reiseb\u00fcro, onde ocupou diversas fun\u00e7\u00f5es, mais recentemente como presidente da DER Travel Service Ltd. em Toronto, Canad\u00e1. Desde abril de 2013, Bernd Schulz \u00e9 membro do conselho da Associa\u00e7\u00e3o Alem\u00e3 de Viagens de Neg\u00f3cios (VDR) em Frankfurt\/Main.<\/p>\n<p>CONTATO: Colleen Gallagher, +1 703-236-1133, cgallagher@gbta.org<\/p>\n<p>Sobre a Global Business Travel Association<br \/>\nA Global Business Travel Association (GBTA) \u00e9 a principal organiza\u00e7\u00e3o comercial de viagens de neg\u00f3cios e reuni\u00f5es do mundo, com sede na \u00e1rea de Washington, DC, com opera\u00e7\u00f5es em seis continentes. Os mais de 9.000 membros do GBTA gerenciam mais de $345 bilh\u00f5es de despesas globais com viagens e reuni\u00f5es de neg\u00f3cios anualmente. GBTA e a Funda\u00e7\u00e3o GBTA oferecem educa\u00e7\u00e3o, eventos, pesquisa, advocacia e m\u00eddia de classe mundial para uma rede global crescente de mais de 28.000 profissionais de viagens e 125.000 contatos ativos. Para saber como as viagens de neg\u00f3cios impulsionam o crescimento duradouro dos neg\u00f3cios, gbta.org<\/p>","protected":false},"excerpt":{"rendered":"<p>LONDRES (11 de abril de 2016) \u2013 A Global Business Travel Association (GBTA) \u2013 a voz da ind\u00fastria global de viagens de neg\u00f3cios \u2013 anunciou hoje duas novas nomea\u00e7\u00f5es para seu Conselho Consultivo Europeu: Mia Andersson Gerente de Programa Global da empresa biofarmac\u00eautica AstraZeneca e Bernd Schulz, Gerente Geral, Amadeus Alemanha. O Presidente do Conselho Consultivo da GBTA Europa, Gehan Colliander\u2026<\/p>","protected":false},"author":25,"featured_media":0,"comment_status":"open","ping_status":"open","sticky":false,"template":"","format":"standard","meta":{"_acf_changed":false,"_seopress_robots_primary_cat":"none","_seopress_titles_title":"","_seopress_titles_desc":"","_seopress_robots_index":"","om_disable_all_campaigns":false,"_relevanssi_hide_post":"","_relevanssi_hide_content":"","_relevanssi_pin_for_all":"","_relevanssi_pin_keywords":"","_relevanssi_unpin_keywords":"","_relevanssi_related_keywords":"","_relevanssi_related_include_ids":"","_relevanssi_related_exclude_ids":"","_relevanssi_related_no_append":"","_relevanssi_related_not_related":"","_relevanssi_related_posts":"1813,1894,2188,1797,1817,1971","_relevanssi_noindex_reason":"","_kad_blocks_custom_css":"","_kad_blocks_head_custom_js":"","_kad_blocks_body_custom_js":"","_kad_blocks_footer_custom_js":"","_kad_post_transparent":"","_kad_post_title":"","_kad_post_layout":"","_kad_post_sidebar_id":"","_kad_post_content_style":"","_kad_post_vertical_padding":"","_kad_post_feature":"","_kad_post_feature_position":"","_kad_post_header":false,"_kad_post_footer":false,"footnotes":"","_links_to":"","_links_to_target":""},"categories":[45],"tags":[233],"class_list":["post-1871","post","type-post","status-publish","format-standard","hentry","category-news-and-press-releases","tag-news"],"acf":[],"featured_image_src_large":false,"author_info":{"display_name":"jcampbell","author_link":"https:\/\/gbta.org\/pt\/author\/jcampbell\/"},"comment_info":"","category_info":[{"term_id":45,"name":"News and Press Releases","slug":"news-and-press-releases","term_group":0,"term_taxonomy_id":45,"taxonomy":"category","description":"","parent":0,"count":541,"filter":"raw","cat_ID":45,"category_count":541,"category_description":"","cat_name":"News and Press Releases","category_nicename":"news-and-press-releases","category_parent":0}],"tag_info":[{"term_id":233,"name":"news","slug":"news","term_group":0,"term_taxonomy_id":233,"taxonomy":"post_tag","description":"","parent":0,"count":308,"filter":"raw"}],"taxonomy_info":{"category":[{"value":45,"label":"News and Press Releases"}],"post_tag":[{"value":233,"label":"news"}]},"featured_image_src":null,"featured_image_src_square":null,"mfb_rest_fields":["featured_image_src_large","author_info","comment_info","category_info","tag_info","taxonomy_info","featured_image_src","featured_image_src_square"],"_links":{"self":[{"href":"https:\/\/gbta.org\/pt\/wp-json\/wp\/v2\/posts\/1871","targetHints":{"allow":["GET"]}}],"collection":[{"href":"https:\/\/gbta.org\/pt\/wp-json\/wp\/v2\/posts"}],"about":[{"href":"https:\/\/gbta.org\/pt\/wp-json\/wp\/v2\/types\/post"}],"author":[{"embeddable":true,"href":"https:\/\/gbta.org\/pt\/wp-json\/wp\/v2\/users\/25"}],"replies":[{"embeddable":true,"href":"https:\/\/gbta.org\/pt\/wp-json\/wp\/v2\/comments?post=1871"}],"version-history":[{"count":0,"href":"https:\/\/gbta.org\/pt\/wp-json\/wp\/v2\/posts\/1871\/revisions"}],"wp:attachment":[{"href":"https:\/\/gbta.org\/pt\/wp-json\/wp\/v2\/media?parent=1871"}],"wp:term":[{"taxonomy":"category","embeddable":true,"href":"https:\/\/gbta.org\/pt\/wp-json\/wp\/v2\/categories?post=1871"},{"taxonomy":"post_tag","embeddable":true,"href":"https:\/\/gbta.org\/pt\/wp-json\/wp\/v2\/tags?post=1871"}],"curies":[{"name":"wp","href":"https:\/\/api.w.org\/{rel}","templated":true}]}}