{"id":1882,"date":"2016-04-27T09:58:00","date_gmt":"2016-04-27T13:58:00","guid":{"rendered":"https:\/\/gbta.org\/gbta-launches-registration-for-gbta-conference-2016-frankfurt-in-partnership-with-vdr\/"},"modified":"2022-10-01T12:00:02","modified_gmt":"2022-10-01T16:00:02","slug":"gbta-launches-registration-for-gbta-conference-2016-frankfurt-in-partnership-with-vdr","status":"publish","type":"post","link":"https:\/\/gbta.org\/pt\/gbta-launches-registration-for-gbta-conference-2016-frankfurt-in-partnership-with-vdr\/","title":{"rendered":"GBTA lan\u00e7a inscri\u00e7\u00f5es para a GBTA Conference 2016 Frankfurt em parceria com a VDR"},"content":{"rendered":"<p><span style=\"color: #655f5f;font-family: Arial\"><strong>Londres\/Frankfurt (27 de abril de 2016)<\/strong>&nbsp;\u2013 A Global Business Travel Association (GBTA) \u2013 a voz da ind\u00fastria global de viagens de neg\u00f3cios \u2013 anunciou que&nbsp;<a title=\"\" href=\"http:\/\/europeconference.gbta.org\/Register\">As inscri\u00e7\u00f5es j\u00e1 est\u00e3o abertas<\/a>&nbsp;por&nbsp;<a title=\"\" href=\"http:\/\/europeconference.gbta.org\/\">Confer\u00eancia GBTA 2016 Frankfurt em parceria com VDR<\/a>. Pelo terceiro ano consecutivo, a GBTA junta-se \u00e0 sua associa\u00e7\u00e3o parceira alem\u00e3 VDR \u2013 a Associa\u00e7\u00e3o Alem\u00e3 de Viagens de Neg\u00f3cios \u2013 para acolher o maior evento de gest\u00e3o de viagens do g\u00e9nero na Europa.<\/span><\/p>\n<p><span style=\"color: #655f5f;font-family: Arial\">A confer\u00eancia europeia acontecer\u00e1 de 14 a 16 de novembro em Frankfurt, Alemanha, no The Forum at Messe Frankfurt. O tema da confer\u00eancia, Equil\u00edbrio, descreve apropriadamente o atual ambiente de viagens de neg\u00f3cios, onde os compradores devem equilibrar muitas prioridades, desde o dever de cuidado e gest\u00e3o de riscos at\u00e9 a gest\u00e3o de custos e conformidade. Encontrar o equil\u00edbrio \u00e9 particularmente um desafio num momento em que a ind\u00fastria est\u00e1 a passar por mudan\u00e7as significativas devido \u00e0s mudan\u00e7as demogr\u00e1ficas, tecnol\u00f3gicas e de plataformas de viagens.<\/span><\/p>\n<p><span style=\"color: #655f5f;font-family: Arial\">\u201cEstamos muito satisfeitos por lan\u00e7ar as inscri\u00e7\u00f5es para aquela que promete ser a nossa maior confer\u00eancia europeia at\u00e9 agora\u201d, disse Catherine McGavock, Vice-Presidente Regional da GBTA \u2013 EMEA. \u201cCom um espa\u00e7o de exposi\u00e7\u00e3o ampliado, uma programa\u00e7\u00e3o totalmente nova e sess\u00f5es educacionais emocionantes planejadas, os delegados podem esperar uma experi\u00eancia educacional e de networking ainda melhor.\u201d<\/span><\/p>\n<p><span style=\"color: #655f5f;font-family: Arial\">\u201cA confer\u00eancia conjunta da GBTA e VDR ser\u00e1 o principal destaque deste ano para o mercado de viagens de neg\u00f3cios na Europa. Estamos orgulhosos de oferecer novamente um programa emocionante com excelente conte\u00fado e palestrantes de alto n\u00edvel. As inscri\u00e7\u00f5es j\u00e1 est\u00e3o abertas, ent\u00e3o n\u00e3o se atrase e aproveite as tarifas antecipadas registrando-se agora\u201d, acrescentou Hans-Ingo Biehl, Diretor Executivo e Membro do Conselho do VDR.<\/span><\/p>\n<p><span style=\"color: #655f5f;font-family: Arial\">As inscri\u00e7\u00f5es para delegados j\u00e1 est\u00e3o abertas e&nbsp;<a title=\"\" href=\"http:\/\/europeconference.gbta.org\/Register\">Dispon\u00edvel<\/a>. Para mais informa\u00e7\u00f5es por favor visite:&nbsp;<a title=\"\" href=\"http:\/\/europeconference.gbta.org\/\">gbta.org\/europeconference<\/a>.<\/span><\/p>\n<p><span style=\"color: #655f5f;font-family: Arial\">O registro da m\u00eddia \u00e9 gratuito. A GBTA tamb\u00e9m realizar\u00e1 seu segundo Media Breakfast anual, dando aos rep\u00f3rteres a oportunidade de ouvir as \u00faltimas not\u00edcias diretamente dos principais fornecedores do setor. Para credenciamento de m\u00eddia, entre em contato com Nikki Stimson em&nbsp;<a href=\"mailto:nstimson@gbta.org\">nstimson@gbta.org<\/a>&nbsp;ou +44 (0) 7764 618199.<\/span><\/p>\n<p>&nbsp;<\/p>\n<p><span style=\"color: #655f5f;font-family: Arial\"><strong>CONTATO:&nbsp;&nbsp;&nbsp;<\/strong>&nbsp;&nbsp;&nbsp;&nbsp;&nbsp; Colleen Lerro Gallagher, +1 703-236-1133,&nbsp;<a href=\"mailto:cgallagher@gbta.org\">cgallagher@gbta.org<\/a><br \/>\nCl\u00e1udia Giese, +49 69 695229 33,&nbsp;<a href=\"mailto:giese@vdr-service.de\">giese@vdr-service.de<\/a>&nbsp;<\/span><\/p>\n<p>&nbsp;<\/p>\n<p><u>Sobre a Global Business Travel Association<\/u><br \/>\nA Global Business Travel Association (GBTA) \u00e9 a principal organiza\u00e7\u00e3o comercial de viagens de neg\u00f3cios e reuni\u00f5es do mundo, com sede na \u00e1rea de Washington, DC, com opera\u00e7\u00f5es em seis continentes. Os mais de 9.000 membros da GBTA gerenciam anualmente mais de $345 bilh\u00f5es em despesas globais com viagens de neg\u00f3cios e reuni\u00f5es. A GBTA e a Funda\u00e7\u00e3o GBTA oferecem educa\u00e7\u00e3o, eventos, pesquisa, defesa e m\u00eddia de classe mundial para uma rede global crescente de mais de 28.000 profissionais de viagens e 125.000 contatos ativos. Para saber como as viagens de neg\u00f3cios impulsionam o crescimento duradouro dos neg\u00f3cios,&nbsp;<a href=\"https:\/\/gbta.org\/pt\/\">gbta.org<\/a><\/p>","protected":false},"excerpt":{"rendered":"<p>Londres\/Frankfurt (27 de abril de 2016) \u2013 A Global Business Travel Association (GBTA) \u2013 a voz da ind\u00fastria global de viagens de neg\u00f3cios \u2013 anunciou que as inscri\u00e7\u00f5es est\u00e3o abertas para a Confer\u00eancia GBTA 2016 Frankfurt em parceria com a VDR. Pelo terceiro ano consecutivo, a GBTA se junta \u00e0 sua associa\u00e7\u00e3o parceira alem\u00e3 VDR \u2013 a Associa\u00e7\u00e3o Alem\u00e3 de Viagens de Neg\u00f3cios \u2013 para sediar o maior\u2026<\/p>","protected":false},"author":25,"featured_media":0,"comment_status":"open","ping_status":"open","sticky":false,"template":"","format":"standard","meta":{"_acf_changed":false,"_seopress_robots_primary_cat":"none","_seopress_titles_title":"","_seopress_titles_desc":"","_seopress_robots_index":"","om_disable_all_campaigns":false,"_relevanssi_hide_post":"","_relevanssi_hide_content":"","_relevanssi_pin_for_all":"","_relevanssi_pin_keywords":"","_relevanssi_unpin_keywords":"","_relevanssi_related_keywords":"","_relevanssi_related_include_ids":"","_relevanssi_related_exclude_ids":"","_relevanssi_related_no_append":"","_relevanssi_related_not_related":"","_relevanssi_related_posts":"1809,1797,2509,1803,4069,1840","_relevanssi_noindex_reason":"","_kad_blocks_custom_css":"","_kad_blocks_head_custom_js":"","_kad_blocks_body_custom_js":"","_kad_blocks_footer_custom_js":"","_kad_post_transparent":"","_kad_post_title":"","_kad_post_layout":"","_kad_post_sidebar_id":"","_kad_post_content_style":"","_kad_post_vertical_padding":"","_kad_post_feature":"","_kad_post_feature_position":"","_kad_post_header":false,"_kad_post_footer":false,"footnotes":"","_links_to":"","_links_to_target":""},"categories":[45],"tags":[233],"class_list":["post-1882","post","type-post","status-publish","format-standard","hentry","category-news-and-press-releases","tag-news"],"acf":[],"featured_image_src_large":false,"author_info":{"display_name":"jcampbell","author_link":"https:\/\/gbta.org\/pt\/author\/jcampbell\/"},"comment_info":"","category_info":[{"term_id":45,"name":"News and Press Releases","slug":"news-and-press-releases","term_group":0,"term_taxonomy_id":45,"taxonomy":"category","description":"","parent":0,"count":541,"filter":"raw","cat_ID":45,"category_count":541,"category_description":"","cat_name":"News and Press Releases","category_nicename":"news-and-press-releases","category_parent":0}],"tag_info":[{"term_id":233,"name":"news","slug":"news","term_group":0,"term_taxonomy_id":233,"taxonomy":"post_tag","description":"","parent":0,"count":308,"filter":"raw"}],"taxonomy_info":{"category":[{"value":45,"label":"News and Press Releases"}],"post_tag":[{"value":233,"label":"news"}]},"featured_image_src":null,"featured_image_src_square":null,"mfb_rest_fields":["featured_image_src_large","author_info","comment_info","category_info","tag_info","taxonomy_info","featured_image_src","featured_image_src_square"],"_links":{"self":[{"href":"https:\/\/gbta.org\/pt\/wp-json\/wp\/v2\/posts\/1882","targetHints":{"allow":["GET"]}}],"collection":[{"href":"https:\/\/gbta.org\/pt\/wp-json\/wp\/v2\/posts"}],"about":[{"href":"https:\/\/gbta.org\/pt\/wp-json\/wp\/v2\/types\/post"}],"author":[{"embeddable":true,"href":"https:\/\/gbta.org\/pt\/wp-json\/wp\/v2\/users\/25"}],"replies":[{"embeddable":true,"href":"https:\/\/gbta.org\/pt\/wp-json\/wp\/v2\/comments?post=1882"}],"version-history":[{"count":0,"href":"https:\/\/gbta.org\/pt\/wp-json\/wp\/v2\/posts\/1882\/revisions"}],"wp:attachment":[{"href":"https:\/\/gbta.org\/pt\/wp-json\/wp\/v2\/media?parent=1882"}],"wp:term":[{"taxonomy":"category","embeddable":true,"href":"https:\/\/gbta.org\/pt\/wp-json\/wp\/v2\/categories?post=1882"},{"taxonomy":"post_tag","embeddable":true,"href":"https:\/\/gbta.org\/pt\/wp-json\/wp\/v2\/tags?post=1882"}],"curies":[{"name":"wp","href":"https:\/\/api.w.org\/{rel}","templated":true}]}}