{"id":18993,"date":"2024-11-17T22:26:28","date_gmt":"2024-11-18T03:26:28","guid":{"rendered":"https:\/\/gbta.org\/?p=18993"},"modified":"2024-11-17T22:26:30","modified_gmt":"2024-11-18T03:26:30","slug":"gbta-latam-advisory-board-highlight-monica-crawfurd-conoce-su-destacada-trayectoria-en-la-industria-de-los-viajes-corporativos","status":"publish","type":"post","link":"https:\/\/gbta.org\/pt\/gbta-latam-advisory-board-highlight-monica-crawfurd-conoce-su-destacada-trayectoria-en-la-industria-de-los-viajes-corporativos\/","title":{"rendered":"Destaque do Conselho Consultivo da GBTA LATAM: Monica Crawfurd \u2013 Conhece sua trajet\u00f3ria destacada na ind\u00fastria de viagens corporativas."},"content":{"rendered":"<p>Monica Crawfurd como parte do <em>Conselho Consultivo GBTA LATAM<\/em>, um conselho assessor composto por profissionais reconhecidos da ind\u00fastria de viagens corporativas na regi\u00e3o. Este grupo trabalha voluntariamente junto \u00e0 GBTA, com a miss\u00e3o de apoiar estrategicamente o setor, elevar a voz das necessidades regionais e servir como guia para entender os interesses e prioridades do mercado.  Monica, atualmente ocupa a carga de <em>Diretor Geral de Vendas<\/em> para o Caribe e Am\u00e9rica Latina da Hilton Worldwide Sales (HWS) na regi\u00e3o CALA (Caribe e Am\u00e9rica Latina). Neste papel, liderou a equipe de <em>Gest\u00e3o Total de Contas<\/em> (TAM) de CALA, com uma abordagem no segmento de viagens corporativas e de grupos. Al\u00e9m disso, dirige as Oficinas Nacionais de Ventas do M\u00e9xico e da Col\u00f4mbia.<\/p>\n\n\n\n<p>Ao longo de sua trajet\u00f3ria profissional, Monica trabalhou em organiza\u00e7\u00f5es de renome como Marriott International (2003-2004) e Grupo Posadas (2004-2008). Ele se uniu ao Hilton em junho de 2008 como Diretora de Ventas de Grupos do Hilton Canc\u00fan Golf &amp; Spa Resort. Em 2011, assumiu uma fun\u00e7\u00e3o corporativa na HWS \u2013 CALA como Diretora de Ventas para M\u00e9xico e Centroam\u00e9rica, onde foi respons\u00e1vel por desenvolver e expandir o mercado centro-americano nos segmentos de grupos e neg\u00f3cios corporativos para os hot\u00e9is Hilton em todo o mundo.<\/p>\n\n\n<style>.kb-row-layout-id18993_fd4381-8d > .kt-row-column-wrap{align-content:start;}:where(.kb-row-layout-id18993_fd4381-8d > .kt-row-column-wrap) > .wp-block-kadence-column{justify-content:start;}.kb-row-layout-id18993_fd4381-8d > .kt-row-column-wrap{column-gap:var(--global-kb-gap-md, 2rem);row-gap:var(--global-kb-gap-md, 2rem);padding-top:var(--global-kb-spacing-sm, 1.5rem);padding-bottom:var(--global-kb-spacing-sm, 1.5rem);grid-template-columns:minmax(0, calc(39% - ((var(--global-kb-gap-md, 2rem) * 1 )\/2)))minmax(0, calc(61% - ((var(--global-kb-gap-md, 2rem) * 1 )\/2)));}.kb-row-layout-id18993_fd4381-8d > .kt-row-layout-overlay{opacity:0.30;}@media all and (max-width: 1024px){.kb-row-layout-id18993_fd4381-8d > .kt-row-column-wrap{grid-template-columns:minmax(0, 1fr) minmax(0, 2fr);}}@media all and (max-width: 767px){.kb-row-layout-id18993_fd4381-8d > .kt-row-column-wrap{grid-template-columns:minmax(0, 1fr);}}<\/style><div class=\"kb-row-layout-wrap kb-row-layout-id18993_fd4381-8d alignnone wp-block-kadence-rowlayout\"><div class=\"kt-row-column-wrap kt-has-2-columns kt-row-layout-right-golden kt-tab-layout-inherit kt-mobile-layout-row kt-row-valign-top\">\n<style>.kadence-column18993_edb404-f8 > .kt-inside-inner-col,.kadence-column18993_edb404-f8 > .kt-inside-inner-col:before{border-top-left-radius:0px;border-top-right-radius:0px;border-bottom-right-radius:0px;border-bottom-left-radius:0px;}.kadence-column18993_edb404-f8 > .kt-inside-inner-col{column-gap:var(--global-kb-gap-sm, 1rem);}.kadence-column18993_edb404-f8 > .kt-inside-inner-col{flex-direction:column;}.kadence-column18993_edb404-f8 > .kt-inside-inner-col > .aligncenter{width:100%;}.kadence-column18993_edb404-f8 > .kt-inside-inner-col:before{opacity:0.3;}.kadence-column18993_edb404-f8{position:relative;}@media all and (max-width: 1024px){.kadence-column18993_edb404-f8 > .kt-inside-inner-col{flex-direction:column;}}@media all and (max-width: 767px){.kadence-column18993_edb404-f8 > .kt-inside-inner-col{flex-direction:column;}}<\/style>\n<div class=\"wp-block-kadence-column kadence-column18993_edb404-f8\"><div class=\"kt-inside-inner-col\"><style>.kb-image18993_3db7fd-a3 .kb-image-has-overlay:after{opacity:0.3;}<\/style>\n<figure class=\"wp-block-kadence-image kb-image18993_3db7fd-a3 size-full\"><img loading=\"lazy\" decoding=\"async\" width=\"500\" height=\"500\" src=\"https:\/\/gbta.org\/wp-content\/uploads\/monica500.png\" alt=\"monica500\" class=\"kb-img wp-image-18996\" srcset=\"https:\/\/gbta.org\/wp-content\/uploads\/monica500.png 500w, https:\/\/gbta.org\/wp-content\/uploads\/monica500-300x300.png 300w, https:\/\/gbta.org\/wp-content\/uploads\/monica500-150x150.png 150w, https:\/\/gbta.org\/wp-content\/uploads\/monica500-12x12.png 12w\" sizes=\"auto, (max-width: 500px) 100vw, 500px\" \/><\/figure>\n<\/div><\/div>\n\n\n<style>.kadence-column18993_5cf19b-dc > .kt-inside-inner-col,.kadence-column18993_5cf19b-dc > .kt-inside-inner-col:before{border-top-left-radius:0px;border-top-right-radius:0px;border-bottom-right-radius:0px;border-bottom-left-radius:0px;}.kadence-column18993_5cf19b-dc > .kt-inside-inner-col{column-gap:var(--global-kb-gap-sm, 1rem);}.kadence-column18993_5cf19b-dc > .kt-inside-inner-col{flex-direction:column;}.kadence-column18993_5cf19b-dc > .kt-inside-inner-col > .aligncenter{width:100%;}.kadence-column18993_5cf19b-dc > .kt-inside-inner-col:before{opacity:0.3;}.kadence-column18993_5cf19b-dc{position:relative;}@media all and (max-width: 1024px){.kadence-column18993_5cf19b-dc > .kt-inside-inner-col{flex-direction:column;}}@media all and (max-width: 767px){.kadence-column18993_5cf19b-dc > .kt-inside-inner-col{flex-direction:column;}}<\/style>\n<div class=\"wp-block-kadence-column kadence-column18993_5cf19b-dc\"><div class=\"kt-inside-inner-col\">\n<p>Em 2016, Monica foi promovida a <em>Diretor Adjunto de Vendas<\/em> \u2013 M\u00e9xico e Centroam\u00e9rica, liderando a equipe de HWS nessas regi\u00f5es. Em 2018, sua responsabilidade foi ampliada ao assumir a lideran\u00e7a da equipe formada pela Oficina de Ventas de \u00c1rea (ASO) do M\u00e9xico, junto com parte da equipe HWS do Caribe. Em 2021, agregou a lideran\u00e7a da equipe da ASO Col\u00f4mbia ao seu portf\u00f3lio de responsabilidades. Finalmente, em agosto de 2022, foi promovida a sua posi\u00e7\u00e3o atual como <em>Diretor Geral de Vendas<\/em> para o Caribe e a Am\u00e9rica Latina, consolidando sua lideran\u00e7a na regi\u00e3o.<\/p>\n<\/div><\/div>\n\n<\/div><\/div>\n\n\n<p><strong>Motiva\u00e7\u00e3o para ser volunt\u00e1rio<\/strong><\/p>\n\n\n\n<p>Monica Crawfurd est\u00e1 profundamente motivada a participar como volunt\u00e1ria devido \u00e0 sua firme credibilidade no poder e \u00e0 resili\u00eancia da Am\u00e9rica Latina no setor de viagens de neg\u00f3cios corporativos. Para isso, a regi\u00e3o est\u00e1 cheia de potencial, inova\u00e7\u00e3o e um esp\u00edrito de perseveran\u00e7a que impulsiona seu crescimento.<\/p>\n\n\n\n<p>Atrav\u00e9s do seu trabalho volunt\u00e1rio, M\u00f4nica busca real\u00e7ar essas fortalezas e contribuir para o desenvolvimento de um futuro pr\u00f3spero. Sua vis\u00e3o \u00e9 demonstrar ao mundo as capacidades not\u00e1veis e a determina\u00e7\u00e3o da comunidade latino-americana, promovendo a colabora\u00e7\u00e3o e o progresso no \u00e2mbito das viagens de neg\u00f3cios.<\/p>\n\n\n\n<ul class=\"wp-block-list\">\n<li><strong>Mensaje para a Ind\u00fastria de Viagens de Neg\u00f3cios na Am\u00e9rica Latina<\/strong><\/li>\n<\/ul>\n\n\n\n<p>Ao olhar para o futuro, estamos cheios de esperan\u00e7a e emo\u00e7\u00e3o pelo futuro das viagens de neg\u00f3cios corporativos na Am\u00e9rica Latina. As oportunidades que antes t\u00ednhamos eram vastas e, juntos, navegar\u00edamos neste panorama din\u00e2mico com inova\u00e7\u00e3o e resili\u00eancia. Abracemos o caminho que tenemos por delante com entusiasmo e uma vis\u00e3o compartilhada de sucesso.<\/p>","protected":false},"excerpt":{"rendered":"<p>Monica Crawfurd faz parte do Conselho Consultivo da GBTA LATAM, um conselho composto por profissionais reconhecidos da ind\u00fastria de viagens corporativas na regi\u00e3o. Este grupo trabalha voluntariamente junto \u00e0 GBTA, com a miss\u00e3o de apoiar estrategicamente o setor, elevar a voz das necessidades regionais e servir como guia para entender os interesses\u2026<\/p>","protected":false},"author":70,"featured_media":0,"comment_status":"open","ping_status":"open","sticky":false,"template":"","format":"standard","meta":{"_acf_changed":false,"_seopress_robots_primary_cat":"none","_seopress_titles_title":"","_seopress_titles_desc":"","_seopress_robots_index":"","om_disable_all_campaigns":false,"_relevanssi_hide_post":"","_relevanssi_hide_content":"","_relevanssi_pin_for_all":"","_relevanssi_pin_keywords":"","_relevanssi_unpin_keywords":"","_relevanssi_related_keywords":"","_relevanssi_related_include_ids":"","_relevanssi_related_exclude_ids":"","_relevanssi_related_no_append":"","_relevanssi_related_not_related":"","_relevanssi_related_posts":"1365,2077,2084,918,1543,2673","_relevanssi_noindex_reason":"","_kad_blocks_custom_css":"","_kad_blocks_head_custom_js":"","_kad_blocks_body_custom_js":"","_kad_blocks_footer_custom_js":"","_kad_post_transparent":"","_kad_post_title":"","_kad_post_layout":"","_kad_post_sidebar_id":"","_kad_post_content_style":"","_kad_post_vertical_padding":"","_kad_post_feature":"","_kad_post_feature_position":"","_kad_post_header":false,"_kad_post_footer":false,"footnotes":"","_links_to":"","_links_to_target":""},"categories":[106],"tags":[],"class_list":["post-18993","post","type-post","status-publish","format-standard","hentry","category-latin-america"],"acf":[],"featured_image_src_large":false,"author_info":{"display_name":"Ron Nucum","author_link":"https:\/\/gbta.org\/pt\/author\/rnucumgbta-org\/"},"comment_info":"","category_info":[{"term_id":106,"name":"Latin America","slug":"latin-america","term_group":0,"term_taxonomy_id":106,"taxonomy":"category","description":"","parent":0,"count":54,"filter":"raw","cat_ID":106,"category_count":54,"category_description":"","cat_name":"Latin America","category_nicename":"latin-america","category_parent":0}],"tag_info":false,"taxonomy_info":{"category":[{"value":106,"label":"Latin America"}]},"featured_image_src":null,"featured_image_src_square":null,"mfb_rest_fields":["featured_image_src_large","author_info","comment_info","category_info","tag_info","taxonomy_info","featured_image_src","featured_image_src_square"],"_links":{"self":[{"href":"https:\/\/gbta.org\/pt\/wp-json\/wp\/v2\/posts\/18993","targetHints":{"allow":["GET"]}}],"collection":[{"href":"https:\/\/gbta.org\/pt\/wp-json\/wp\/v2\/posts"}],"about":[{"href":"https:\/\/gbta.org\/pt\/wp-json\/wp\/v2\/types\/post"}],"author":[{"embeddable":true,"href":"https:\/\/gbta.org\/pt\/wp-json\/wp\/v2\/users\/70"}],"replies":[{"embeddable":true,"href":"https:\/\/gbta.org\/pt\/wp-json\/wp\/v2\/comments?post=18993"}],"version-history":[{"count":1,"href":"https:\/\/gbta.org\/pt\/wp-json\/wp\/v2\/posts\/18993\/revisions"}],"predecessor-version":[{"id":18997,"href":"https:\/\/gbta.org\/pt\/wp-json\/wp\/v2\/posts\/18993\/revisions\/18997"}],"wp:attachment":[{"href":"https:\/\/gbta.org\/pt\/wp-json\/wp\/v2\/media?parent=18993"}],"wp:term":[{"taxonomy":"category","embeddable":true,"href":"https:\/\/gbta.org\/pt\/wp-json\/wp\/v2\/categories?post=18993"},{"taxonomy":"post_tag","embeddable":true,"href":"https:\/\/gbta.org\/pt\/wp-json\/wp\/v2\/tags?post=18993"}],"curies":[{"name":"wp","href":"https:\/\/api.w.org\/{rel}","templated":true}]}}