{"id":1930,"date":"2017-03-16T09:58:00","date_gmt":"2017-03-16T13:58:00","guid":{"rendered":"https:\/\/gbta.org\/gbta-announces-former-prime-minster-of-canada-the-right-honourable-jean-chretien-as-featured-speaker-at-gbta-conference-2017-toronto\/"},"modified":"2022-10-02T10:20:39","modified_gmt":"2022-10-02T14:20:39","slug":"gbta-announces-former-prime-minster-of-canada-the-right-honourable-jean-chretien-as-featured-speaker-at-gbta-conference-2017-toronto","status":"publish","type":"post","link":"https:\/\/gbta.org\/pt\/gbta-announces-former-prime-minster-of-canada-the-right-honourable-jean-chretien-as-featured-speaker-at-gbta-conference-2017-toronto\/","title":{"rendered":"GBTA anuncia o ex-primeiro-ministro do Canad\u00e1, o Honor\u00e1vel Jean Chr\u00e9tien, como palestrante de destaque na Confer\u00eancia GBTA 2017 em Toronto"},"content":{"rendered":"<p>Toronto, Canad\u00e1 (16 de mar\u00e7o de 2017) \u2013 A Global Business Travel Association (GBTA), a voz da ind\u00fastria global de viagens de neg\u00f3cios, anunciou hoje o ex-primeiro-ministro do Canad\u00e1, Jean Chr\u00e9tien, como palestrante de destaque no Center Stage da GBTA Conference 2017 Toronto, 23 a 25 de maio. O Sr. Chr\u00e9tien far\u00e1 a palestra de encerramento na quinta-feira, 25 de maio. Sua apari\u00e7\u00e3o foi poss\u00edvel gra\u00e7as \u00e0 Vision Travel Solutions.<\/p>\n<p>\u201cEstamos muito satisfeitos em receber o ex-primeiro-ministro do Canad\u00e1, Jean Chr\u00e9tien, no palco da Confer\u00eancia GBTA 2017 em Toronto\u201d, disse Nancy Tudorache, diretora de opera\u00e7\u00f5es da GBTA Canad\u00e1. \u201c\u00c9 um verdadeiro prazer ter um homem de seu calibre e patriotismo encerrando nossa 13\u00aa confer\u00eancia anual da GBTA Canad\u00e1, especialmente durante a comemora\u00e7\u00e3o do 150\u00ba anivers\u00e1rio do Canad\u00e1. Chr\u00e9tien sem d\u00favida contar\u00e1 hist\u00f3rias de sua inestim\u00e1vel experi\u00eancia como l\u00edder de nosso pa\u00eds por 10 anos e 20\u00ba primeiro-ministro do Canad\u00e1.\u201d<\/p>\n<p>Chr\u00e9tien foi empossado como 20\u00ba primeiro-ministro do Canad\u00e1 em novembro de 1993, depois de conquistar a maioria dos assentos na C\u00e2mara dos Comuns. Durante o seu mandato, foi reeleito por maioria em 1997 e 2000. Como Primeiro-Ministro, o Sr. Chr\u00e9tien sublinhou or\u00e7amentos equilibrados, unidade nacional e um lugar fortalecido para o Canad\u00e1 no mundo. O legado do seu governo tamb\u00e9m inclui uma s\u00e9rie de reformas sociais e iniciativas humanit\u00e1rias. O Sr. Chr\u00e9tien deixou o cargo de Primeiro Ministro do Canad\u00e1 em 12 de dezembro de 2003.<\/p>\n<p>As inscri\u00e7\u00f5es para participantes j\u00e1 est\u00e3o abertas. Registre-se at\u00e9 24 de mar\u00e7o de 2017 para economizar at\u00e9 $200. Mais informa\u00e7\u00f5es sobre programas e palestrantes ser\u00e3o divulgadas em um futuro pr\u00f3ximo. Para os desenvolvimentos mais recentes, visite canadaconference.gbta.org. O registro de m\u00eddia \u00e9 gratuito para m\u00eddia qualificada. Entre em contato com Colleen Gallagher em cgallagher@gbta.org para obter mais informa\u00e7\u00f5es sobre registro de m\u00eddia.<\/p>\n<p>CONTATO: Colleen Lerro Gallagher, +1 703-236-1133, cgallagher@gbta.org<\/p>\n<p>Marianne Varkiani, +1 703-236-1164, mvarkiani@gbta.org<\/p>\n<p>Sobre a Global Business Travel Association<br \/>\nA Global Business Travel Association (GBTA) \u00e9 a principal organiza\u00e7\u00e3o comercial de viagens de neg\u00f3cios e reuni\u00f5es do mundo, com sede na \u00e1rea de Washington, DC, com opera\u00e7\u00f5es em seis continentes. Os mais de 9.000 membros do GBTA gerenciam mais de $345 bilh\u00f5es de despesas globais com viagens e reuni\u00f5es de neg\u00f3cios anualmente. GBTA e a Funda\u00e7\u00e3o GBTA oferecem educa\u00e7\u00e3o, eventos, pesquisa, advocacia e m\u00eddia de classe mundial para uma rede global crescente de mais de 28.000 profissionais de viagens e 125.000 contatos ativos. Para saber como as viagens de neg\u00f3cios impulsionam o crescimento duradouro dos neg\u00f3cios, gbta.org<\/p>","protected":false},"excerpt":{"rendered":"<p>Toronto, Canad\u00e1 (16 de mar\u00e7o de 2017) \u2013 A Global Business Travel Association (GBTA), a voz da ind\u00fastria global de viagens de neg\u00f3cios, anunciou hoje o ex-primeiro-ministro do Canad\u00e1, Jean Chr\u00e9tien, como palestrante de destaque no Center Stage da GBTA Conference 2017 Toronto, 23 a 25 de maio. O Sr. Chr\u00e9tien far\u00e1 a palestra de encerramento na quinta-feira, maio\u2026<\/p>","protected":false},"author":25,"featured_media":0,"comment_status":"open","ping_status":"open","sticky":false,"template":"","format":"standard","meta":{"_acf_changed":false,"_seopress_robots_primary_cat":"none","_seopress_titles_title":"","_seopress_titles_desc":"","_seopress_robots_index":"","om_disable_all_campaigns":false,"_relevanssi_hide_post":"","_relevanssi_hide_content":"","_relevanssi_pin_for_all":"","_relevanssi_pin_keywords":"","_relevanssi_unpin_keywords":"","_relevanssi_related_keywords":"","_relevanssi_related_include_ids":"","_relevanssi_related_exclude_ids":"","_relevanssi_related_no_append":"","_relevanssi_related_not_related":"","_relevanssi_related_posts":"1775,1936,6093,2509,1988,1768","_relevanssi_noindex_reason":"","_kad_blocks_custom_css":"","_kad_blocks_head_custom_js":"","_kad_blocks_body_custom_js":"","_kad_blocks_footer_custom_js":"","_kad_post_transparent":"","_kad_post_title":"","_kad_post_layout":"","_kad_post_sidebar_id":"","_kad_post_content_style":"","_kad_post_vertical_padding":"","_kad_post_feature":"","_kad_post_feature_position":"","_kad_post_header":false,"_kad_post_footer":false,"footnotes":"","_links_to":"","_links_to_target":""},"categories":[375,45],"tags":[233],"class_list":["post-1930","post","type-post","status-publish","format-standard","hentry","category-canada","category-news-and-press-releases","tag-news"],"acf":[],"featured_image_src_large":false,"author_info":{"display_name":"jcampbell","author_link":"https:\/\/gbta.org\/pt\/author\/jcampbell\/"},"comment_info":"","category_info":[{"term_id":375,"name":"Canada","slug":"canada","term_group":0,"term_taxonomy_id":375,"taxonomy":"category","description":"","parent":0,"count":61,"filter":"raw","cat_ID":375,"category_count":61,"category_description":"","cat_name":"Canada","category_nicename":"canada","category_parent":0},{"term_id":45,"name":"News and Press Releases","slug":"news-and-press-releases","term_group":0,"term_taxonomy_id":45,"taxonomy":"category","description":"","parent":0,"count":541,"filter":"raw","cat_ID":45,"category_count":541,"category_description":"","cat_name":"News and Press Releases","category_nicename":"news-and-press-releases","category_parent":0}],"tag_info":[{"term_id":233,"name":"news","slug":"news","term_group":0,"term_taxonomy_id":233,"taxonomy":"post_tag","description":"","parent":0,"count":308,"filter":"raw"}],"taxonomy_info":{"category":[{"value":375,"label":"Canada"},{"value":45,"label":"News and Press Releases"}],"post_tag":[{"value":233,"label":"news"}]},"featured_image_src":null,"featured_image_src_square":null,"mfb_rest_fields":["featured_image_src_large","author_info","comment_info","category_info","tag_info","taxonomy_info","featured_image_src","featured_image_src_square"],"_links":{"self":[{"href":"https:\/\/gbta.org\/pt\/wp-json\/wp\/v2\/posts\/1930","targetHints":{"allow":["GET"]}}],"collection":[{"href":"https:\/\/gbta.org\/pt\/wp-json\/wp\/v2\/posts"}],"about":[{"href":"https:\/\/gbta.org\/pt\/wp-json\/wp\/v2\/types\/post"}],"author":[{"embeddable":true,"href":"https:\/\/gbta.org\/pt\/wp-json\/wp\/v2\/users\/25"}],"replies":[{"embeddable":true,"href":"https:\/\/gbta.org\/pt\/wp-json\/wp\/v2\/comments?post=1930"}],"version-history":[{"count":0,"href":"https:\/\/gbta.org\/pt\/wp-json\/wp\/v2\/posts\/1930\/revisions"}],"wp:attachment":[{"href":"https:\/\/gbta.org\/pt\/wp-json\/wp\/v2\/media?parent=1930"}],"wp:term":[{"taxonomy":"category","embeddable":true,"href":"https:\/\/gbta.org\/pt\/wp-json\/wp\/v2\/categories?post=1930"},{"taxonomy":"post_tag","embeddable":true,"href":"https:\/\/gbta.org\/pt\/wp-json\/wp\/v2\/tags?post=1930"}],"curies":[{"name":"wp","href":"https:\/\/api.w.org\/{rel}","templated":true}]}}