{"id":2029,"date":"2018-12-04T09:58:00","date_gmt":"2018-12-04T14:58:00","guid":{"rendered":"https:\/\/gbta.org\/automation-fragmentation-and-consolidation-were-the-hot-topics-of-gbta-conference-2018-berlin-in-partnership-with-vdr\/"},"modified":"2022-10-03T11:36:28","modified_gmt":"2022-10-03T15:36:28","slug":"automation-fragmentation-and-consolidation-were-the-hot-topics-of-gbta-conference-2018-berlin-in-partnership-with-vdr","status":"publish","type":"post","link":"https:\/\/gbta.org\/pt\/automation-fragmentation-and-consolidation-were-the-hot-topics-of-gbta-conference-2018-berlin-in-partnership-with-vdr\/","title":{"rendered":"Automa\u00e7\u00e3o, Fragmenta\u00e7\u00e3o e Consolida\u00e7\u00e3o foram os temas quentes da GBTA Conference 2018 Berlin em parceria com a VDR"},"content":{"rendered":"<p><strong>BERLIM<\/strong>&nbsp;(4 de dezembro de 2018) \u2013 A Global Business Travel Association (GBTA) \u2013 a voz da ind\u00fastria global de viagens de neg\u00f3cios \u2013 e a associa\u00e7\u00e3o alem\u00e3 de compradores de viagens de neg\u00f3cios VDR \u2013 encerraram sua quinta confer\u00eancia conjunta de sucesso na Europa esta semana com participa\u00e7\u00e3o recorde. O evento reuniu cerca de 1.100 participantes de mais de 30 pa\u00edses para networking incompar\u00e1vel, mais educa\u00e7\u00e3o do que nunca e palestrantes de alto n\u00edvel.<\/p>\n<p>Center Stage destacou alguns pain\u00e9is instigantes da ind\u00fastria. <em>Painel de Acomoda\u00e7\u00e3o \u2013 O Efeito Tecnol\u00f3gico<\/em> contou com a participa\u00e7\u00e3o de Martin Biermann, do HRS Group, Mark van der Linden, da Booking.com, Eric-jan Krausch, da Acomodeo, e Lennert de Jong, da CitizenM Hotels, enquanto discutiam a necessidade de automa\u00e7\u00e3o e digitaliza\u00e7\u00e3o e detalhavam seus esfor\u00e7os para garantir a conformidade com o GDPR ao lidar com grandes quantidades de Informa\u00e7\u00e3o ao Cliente. Conclu\u00edram que a complexidade est\u00e1 aumentando no mercado hoteleiro devido a um mercado fragmentado, al\u00e9m do envolvimento de v\u00e1rios players e sistemas legados.<\/p>\n<p>Tamb\u00e9m no Center Stage, executivos de n\u00edvel C da Finnair, Lufthansa Group e Virgin Atlantic discutiram o NDC e o impacto potencial que um Brexit sem acordo ter\u00e1 na avia\u00e7\u00e3o e nas suas opera\u00e7\u00f5es di\u00e1rias. Shai Weiss, Juha Jarvinen e Heike Birlenbach concordaram que a consolida\u00e7\u00e3o da ind\u00fastria, em \u00faltima an\u00e1lise, beneficia os consumidores. Tamb\u00e9m expressaram frustra\u00e7\u00f5es com a infra-estrutura aeroportu\u00e1ria limitada e manifestaram preocupa\u00e7\u00f5es de que a taxa de crescimento n\u00e3o seja suficiente para fazer face \u00e0 duplica\u00e7\u00e3o do n\u00famero de passageiros a\u00e9reos globais em 2036.<\/p>\n<p>&nbsp;<\/p>\n<p>Ap\u00f3s a aquisi\u00e7\u00e3o da WINiT pela GBTA em agosto, a confer\u00eancia estreou o conte\u00fado e a programa\u00e7\u00e3o do WINiT by GBTA pela primeira vez, incluindo uma sess\u00e3o Center Stage onde l\u00edderes seniores em viagens de neg\u00f3cios forneceram suas perspectivas sobre os desafios enfrentados pelas mulheres em nosso setor. Durante <em>Mulheres de sucesso liderando viagens de neg\u00f3cios<\/em>, as palestrantes Heike Birlenbach da Lufthansa, Emma Wilson da Saber e Daniela Schade da AccorHotels compartilharam conselhos para mulheres do setor e discutiram como suas empresas trabalham para combater preconceitos inconscientes e dar uma plataforma \u00e0s mulheres.<\/p>\n<p>O Diretor Executivo e COO da GBTA, Michael W. McCormick, recebeu o l\u00edder da ind\u00fastria Konstantin Sixt no Center Stage para uma entrevista individual. Os dois conversaram sobre as tend\u00eancias do transporte terrestre, incluindo como os carros conectados e a verdadeira mobilidade ponta a ponta mudar\u00e3o o mercado no futuro. Um painel de compradores seniores tamb\u00e9m apresentou a sua opini\u00e3o sobre as \u00faltimas tend\u00eancias, inova\u00e7\u00f5es, oportunidades e desafios enfrentados pelas viagens de neg\u00f3cios. A confer\u00eancia tamb\u00e9m contou com palestrantes fant\u00e1sticos, incluindo o autor de best-sellers Peter Fisk e o mentalista David Meade.<\/p>\n<p>Com um novo e din\u00e2mico formato de sess\u00e3o educacional de 30 minutos, o programa deste ano ofereceu aos profissionais de viagens de neg\u00f3cios mais oportunidades de aprendizagem do que nunca. Os participantes foram presenteados com sess\u00f5es educacionais de alto n\u00edvel que abrangeram tudo, desde a cria\u00e7\u00e3o de um programa de viagens sustent\u00e1vel at\u00e9 o impacto da tecnologia blockchain nas viagens gerenciadas. A Expo contou com mais de 50 expositores e uma d\u00fazia de fornecedores fizeram an\u00fancios de \u00faltimas not\u00edcias como parte de nossa recep\u00e7\u00e3o \u00e0 m\u00eddia. Tamb\u00e9m pela primeira vez, nosso novo Bazar do Conhecimento apresentou 120 t\u00f3picos exclusivos, permitindo que os compradores de viagens participassem de diferentes sess\u00f5es com o tema de sua escolha. O Bazar incluiu uma variedade de t\u00f3picos e tend\u00eancias que v\u00e3o desde o impacto do NDC nos programas de viagens corporativas at\u00e9 a constru\u00e7\u00e3o de um programa de viagens que as pessoas realmente leiam. Al\u00e9m disso, a Confer\u00eancia estreou um novo formato para a sess\u00e3o Big Idea deste ano, que envolveu um workshop interativo incluindo todos os participantes focado nas quest\u00f5es mais urgentes do setor.<\/p>\n<p>A confer\u00eancia do pr\u00f3ximo ano ter\u00e1 lugar em Munique, de 19 a 21 de novembro de 2019.<\/p>\n<p>&nbsp;<\/p>\n<p><strong>Sobre a Global Business Travel Association<\/strong><br \/>\nA Global Business Travel Association (GBTA) \u00e9 a principal organiza\u00e7\u00e3o comercial de viagens de neg\u00f3cios e reuni\u00f5es do mundo, com sede na \u00e1rea de Washington, DC, com opera\u00e7\u00f5es em seis continentes. Os mais de 9.000 membros da GBTA gerenciam anualmente mais de $345 bilh\u00f5es em despesas globais com viagens de neg\u00f3cios e reuni\u00f5es. A GBTA e a Funda\u00e7\u00e3o GBTA oferecem educa\u00e7\u00e3o, eventos, pesquisa, defesa e m\u00eddia de classe mundial para uma rede global crescente de mais de 28.000 profissionais de viagens e 125.000 contatos ativos. Para saber como as viagens de neg\u00f3cios impulsionam o crescimento duradouro dos neg\u00f3cios, visite www.gbta.org.<\/p>\n<p><strong>Verband Deutsches Reisemanagement eV (VDR)<\/strong><br \/>\nO VDR representa os interesses da ind\u00fastria alem\u00e3 e trata das condi\u00e7\u00f5es gerais e competitivas que envolvem viagens de neg\u00f3cios e mobilidade. Ela faz campanha por possibilidades de viagens mundiais eficientes, econ\u00f4micas, seguras e sem obst\u00e1culos para as empresas. O VDR, com as suas mais de 530 empresas membros, representa um volume de neg\u00f3cios anual total no setor das viagens de neg\u00f3cios de mais de 10 mil milh\u00f5es de euros.<\/p>","protected":false},"excerpt":{"rendered":"<p>BERLIM (4 de dezembro de 2018) \u2013 A Global Business Travel Association (GBTA) \u2013 a voz da ind\u00fastria global de viagens de neg\u00f3cios \u2013 e a associa\u00e7\u00e3o alem\u00e3 de compradores de viagens de neg\u00f3cios VDR \u2013 encerraram esta semana a sua quinta confer\u00eancia conjunta de sucesso na Europa com uma participa\u00e7\u00e3o recorde. O evento reuniu quase 1.100 participantes de mais de 30 pa\u00edses para um networking incompar\u00e1vel,\u2026<\/p>","protected":false},"author":25,"featured_media":0,"comment_status":"open","ping_status":"open","sticky":false,"template":"","format":"standard","meta":{"_acf_changed":false,"_seopress_robots_primary_cat":"none","_seopress_titles_title":"","_seopress_titles_desc":"","_seopress_robots_index":"","om_disable_all_campaigns":false,"_relevanssi_hide_post":"","_relevanssi_hide_content":"","_relevanssi_pin_for_all":"","_relevanssi_pin_keywords":"","_relevanssi_unpin_keywords":"","_relevanssi_related_keywords":"","_relevanssi_related_include_ids":"","_relevanssi_related_exclude_ids":"","_relevanssi_related_no_append":"","_relevanssi_related_not_related":"","_relevanssi_related_posts":"1957,1810,1772,1609,1874,1760","_relevanssi_noindex_reason":"","_kad_blocks_custom_css":"","_kad_blocks_head_custom_js":"","_kad_blocks_body_custom_js":"","_kad_blocks_footer_custom_js":"","_kad_post_transparent":"","_kad_post_title":"","_kad_post_layout":"","_kad_post_sidebar_id":"","_kad_post_content_style":"","_kad_post_vertical_padding":"","_kad_post_feature":"","_kad_post_feature_position":"","_kad_post_header":false,"_kad_post_footer":false,"footnotes":"","_links_to":"","_links_to_target":""},"categories":[105,45],"tags":[258,421,148,171,1369,445],"class_list":["post-2029","post","type-post","status-publish","format-standard","hentry","category-europe-and-uk","category-news-and-press-releases","tag-berlin","tag-conference","tag-europe","tag-infrastructure","tag-munich","tag-vdr"],"acf":[],"featured_image_src_large":false,"author_info":{"display_name":"jcampbell","author_link":"https:\/\/gbta.org\/pt\/author\/jcampbell\/"},"comment_info":"","category_info":[{"term_id":105,"name":"Europe and UK","slug":"europe-and-uk","term_group":0,"term_taxonomy_id":105,"taxonomy":"category","description":"","parent":0,"count":152,"filter":"raw","cat_ID":105,"category_count":152,"category_description":"","cat_name":"Europe and UK","category_nicename":"europe-and-uk","category_parent":0},{"term_id":45,"name":"News and Press Releases","slug":"news-and-press-releases","term_group":0,"term_taxonomy_id":45,"taxonomy":"category","description":"","parent":0,"count":540,"filter":"raw","cat_ID":45,"category_count":540,"category_description":"","cat_name":"News and Press Releases","category_nicename":"news-and-press-releases","category_parent":0}],"tag_info":[{"term_id":258,"name":"Berlin","slug":"berlin","term_group":0,"term_taxonomy_id":258,"taxonomy":"post_tag","description":"","parent":0,"count":3,"filter":"raw"},{"term_id":421,"name":"conference","slug":"conference","term_group":0,"term_taxonomy_id":421,"taxonomy":"post_tag","description":"","parent":0,"count":17,"filter":"raw"},{"term_id":148,"name":"Europe","slug":"europe","term_group":0,"term_taxonomy_id":148,"taxonomy":"post_tag","description":"","parent":0,"count":32,"filter":"raw"},{"term_id":171,"name":"infrastructure","slug":"infrastructure","term_group":0,"term_taxonomy_id":171,"taxonomy":"post_tag","description":"","parent":0,"count":27,"filter":"raw"},{"term_id":1369,"name":"Munich","slug":"munich","term_group":0,"term_taxonomy_id":1369,"taxonomy":"post_tag","description":"","parent":0,"count":1,"filter":"raw"},{"term_id":445,"name":"VDR","slug":"vdr","term_group":0,"term_taxonomy_id":445,"taxonomy":"post_tag","description":"","parent":0,"count":8,"filter":"raw"}],"taxonomy_info":{"category":[{"value":105,"label":"Europe and UK"},{"value":45,"label":"News and Press Releases"}],"post_tag":[{"value":258,"label":"Berlin"},{"value":421,"label":"conference"},{"value":148,"label":"Europe"},{"value":171,"label":"infrastructure"},{"value":1369,"label":"Munich"},{"value":445,"label":"VDR"}]},"featured_image_src":null,"featured_image_src_square":null,"mfb_rest_fields":["featured_image_src_large","author_info","comment_info","category_info","tag_info","taxonomy_info","featured_image_src","featured_image_src_square"],"_links":{"self":[{"href":"https:\/\/gbta.org\/pt\/wp-json\/wp\/v2\/posts\/2029","targetHints":{"allow":["GET"]}}],"collection":[{"href":"https:\/\/gbta.org\/pt\/wp-json\/wp\/v2\/posts"}],"about":[{"href":"https:\/\/gbta.org\/pt\/wp-json\/wp\/v2\/types\/post"}],"author":[{"embeddable":true,"href":"https:\/\/gbta.org\/pt\/wp-json\/wp\/v2\/users\/25"}],"replies":[{"embeddable":true,"href":"https:\/\/gbta.org\/pt\/wp-json\/wp\/v2\/comments?post=2029"}],"version-history":[{"count":0,"href":"https:\/\/gbta.org\/pt\/wp-json\/wp\/v2\/posts\/2029\/revisions"}],"wp:attachment":[{"href":"https:\/\/gbta.org\/pt\/wp-json\/wp\/v2\/media?parent=2029"}],"wp:term":[{"taxonomy":"category","embeddable":true,"href":"https:\/\/gbta.org\/pt\/wp-json\/wp\/v2\/categories?post=2029"},{"taxonomy":"post_tag","embeddable":true,"href":"https:\/\/gbta.org\/pt\/wp-json\/wp\/v2\/tags?post=2029"}],"curies":[{"name":"wp","href":"https:\/\/api.w.org\/{rel}","templated":true}]}}