{"id":2045,"date":"2018-12-07T09:58:00","date_gmt":"2018-12-07T14:58:00","guid":{"rendered":"https:\/\/gbta.org\/podcast-live-from-berlin-the-future-of-aviation\/"},"modified":"2022-10-02T09:32:25","modified_gmt":"2022-10-02T13:32:25","slug":"podcast-live-from-berlin-the-future-of-aviation","status":"publish","type":"post","link":"https:\/\/gbta.org\/pt\/podcast-live-from-berlin-the-future-of-aviation\/","title":{"rendered":"Podcast: Ao vivo de Berlim: o futuro da avia\u00e7\u00e3o"},"content":{"rendered":"<p>O epis\u00f3dio desta semana de&nbsp;<em>O neg\u00f3cio de viagens<\/em>&nbsp;vem at\u00e9 voc\u00ea mais uma vez de&nbsp;<a href=\"https:\/\/europeconference.gbta.org\/\">Confer\u00eancia GBTA 2018 Berlim em parceria com VDR<\/a>. Escute o&nbsp;<em>Painel C-Level de Companhia A\u00e9rea \u2013 A Vis\u00e3o 2020 sobre Avia\u00e7\u00e3o,&nbsp;<\/em>que aconteceu no Center Stage durante a Confer\u00eancia com executivos da Finnair, Lufthansa e Virgin Atlantic compartilhando suas id\u00e9ias sobre o futuro da avia\u00e7\u00e3o.<\/p>\n<p>&nbsp;<\/p>\n<p>&nbsp;<\/p>\n<p>Voc\u00ea pode baixar e ouvir&nbsp;<em>O neg\u00f3cio de viagens<\/em>&nbsp;dentro&nbsp;<a href=\"https:\/\/itunes.apple.com\/us\/podcast\/the-business-of-travel\/id1355577581\" target=\"_blank\" rel=\"noopener\"><strong>iTunes<\/strong><\/a>,&nbsp;<a href=\"https:\/\/www.stitcher.com\/podcast\/colleen-gallagher\/the-business-of-travel?refid=stpr\" target=\"_blank\" rel=\"noopener\"><strong>Costureira<\/strong><\/a>,&nbsp;<a href=\"https:\/\/play.google.com\/music\/listen?u=0#\/ps\/Imjvbzbk3d73tlxgodoitaa5id4\" target=\"_blank\" rel=\"noopener\"><strong>Google Play<\/strong><\/a>&nbsp;e seus outros diret\u00f3rios de podcast favoritos. N\u00e3o deixe de se inscrever no programa para n\u00e3o perder!<\/p>","protected":false},"excerpt":{"rendered":"<p>O epis\u00f3dio desta semana de The Business of Travel chega at\u00e9 voc\u00ea mais uma vez na Confer\u00eancia GBTA 2018 Berlim em parceria com VDR. Ou\u00e7a o Airline C-Level Panel \u2013 The 2020 Vision On Aviation, que aconteceu no centro do palco durante a confer\u00eancia com executivos da Finnair, Lufthansa e Virgin Atlantic compartilhando suas id\u00e9ias sobre o futuro da avia\u00e7\u00e3o. \u2026<\/p>","protected":false},"author":25,"featured_media":0,"comment_status":"open","ping_status":"open","sticky":false,"template":"","format":"standard","meta":{"_acf_changed":false,"_seopress_robots_primary_cat":"none","_seopress_titles_title":"","_seopress_titles_desc":"","_seopress_robots_index":"","om_disable_all_campaigns":false,"_relevanssi_hide_post":"","_relevanssi_hide_content":"","_relevanssi_pin_for_all":"","_relevanssi_pin_keywords":"","_relevanssi_unpin_keywords":"","_relevanssi_related_keywords":"","_relevanssi_related_include_ids":"","_relevanssi_related_exclude_ids":"","_relevanssi_related_no_append":"","_relevanssi_related_not_related":"","_relevanssi_related_posts":"2652,6093,2021,1650,7023,2716","_relevanssi_noindex_reason":"","_kad_blocks_custom_css":"","_kad_blocks_head_custom_js":"","_kad_blocks_body_custom_js":"","_kad_blocks_footer_custom_js":"","_kad_post_transparent":"","_kad_post_title":"","_kad_post_layout":"","_kad_post_sidebar_id":"","_kad_post_content_style":"","_kad_post_vertical_padding":"","_kad_post_feature":"","_kad_post_feature_position":"","_kad_post_header":false,"_kad_post_footer":false,"footnotes":"","_links_to":"","_links_to_target":""},"categories":[114,105,1287],"tags":[],"class_list":["post-2045","post","type-post","status-publish","format-standard","hentry","category-airlines-and-aviation","category-europe-and-uk","category-podcast"],"acf":[],"featured_image_src_large":false,"author_info":{"display_name":"jcampbell","author_link":"https:\/\/gbta.org\/pt\/author\/jcampbell\/"},"comment_info":"","category_info":[{"term_id":114,"name":"Airlines and Aviation","slug":"airlines-and-aviation","term_group":0,"term_taxonomy_id":114,"taxonomy":"category","description":"","parent":0,"count":355,"filter":"raw","cat_ID":114,"category_count":355,"category_description":"","cat_name":"Airlines and Aviation","category_nicename":"airlines-and-aviation","category_parent":0},{"term_id":105,"name":"Europe and UK","slug":"europe-and-uk","term_group":0,"term_taxonomy_id":105,"taxonomy":"category","description":"","parent":0,"count":153,"filter":"raw","cat_ID":105,"category_count":153,"category_description":"","cat_name":"Europe and UK","category_nicename":"europe-and-uk","category_parent":0},{"term_id":1287,"name":"Podcast","slug":"podcast","term_group":0,"term_taxonomy_id":1287,"taxonomy":"category","description":"","parent":0,"count":99,"filter":"raw","cat_ID":1287,"category_count":99,"category_description":"","cat_name":"Podcast","category_nicename":"podcast","category_parent":0}],"tag_info":false,"taxonomy_info":{"category":[{"value":114,"label":"Airlines and Aviation"},{"value":105,"label":"Europe and UK"},{"value":1287,"label":"Podcast"}]},"featured_image_src":null,"featured_image_src_square":null,"mfb_rest_fields":["featured_image_src_large","author_info","comment_info","category_info","tag_info","taxonomy_info","featured_image_src","featured_image_src_square"],"_links":{"self":[{"href":"https:\/\/gbta.org\/pt\/wp-json\/wp\/v2\/posts\/2045","targetHints":{"allow":["GET"]}}],"collection":[{"href":"https:\/\/gbta.org\/pt\/wp-json\/wp\/v2\/posts"}],"about":[{"href":"https:\/\/gbta.org\/pt\/wp-json\/wp\/v2\/types\/post"}],"author":[{"embeddable":true,"href":"https:\/\/gbta.org\/pt\/wp-json\/wp\/v2\/users\/25"}],"replies":[{"embeddable":true,"href":"https:\/\/gbta.org\/pt\/wp-json\/wp\/v2\/comments?post=2045"}],"version-history":[{"count":0,"href":"https:\/\/gbta.org\/pt\/wp-json\/wp\/v2\/posts\/2045\/revisions"}],"wp:attachment":[{"href":"https:\/\/gbta.org\/pt\/wp-json\/wp\/v2\/media?parent=2045"}],"wp:term":[{"taxonomy":"category","embeddable":true,"href":"https:\/\/gbta.org\/pt\/wp-json\/wp\/v2\/categories?post=2045"},{"taxonomy":"post_tag","embeddable":true,"href":"https:\/\/gbta.org\/pt\/wp-json\/wp\/v2\/tags?post=2045"}],"curies":[{"name":"wp","href":"https:\/\/api.w.org\/{rel}","templated":true}]}}