{"id":2059,"date":"2022-07-20T09:58:46","date_gmt":"2022-07-20T13:58:46","guid":{"rendered":"https:\/\/gbta.org\/newsletter-enero-2019\/"},"modified":"2022-08-11T11:35:10","modified_gmt":"2022-08-11T15:35:10","slug":"newsletter-enero-2019","status":"publish","type":"post","link":"https:\/\/gbta.org\/pt\/newsletter-enero-2019\/","title":{"rendered":"Boletim informativo: janeiro 2019"},"content":{"rendered":"<p><a id=\"story1\" name=\"story1\"><\/a><strong>Confer\u00eancia GBTA 2019 \u2013 Cidade do M\u00e9xico analisar\u00e1 as perspectivas da ind\u00fastria de viagens de neg\u00f3cios para este ano<\/strong><\/p>\n<p><img decoding=\"async\" title=\"\" src=\"https:\/\/gbta.org\/Portals\/0\/Images\/Blog\/2019\/LATAM_Jan19_1.jpg\" alt=\"\" \/><\/p>\n<p>Os desafios das viagens de neg\u00f3cios para 2019 ser\u00e3o um dos pontos medulares da Confer\u00eancia GBTA 2019 \u2013 Ciudad de M\u00e9xico, que ter\u00e1 lugar na Expo Santa F\u00e9, na capital mexicana, de 19 a 21 de mar\u00e7o e na qual participar\u00e1 charlistas de grande qualidade, al\u00e9m de oferecer sess\u00f5es e oportunidades de neg\u00f3cios que preencher\u00e3o as expectativas dos assistentes.<\/p>\n<p>As sess\u00f5es educativas abordar\u00e3o temas de grande atualidade como: tecnologia e inova\u00e7\u00e3o, gest\u00e3o de riscos corporativos, o futuro das viagens gerenciadas na Am\u00e9rica Latina, reuni\u00f5es e gest\u00e3o de eventos.<\/p>\n<p>Espera-se a assist\u00eancia de uma grande quantidade de gerentes e fornecedores de viagens, tanto do M\u00e9xico quanto da regi\u00e3o latino-americana, especialmente da Argentina, Brasil, Col\u00f4mbia, Costa Rica, El Salvador, Estados Unidos e Panam\u00e1. Para maior informa\u00e7\u00e3o,\u00a0\u00a0<a href=\"https:\/\/mexicoconference.gbta.org\/Sobre\">haga clique aqui<\/a>.<br \/>\n<a id=\"story2\" name=\"story2\"><\/a><strong>Chicago far\u00e1 a bienvenida na Conven\u00e7\u00e3o GBTA 2019<\/strong><\/p>\n<p><img decoding=\"async\" title=\"\" src=\"https:\/\/gbta.org\/Portals\/0\/Images\/Blog\/2019\/LATAM_Jan19_2.jpg\" alt=\"\" \/><\/p>\n<p>O maior evento de viagens de neg\u00f3cios em n\u00edvel global, a Conven\u00e7\u00e3o GBTA, acontecer\u00e1 em Chicago de 3 a 7 de agosto de 2019. O cen\u00e1rio ser\u00e1 o McCormick Place, o Centro de Conven\u00e7\u00f5es mais grande da Am\u00e9rica do Norte, o qual receber\u00e1 cerca de de 7.000 profissionais em viagens de neg\u00f3cios de mais de 50 pa\u00edses e tender\u00e1 a mais de 400 empresas expositoras e uma ampla sele\u00e7\u00e3o de oportunidades de desenvolvimento profissional.<\/p>\n<p>Hoje a ind\u00fastria de viagens de neg\u00f3cios exige mobilidade em um ambiente de muita acelera\u00e7\u00e3o, expressando um desejo por uma experi\u00eancia de viagem mais personalizada e teniendo que aborde os riscos associados junto a um contexto tecnol\u00f3gico, ambiental e geopol\u00edtico particular. Tudo isso representa novos desafios e oportunidades para os profissionais de viagens de neg\u00f3cios.<\/p>\n<p>\u00c9 por isso que a edi\u00e7\u00e3o n\u00famero 51 do Evento do Ano em Viagens de Neg\u00f3cio se dirigir\u00e1 para abordar esses grandes temas e oferecer uma plataforma ampliada para o interc\u00e2mbio de pr\u00e1ticas, pol\u00edticas e solu\u00e7\u00f5es para os mismos.<\/p>\n<p>Junto com a Conven\u00e7\u00e3o, este ano ocorrer\u00e1 o WINiT Summit 2019 \u2013 Chicago, um evento de um dia de dura\u00e7\u00e3o, que ser\u00e1 realizado no s\u00e1bado, 3 de agosto, e todos os profissionais de todos os n\u00edveis ser\u00e3o reunidos com o prop\u00f3sito de mudar especificamente as carreiras e a vida das mulheres nas ind\u00fastrias relacionadas \u00e0 viagem de neg\u00f3cios.<\/p>\n<p>O registro est\u00e1 atualmente aberto com oportunidade de tarifa preferencial temprana antes de 22 de janeiro. Aplique um desconto de $100 para quem se inscrever tanto na conven\u00e7\u00e3o como no WINiT Summit 2019 \u2013 Chicago. Informa\u00e7\u00f5es do prefeito em:\u00a0<a href=\"https:\/\/gbta.org\/pt\/news-and-advocacy\/newsroom\/gbta-convention-2019-coming-to-chicago\/\">https:\/\/gbta.org\/news-and-advocacy\/newsroom\/gbta-convention-2019-coming-to-chicago<\/a><\/p>\n<p>&nbsp;<\/p>\n<p><a id=\"story3\" name=\"story3\"><\/a><strong>O est\u00fadio de GBTA mostra o que \u00e9 t\u00e3o qualificado para a ind\u00fastria de viagens de neg\u00f3cios para cumprir o regulamento de prote\u00e7\u00e3o de dados da Uni\u00e3o Europeia<\/strong><\/p>\n<p><img decoding=\"async\" title=\"\" src=\"https:\/\/gbta.org\/Portals\/0\/Images\/Blog\/2019\/LATAM_Jan19_3.jpg\" alt=\"\" \/><br \/>\nEm 25 de maio de 2018, o Regulamento Geral de Prote\u00e7\u00e3o de Dados (GDPR) entrou em vigor para fortalecer a coleta, transfer\u00eancia e prote\u00e7\u00e3o de dados pessoais de cidad\u00e3os e residentes europeus. Devido a que esta regulamenta\u00e7\u00e3o tem um impacto internacional, todas as organiza\u00e7\u00f5es que realizam neg\u00f3cios com a Uni\u00e3o Europeia devem cumprir o GDPR.<\/p>\n<p>Foi por isso que GBTA, em associa\u00e7\u00e3o com Cvent, realizou uma consulta com veteranos das ind\u00fastrias de viagens, reuni\u00f5es e eventos baseados em EE.UU., cujo objetivo era compreender como os profissionais dessas ind\u00fastrias est\u00e3o se preparando para cumprir e operar abaixo este regulamento.<\/p>\n<p>O 46% dos entrevistados sinalizou que estava algo ou muito preocupado com o fato de sua organiza\u00e7\u00e3o cumprir esse regulamento para 25 de maio. No entanto, entre um 73% e um 77% dos entrevistados demonstram confian\u00e7a de que sua empresa o faria em aspectos como relat\u00f3rio, armazenamento, coleta, remo\u00e7\u00e3o e consentimento de dados.<\/p>\n<p>O 60% sinalizou tamb\u00e9m que sua organiza\u00e7\u00e3o conta com mais de um equipamento para o cumprimento dos esfor\u00e7os que exigem essa regulamenta\u00e7\u00e3o. Esses esfor\u00e7os s\u00e3o refletidos em: mudan\u00e7as no idioma do contrato para garantir o cumprimento (45%), nomea\u00e7\u00e3o de uma pessoa ou equipamento para prote\u00e7\u00e3o de dados (39%), estabelecimento de mudan\u00e7as no armazenamento de dados (37%) e na coleta de dados ( 35%), assim como a incorpora\u00e7\u00e3o da nova tecnologia para o cumprimento (18%).<\/p>\n<p>Chamamos a aten\u00e7\u00e3o, no entanto, que o 29% dos entrevistados n\u00e3o atendeu tanto aos esfor\u00e7os de cumprimento de suas empresas.<\/p>\n<p>Os conselhos para o cumprimento s\u00e3o: atuar agora (o risco de incumprimento \u00e9 muito alto), trabalhar com equipes e especialistas externos para avaliar as necessidades; Mesmo que n\u00e3o haja rela\u00e7\u00e3o de eventos com pa\u00edses da Uni\u00e3o Europeia, \u00e9 importante conhecer a regulamenta\u00e7\u00e3o e considerar a ado\u00e7\u00e3o dos lineamentos do GDPR como uma boa pr\u00e1tica.<\/p>\n<p>&nbsp;<\/p>\n<p><a id=\"story4\" name=\"story4\"><\/a><strong>Como ser\u00e1 o programa de viagens em 2030<\/strong><\/p>\n<p><img decoding=\"async\" title=\"\" src=\"https:\/\/gbta.org\/Portals\/0\/Images\/Blog\/2019\/LATAM_Jan19_4.jpg\" alt=\"\" \/><br \/>\nCystal Interactive, fornecedor especializado em tecnologia de eventos, foi o anfitri\u00e3o de uma chuva de ideias durante a Confer\u00eancia GBTA Berlim 2018 em parceria com VDR, com o objetivo de descobrir as grandes ideias da ind\u00fastria sobre como os programas de viagens evolucionar\u00e3o na pr\u00f3xima d\u00e9cada.<\/p>\n<p>Chris Elmit, diretor administrativo da Crystal Interactive, abriu a discuss\u00e3o perguntando a cerca de 1.000 delegados integrados em 100 mesas, com o objetivo de focar suas mentes coletivas nas grandes mudan\u00e7as e inova\u00e7\u00f5es que ocorrer\u00e3o entre agora e 2030 a partir da perspectiva do viajante, o provedor, o comprador e a tecnologia.<\/p>\n<p>Ent\u00e3o, como ser\u00e1 o programa de viagens para 2030, ap\u00f3s os delegados da confer\u00eancia de Berlim?<\/p>\n<p>Da perspectiva do viajante, os itiner\u00e1rios ser\u00e3o mais personalizados e alterados de acordo com informa\u00e7\u00f5es sobre o comportamento ou o impacto em tempo real dos eventos globais. Encontre uma solu\u00e7\u00e3o para n\u00e3o ter que levar horas variadas com anteced\u00eancia ao aeroporto para passar o controle de seguran\u00e7a e a viagem de neg\u00f3cios ser\u00e1 sem efic\u00e1cia, automatizada e guiada por dados. Desde a experi\u00eancia do fornecedor, a viagem de neg\u00f3cios ser\u00e1 marcada em uma esfera de consci\u00eancia ambiental, com um forte enfoque em elei\u00e7\u00f5es sustent\u00e1veis que cumpram os requisitos de responsabilidade social para compartilhar ve\u00edculos el\u00e9tricos ou contar com noites de hot\u00e9is livres de carbono.<\/p>\n<p>Da perspectiva de quem compra viagens de neg\u00f3cios, seu papel ser\u00e1 mais automatizado e \u00faltimamente substitu\u00eddo por intelig\u00eancia artificial (sem embargo, ser\u00e1 necess\u00e1rio ense\u00f1arle a intelig\u00eancia artificial para fazer escolhas mais ambientalmente amig\u00e1veis). Qualquer pessoa que desenvolver tecnologia mais em 2030 se concentrar\u00e1 em reduzir o tempo de viagens, simplificando o processo entero com conex\u00f5es ininterruptas, treinando a intelig\u00eancia artificial com dados de comportamento e an\u00e1lise preditiva e esperando secretamente que algu\u00e9m, em algum lugar, seja capaz de inventar o teletransporte.<\/p>","protected":false},"excerpt":{"rendered":"<p>Confer\u00eancia GBTA 2019 \u2013 Ciudad de M\u00e9xico analisar\u00e1 as perspectivas da ind\u00fastria de viagens de neg\u00f3cios para este ano Os desafios das viagens de neg\u00f3cios para 2019 ser\u00e3o um dos pontos medulares da Confer\u00eancia GBTA 2019 \u2013 Ciudad de M\u00e9xico, que ter\u00e1 lugar em Expo Santa F\u00e9, na capital\u2026<\/p>","protected":false},"author":25,"featured_media":0,"comment_status":"open","ping_status":"open","sticky":false,"template":"","format":"standard","meta":{"_acf_changed":false,"_seopress_robots_primary_cat":"","_seopress_titles_title":"","_seopress_titles_desc":"","_seopress_robots_index":"","om_disable_all_campaigns":false,"_relevanssi_hide_post":"","_relevanssi_hide_content":"","_relevanssi_pin_for_all":"","_relevanssi_pin_keywords":"","_relevanssi_unpin_keywords":"","_relevanssi_related_keywords":"","_relevanssi_related_include_ids":"","_relevanssi_related_exclude_ids":"","_relevanssi_related_no_append":"","_relevanssi_related_not_related":"","_relevanssi_related_posts":"","_relevanssi_noindex_reason":"","_kad_blocks_custom_css":"","_kad_blocks_head_custom_js":"","_kad_blocks_body_custom_js":"","_kad_blocks_footer_custom_js":"","_kad_post_transparent":"","_kad_post_title":"","_kad_post_layout":"","_kad_post_sidebar_id":"","_kad_post_content_style":"","_kad_post_vertical_padding":"","_kad_post_feature":"","_kad_post_feature_position":"","_kad_post_header":false,"_kad_post_footer":false,"footnotes":"","_links_to":"","_links_to_target":""},"categories":[37],"tags":[1190],"class_list":["post-2059","post","type-post","status-publish","format-standard","hentry","category-research-and-travel-trends","tag-latamnewsletter"],"acf":[],"featured_image_src_large":false,"author_info":{"display_name":"jcampbell","author_link":"https:\/\/gbta.org\/pt\/author\/jcampbell\/"},"comment_info":"","category_info":[{"term_id":37,"name":"Research and Travel Trends","slug":"research-and-travel-trends","term_group":0,"term_taxonomy_id":37,"taxonomy":"category","description":"","parent":0,"count":966,"filter":"raw","cat_ID":37,"category_count":966,"category_description":"","cat_name":"Research and Travel Trends","category_nicename":"research-and-travel-trends","category_parent":0}],"tag_info":[{"term_id":1190,"name":"LATAMnewsletter","slug":"latamnewsletter","term_group":0,"term_taxonomy_id":1190,"taxonomy":"post_tag","description":"","parent":0,"count":30,"filter":"raw"}],"taxonomy_info":{"category":[{"value":37,"label":"Research and Travel Trends"}],"post_tag":[{"value":1190,"label":"LATAMnewsletter"}]},"featured_image_src":null,"featured_image_src_square":null,"mfb_rest_fields":["featured_image_src_large","author_info","comment_info","category_info","tag_info","taxonomy_info","featured_image_src","featured_image_src_square"],"_links":{"self":[{"href":"https:\/\/gbta.org\/pt\/wp-json\/wp\/v2\/posts\/2059","targetHints":{"allow":["GET"]}}],"collection":[{"href":"https:\/\/gbta.org\/pt\/wp-json\/wp\/v2\/posts"}],"about":[{"href":"https:\/\/gbta.org\/pt\/wp-json\/wp\/v2\/types\/post"}],"author":[{"embeddable":true,"href":"https:\/\/gbta.org\/pt\/wp-json\/wp\/v2\/users\/25"}],"replies":[{"embeddable":true,"href":"https:\/\/gbta.org\/pt\/wp-json\/wp\/v2\/comments?post=2059"}],"version-history":[{"count":0,"href":"https:\/\/gbta.org\/pt\/wp-json\/wp\/v2\/posts\/2059\/revisions"}],"wp:attachment":[{"href":"https:\/\/gbta.org\/pt\/wp-json\/wp\/v2\/media?parent=2059"}],"wp:term":[{"taxonomy":"category","embeddable":true,"href":"https:\/\/gbta.org\/pt\/wp-json\/wp\/v2\/categories?post=2059"},{"taxonomy":"post_tag","embeddable":true,"href":"https:\/\/gbta.org\/pt\/wp-json\/wp\/v2\/tags?post=2059"}],"curies":[{"name":"wp","href":"https:\/\/api.w.org\/{rel}","templated":true}]}}