{"id":2151,"date":"2019-07-01T09:59:00","date_gmt":"2019-07-01T13:59:00","guid":{"rendered":"https:\/\/gbta.org\/message-from-the-office-of-the-president-gbta-convention-2019-update\/"},"modified":"2022-10-01T05:21:18","modified_gmt":"2022-10-01T09:21:18","slug":"message-from-the-office-of-the-president-gbta-convention-2019-update","status":"publish","type":"post","link":"https:\/\/gbta.org\/pt\/message-from-the-office-of-the-president-gbta-convention-2019-update\/","title":{"rendered":"Mensagem do Gabinete do Presidente \u2013 Atualiza\u00e7\u00e3o da Conven\u00e7\u00e3o GBTA 2019"},"content":{"rendered":"<p>*Esta postagem tamb\u00e9m foi enviada por e-mail aos membros do GBTA.*<\/p>\n<p style=\"line-height: 15.0pt\"><span style=\"font-size: 10.5pt;font-family: 'Arial',sans-serif\">Estamos na reta final da Conven\u00e7\u00e3o GBTA 2019 e enquanto trabalhamos diligentemente para garantir que esta seja a melhor Conven\u00e7\u00e3o de todos os tempos; ainda estamos trabalhando em muitos outros projetos. Veja abaixo uma breve atualiza\u00e7\u00e3o sobre os \u00faltimos acontecimentos do GBTA.<\/span><\/p>\n<p><strong><span style=\"font-family: 'Arial',sans-serif\">Conven\u00e7\u00e3o<\/span><\/strong><span style=\"font-size: 10.5pt;font-family: 'Arial',sans-serif\"><br \/>\nMais uma vez temos uma experi\u00eancia de Conven\u00e7\u00e3o lotada planejada para todos os participantes. De volta por demanda popular, sediaremos o <a href=\"https:\/\/www3.gbta.org\/e\/5572\/end-GBTA-Awareness-5K-Run-Walk\/6btb55\/2438216224?h=ArPWi14j0ospFxQ2GC2bRDwqsaiQrl_TfbPwR-HLMPg\">Conscientiza\u00e7\u00e3o GBTA 5K Corrida\/Caminhada<\/a>, possibilitado pela American Airlines, para arrecadar fundos para ajudar a acabar com o tr\u00e1fico de crian\u00e7as. Desfrute de uma corrida \u2013 ou caminhada \u2013 pelo belo porto de Chicago Burnham, enquanto apoia uma causa importante no setor de viagens de neg\u00f3cios. Independentemente do seu n\u00edvel de condicionamento f\u00edsico, participe e ajude-nos a manter as crian\u00e7as livres e protegidas do tr\u00e1fico. Voc\u00ea pode se inscrever quando <a href=\"https:\/\/www3.gbta.org\/e\/5572\/Attend-Registration-Rates\/6btb57\/2438216224?h=ArPWi14j0ospFxQ2GC2bRDwqsaiQrl_TfbPwR-HLMPg\">inscri\u00e7\u00e3o para Conven\u00e7\u00e3o<\/a> e se voc\u00ea j\u00e1 se inscreveu na Conven\u00e7\u00e3o, voc\u00ea pode voltar e <a href=\"https:\/\/www3.gbta.org\/e\/5572\/2L0eNtA\/6btb59\/2438216224?h=ArPWi14j0ospFxQ2GC2bRDwqsaiQrl_TfbPwR-HLMPg\">modifique seu cadastro<\/a> e adicione-o.<\/span><\/p>\n<p>Domingo \u00e0 noite realizaremos uma sess\u00e3o de boas-vindas com <a href=\"https:\/\/www3.gbta.org\/e\/5572\/Program-Speakers-Jon-Taffer\/6btb5c\/2438216224?h=ArPWi14j0ospFxQ2GC2bRDwqsaiQrl_TfbPwR-HLMPg\">John Taffer<\/a>, apresentador do Bar Rescue, autor e restauranteur da Spike TV. Taffer \u00e9 uma personalidade din\u00e2mica e divertida que ir\u00e1 encantar nossos participantes. J\u00e1 anunciamos o \u00edcone da m\u00eddia esportiva <a href=\"https:\/\/www3.gbta.org\/e\/5572\/Program-Speakers-Bob-Costas\/6btb5f\/2438216224?h=ArPWi14j0ospFxQ2GC2bRDwqsaiQrl_TfbPwR-HLMPg\">Bob Costas<\/a>; apresentador, produtor e autor <a href=\"https:\/\/www3.gbta.org\/e\/5572\/Program-Speakers-Andy-Cohen\/6btb5h\/2438216224?h=ArPWi14j0ospFxQ2GC2bRDwqsaiQrl_TfbPwR-HLMPg\">Andy Cohen<\/a>; e atriz e humanit\u00e1ria <a href=\"https:\/\/www3.gbta.org\/e\/5572\/Program-Speakers-Ashley-Judd\/6btb5k\/2438216224?h=ArPWi14j0ospFxQ2GC2bRDwqsaiQrl_TfbPwR-HLMPg\">Ashley Judd<\/a> como nossos principais palestrantes do almo\u00e7o na Arena nas segundas, ter\u00e7as e quartas-feiras.<\/p>\n<p>Este ano realizaremos mais uma vez elei\u00e7\u00f5es para o Conselho de Administra\u00e7\u00e3o da GBTA. A lista de candidatos \u00e0s elei\u00e7\u00f5es do Conselho de Administra\u00e7\u00e3o de 2019 pode ser consultada <a href=\"https:\/\/www3.gbta.org\/e\/5572\/a-board-of-directors-nominees-\/6btb5m\/2438216224?h=ArPWi14j0ospFxQ2GC2bRDwqsaiQrl_TfbPwR-HLMPg\">aqui<\/a> e voc\u00ea pode ler o <a href=\"https:\/\/www3.gbta.org\/e\/5572\/gbta-bios-GBTABrochure2019-pdf\/6btb5p\/2438216224?h=ArPWi14j0ospFxQ2GC2bRDwqsaiQrl_TfbPwR-HLMPg\">Folheto eleitoral de 2019<\/a> para obter mais informa\u00e7\u00f5es sobre cada candidato. A vota\u00e7\u00e3o estar\u00e1 aberta a partir de segunda-feira, 5 de agosto, \u00e0s 11h30 CT, at\u00e9 ter\u00e7a-feira, 6 de agosto, \u00e0s 18h00 CT, na Conven\u00e7\u00e3o GBTA no McCormick Place de Chicago. Para votar \u00e0 vista, voc\u00ea deve estar inscrito na Conven\u00e7\u00e3o at\u00e9 23 de julho de 2019.<\/p>\n<p>Se voc\u00ea n\u00e3o puder comparecer \u00e0 Conven\u00e7\u00e3o GBTA 2019 e votar pessoalmente ou preferir votar antecipadamente, poder\u00e1 solicitar uma vota\u00e7\u00e3o ausente. Saiba mais sobre o processo de aus\u00eancia e como solicitar voto <a href=\"https:\/\/www3.gbta.org\/e\/5572\/ot-request-process-now-open-2-\/6btb5r\/2438216224?h=ArPWi14j0ospFxQ2GC2bRDwqsaiQrl_TfbPwR-HLMPg\">aqui<\/a>. O prazo para solicitar o voto a dist\u00e2ncia \u00e9 5 de julho. O prazo para enviar o voto a dist\u00e2ncia \u00e9 29 de julho.<\/p>\n<p><strong><span style=\"font-family: 'Arial',sans-serif\">Atualiza\u00e7\u00f5es do Canad\u00e1<\/span><\/strong><span style=\"font-size: 10.5pt;font-family: 'Arial',sans-serif\"><br \/>\nJ\u00e1 est\u00e3o abertas as inscri\u00e7\u00f5es para o <a href=\"https:\/\/www3.gbta.org\/e\/5572\/a-conference-2019-registration\/6btb5t\/2438216224?h=ArPWi14j0ospFxQ2GC2bRDwqsaiQrl_TfbPwR-HLMPg\">Confer\u00eancia GBTA Oeste do Canad\u00e1 2019<\/a> sendo realizada de 16 a 17 de outubro. Ser\u00e1 nossa primeira confer\u00eancia anual no oeste do Canad\u00e1. Anteriormente conhecida como Simp\u00f3sio de Energia, Recursos e Marinha, a nova confer\u00eancia contar\u00e1 com um programa maior e mais amplo focado nas necessidades distintas e na economia daquela regi\u00e3o.<\/span><\/p>\n<p><strong><span style=\"font-family: 'Arial',sans-serif\">Am\u00e9rica latina<\/span><\/strong><span style=\"font-size: 10.5pt;font-family: 'Arial',sans-serif\"><br \/>\nEm um esfor\u00e7o para fornecer as melhores informa\u00e7\u00f5es e conte\u00fados da maneira mais eficiente, a GBTA realizar\u00e1 dois eventos na Am\u00e9rica Latina em 2019 e no primeiro semestre de 2020: o primeiro ser\u00e1 uma confer\u00eancia em Buenos Aires em 12 de novembro, seguida pela Cidade do M\u00e9xico em Mar\u00e7o de 2020. Para mais informa\u00e7\u00f5es sobre estes eventos, por favor <a href=\"https:\/\/www3.gbta.org\/e\/5572\/ters-and-regions-latin-america\/6btb5w\/2438216224?h=ArPWi14j0ospFxQ2GC2bRDwqsaiQrl_TfbPwR-HLMPg\">Clique aqui<\/a>.<\/span><\/p>\n<p><strong><span style=\"font-family: 'Arial',sans-serif\">Europa<\/span><\/strong><span style=\"font-size: 10.5pt;font-family: 'Arial',sans-serif\"><br \/>\nA GBTA France Masterclass 2019 aconteceu na semana passada e est\u00e1 se destacando como O evento para compradores e fornecedores na cadeia de valor de viagens e MICE. Este evento destacou as \u00faltimas tend\u00eancias e melhores pr\u00e1ticas, ao mesmo tempo que ofereceu uma tremenda oportunidade de networking. Al\u00e9m disso, as inscri\u00e7\u00f5es j\u00e1 est\u00e3o abertas para <a href=\"https:\/\/www3.gbta.org\/e\/5572\/61380554-2033417558-1551282125\/6btb5y\/2438216224?h=ArPWi14j0ospFxQ2GC2bRDwqsaiQrl_TfbPwR-HLMPg\">Confer\u00eancia GBTA 2019 Munique<\/a> sendo realizada de 19 a 21 de novembro.<\/span><\/p>\n<p><strong><span style=\"font-family: 'Arial',sans-serif\">Comit\u00eas Globais<\/span><\/strong><span style=\"font-size: 10.5pt;font-family: 'Arial',sans-serif\"><br \/>\nNossos Comit\u00eas globais trabalham juntos para criar conte\u00fado atraente para a Conven\u00e7\u00e3o GBTA, utilizando os v\u00e1rios especialistas no assunto envolvidos no comit\u00ea, para garantir um programa educacional completo e bem desenvolvido. Voc\u00ea pode encontrar mais informa\u00e7\u00f5es sobre todas as sess\u00f5es educacionais oferecidas pelos comit\u00eas da GBTA durante a Conven\u00e7\u00e3o GBTA 2019. <a href=\"https:\/\/www3.gbta.org\/e\/5572\/word-search-Committee-show-all\/6btb61\/2438216224?h=ArPWi14j0ospFxQ2GC2bRDwqsaiQrl_TfbPwR-HLMPg\">aqui<\/a>. Um grande obrigado a todos os membros que trabalham incansavelmente para fornecer aos participantes o conte\u00fado mais atualizado. As ofertas educacionais da GBTA s\u00e3o incompar\u00e1veis.<\/span><\/p>\n<p>Faremos mais an\u00fancios sobre a Conven\u00e7\u00e3o GBTA, ent\u00e3o fique ligado!<\/p>\n<p style=\"line-height: 15.0pt\"><span style=\"font-size: 10.5pt;font-family: 'Arial',sans-serif\">Espero ver todos voc\u00eas em Chicago.<br \/>\n<\/span><\/p>","protected":false},"excerpt":{"rendered":"<p>*Esta postagem tamb\u00e9m foi enviada por e-mail aos membros do GBTA.* Estamos na reta final da Conven\u00e7\u00e3o GBTA 2019 e enquanto trabalhamos diligentemente para garantir que esta seja a melhor Conven\u00e7\u00e3o de todos os tempos; ainda estamos trabalhando em muitos outros projetos. Veja abaixo uma breve atualiza\u00e7\u00e3o sobre os \u00faltimos acontecimentos do GBTA\u2026.<\/p>","protected":false},"author":25,"featured_media":0,"comment_status":"open","ping_status":"open","sticky":false,"template":"","format":"standard","meta":{"_acf_changed":false,"_seopress_robots_primary_cat":"none","_seopress_titles_title":"","_seopress_titles_desc":"","_seopress_robots_index":"","om_disable_all_campaigns":false,"_relevanssi_hide_post":"","_relevanssi_hide_content":"","_relevanssi_pin_for_all":"","_relevanssi_pin_keywords":"","_relevanssi_unpin_keywords":"","_relevanssi_related_keywords":"","_relevanssi_related_include_ids":"","_relevanssi_related_exclude_ids":"","_relevanssi_related_no_append":"","_relevanssi_related_not_related":"","_relevanssi_related_posts":"4069,2091,6093,1385,2115,1963","_relevanssi_noindex_reason":"","_kad_blocks_custom_css":"","_kad_blocks_head_custom_js":"","_kad_blocks_body_custom_js":"","_kad_blocks_footer_custom_js":"","_kad_post_transparent":"","_kad_post_title":"","_kad_post_layout":"","_kad_post_sidebar_id":"","_kad_post_content_style":"","_kad_post_vertical_padding":"","_kad_post_feature":"","_kad_post_feature_position":"","_kad_post_header":false,"_kad_post_footer":false,"footnotes":"","_links_to":"","_links_to_target":""},"categories":[37],"tags":[],"class_list":["post-2151","post","type-post","status-publish","format-standard","hentry","category-research-and-travel-trends"],"acf":[],"featured_image_src_large":false,"author_info":{"display_name":"jcampbell","author_link":"https:\/\/gbta.org\/pt\/author\/jcampbell\/"},"comment_info":"","category_info":[{"term_id":37,"name":"Research and Travel Trends","slug":"research-and-travel-trends","term_group":0,"term_taxonomy_id":37,"taxonomy":"category","description":"","parent":0,"count":966,"filter":"raw","cat_ID":37,"category_count":966,"category_description":"","cat_name":"Research and Travel Trends","category_nicename":"research-and-travel-trends","category_parent":0}],"tag_info":false,"taxonomy_info":{"category":[{"value":37,"label":"Research and Travel Trends"}]},"featured_image_src":null,"featured_image_src_square":null,"mfb_rest_fields":["featured_image_src_large","author_info","comment_info","category_info","tag_info","taxonomy_info","featured_image_src","featured_image_src_square"],"_links":{"self":[{"href":"https:\/\/gbta.org\/pt\/wp-json\/wp\/v2\/posts\/2151","targetHints":{"allow":["GET"]}}],"collection":[{"href":"https:\/\/gbta.org\/pt\/wp-json\/wp\/v2\/posts"}],"about":[{"href":"https:\/\/gbta.org\/pt\/wp-json\/wp\/v2\/types\/post"}],"author":[{"embeddable":true,"href":"https:\/\/gbta.org\/pt\/wp-json\/wp\/v2\/users\/25"}],"replies":[{"embeddable":true,"href":"https:\/\/gbta.org\/pt\/wp-json\/wp\/v2\/comments?post=2151"}],"version-history":[{"count":0,"href":"https:\/\/gbta.org\/pt\/wp-json\/wp\/v2\/posts\/2151\/revisions"}],"wp:attachment":[{"href":"https:\/\/gbta.org\/pt\/wp-json\/wp\/v2\/media?parent=2151"}],"wp:term":[{"taxonomy":"category","embeddable":true,"href":"https:\/\/gbta.org\/pt\/wp-json\/wp\/v2\/categories?post=2151"},{"taxonomy":"post_tag","embeddable":true,"href":"https:\/\/gbta.org\/pt\/wp-json\/wp\/v2\/tags?post=2151"}],"curies":[{"name":"wp","href":"https:\/\/api.w.org\/{rel}","templated":true}]}}