{"id":2197,"date":"2019-09-09T09:59:00","date_gmt":"2019-09-09T13:59:00","guid":{"rendered":"https:\/\/gbta.org\/opening-center-stage-speaker-announced-for-gbta-western-canada-conference-2019\/"},"modified":"2022-10-01T04:40:31","modified_gmt":"2022-10-01T08:40:31","slug":"opening-center-stage-speaker-announced-for-gbta-western-canada-conference-2019","status":"publish","type":"post","link":"https:\/\/gbta.org\/pt\/opening-center-stage-speaker-announced-for-gbta-western-canada-conference-2019\/","title":{"rendered":"Anunciado o palestrante de abertura do palco central para a GBTA Western Canada Conference 2019"},"content":{"rendered":"<p>Alexandria, VA (9 de setembro de 2019) \u2013 A Global Business Travel Association (GBTA) \u2013 a voz da ind\u00fastria global de viagens de neg\u00f3cios, anunciou hoje Edward Sims, CEO da WestJet, como o palestrante de abertura do Center Stage, na inaugural GBTA Western Canada Confer\u00eancia, que ser\u00e1 realizada de 16 a 17 de outubro em Calgary.<\/p>\n<p>Os Sims subir\u00e3o ao palco na tarde de quarta-feira, 16 de outubro, com o rec\u00e9m-eleito presidente da GBTA, Bhart Sarin, para discutir as \u00faltimas tend\u00eancias na avia\u00e7\u00e3o e o impacto atual nos viajantes de neg\u00f3cios e compradores de viagens.<\/p>\n<p>Como presidente e CEO da WestJet, Sims \u00e9 respons\u00e1vel tanto pela dire\u00e7\u00e3o estrat\u00e9gica da companhia a\u00e9rea quanto pelas suas opera\u00e7\u00f5es di\u00e1rias. Com mais de 30 anos de experi\u00eancia na ind\u00fastria do turismo e da avia\u00e7\u00e3o, nos mercados europeu e australiano, esta sess\u00e3o promete dar uma vis\u00e3o sobre os desafios e oportunidades em toda a ind\u00fastria a\u00e9rea.<\/p>\n<p>A WestJet \u00e9 uma grande hist\u00f3ria de sucesso canadense \u2013 come\u00e7ou como uma companhia a\u00e9rea de baixo custo e agora evoluiu para uma companhia a\u00e9rea de servi\u00e7o completo servindo mais de 100 destinos\u201d, disse Scott Solombrino, Diretor Executivo e COO da GBTA. \u201cSei que nossos delegados estar\u00e3o ansiosos para ouvir mais sobre sua transforma\u00e7\u00e3o e crescimento de neg\u00f3cios. Estou ansioso para ouvir a perspectiva de Ed sobre o que vem por a\u00ed para a empresa e como isso afetar\u00e1 o cen\u00e1rio das viagens de neg\u00f3cios.\u201d<\/p>\n<p>A Confer\u00eancia GBTA Western Canada ser\u00e1 realizada no rec\u00e9m-inaugurado Westin Calgary Airport Hotel, reunindo mais de 300 profissionais de viagens de neg\u00f3cios da Col\u00fambia Brit\u00e2nica, Alberta, Saskatchewan e Manitoba. Esta confer\u00eancia altamente antecipada abordar\u00e1 as necessidades e tend\u00eancias em evolu\u00e7\u00e3o da gest\u00e3o de viagens de neg\u00f3cios e reuni\u00f5es, exclusivas do oeste do Canad\u00e1.<\/p>\n<p>As inscri\u00e7\u00f5es para participantes est\u00e3o abertas, inscreva-se at\u00e9 11 de setembro para economizar. Para mais detalhes visite <a href=\"https:\/\/gbta.org\/pt\/calendar\/programs-by-location\/north-america\/gbta-western-canada-conference-2019\/#agenda\">gbta.org.<\/a><\/p>\n<p><strong>Sobre a Global Business Travel Association<br \/>\n<\/strong>A Global Business Travel Association (GBTA) \u00e9 a principal organiza\u00e7\u00e3o comercial de viagens de neg\u00f3cios e reuni\u00f5es do mundo, com sede na \u00e1rea de Washington, DC, com opera\u00e7\u00f5es em seis continentes. Os mais de 10.000 membros do GBTA gerenciam mais de $345 bilh\u00f5es de despesas globais com viagens e reuni\u00f5es de neg\u00f3cios anualmente. GBTA oferece educa\u00e7\u00e3o, eventos, pesquisa, advocacia e m\u00eddia de classe mundial para uma rede global crescente de mais de 28.000 profissionais de viagens e 125.000 contatos ativos. Para saber como as viagens de neg\u00f3cios impulsionam o crescimento duradouro dos neg\u00f3cios, visite&nbsp;<a href=\"https:\/\/gbta.org\/pt\/Pages\/default.aspx\/\">gbta.org<\/a>.<\/p>","protected":false},"excerpt":{"rendered":"<p>Alexandria, VA (9 de setembro de 2019) \u2013 A Global Business Travel Association (GBTA) \u2013 a voz da ind\u00fastria global de viagens de neg\u00f3cios, anunciou hoje Edward Sims, CEO da WestJet, como o palestrante de abertura do Center Stage, na inaugural GBTA Western Canada Confer\u00eancia, que ser\u00e1 realizada de 16 a 17 de outubro em Calgary. Os Sims subir\u00e3o ao palco em\u2026<\/p>","protected":false},"author":25,"featured_media":0,"comment_status":"open","ping_status":"open","sticky":false,"template":"","format":"standard","meta":{"_acf_changed":false,"_seopress_robots_primary_cat":"none","_seopress_titles_title":"","_seopress_titles_desc":"","_seopress_robots_index":"","om_disable_all_campaigns":false,"_relevanssi_hide_post":"","_relevanssi_hide_content":"","_relevanssi_pin_for_all":"","_relevanssi_pin_keywords":"","_relevanssi_unpin_keywords":"","_relevanssi_related_keywords":"","_relevanssi_related_include_ids":"","_relevanssi_related_exclude_ids":"","_relevanssi_related_no_append":"","_relevanssi_related_not_related":"","_relevanssi_related_posts":"4069,2509,6093,1775,1797,2480","_relevanssi_noindex_reason":"","_kad_blocks_custom_css":"","_kad_blocks_head_custom_js":"","_kad_blocks_body_custom_js":"","_kad_blocks_footer_custom_js":"","_kad_post_transparent":"","_kad_post_title":"","_kad_post_layout":"","_kad_post_sidebar_id":"","_kad_post_content_style":"","_kad_post_vertical_padding":"","_kad_post_feature":"","_kad_post_feature_position":"","_kad_post_header":false,"_kad_post_footer":false,"footnotes":"","_links_to":"","_links_to_target":""},"categories":[375,45],"tags":[],"class_list":["post-2197","post","type-post","status-publish","format-standard","hentry","category-canada","category-news-and-press-releases"],"acf":[],"featured_image_src_large":false,"author_info":{"display_name":"jcampbell","author_link":"https:\/\/gbta.org\/pt\/author\/jcampbell\/"},"comment_info":"","category_info":[{"term_id":375,"name":"Canada","slug":"canada","term_group":0,"term_taxonomy_id":375,"taxonomy":"category","description":"","parent":0,"count":61,"filter":"raw","cat_ID":375,"category_count":61,"category_description":"","cat_name":"Canada","category_nicename":"canada","category_parent":0},{"term_id":45,"name":"News and Press Releases","slug":"news-and-press-releases","term_group":0,"term_taxonomy_id":45,"taxonomy":"category","description":"","parent":0,"count":540,"filter":"raw","cat_ID":45,"category_count":540,"category_description":"","cat_name":"News and Press Releases","category_nicename":"news-and-press-releases","category_parent":0}],"tag_info":false,"taxonomy_info":{"category":[{"value":375,"label":"Canada"},{"value":45,"label":"News and Press Releases"}]},"featured_image_src":null,"featured_image_src_square":null,"mfb_rest_fields":["featured_image_src_large","author_info","comment_info","category_info","tag_info","taxonomy_info","featured_image_src","featured_image_src_square"],"_links":{"self":[{"href":"https:\/\/gbta.org\/pt\/wp-json\/wp\/v2\/posts\/2197","targetHints":{"allow":["GET"]}}],"collection":[{"href":"https:\/\/gbta.org\/pt\/wp-json\/wp\/v2\/posts"}],"about":[{"href":"https:\/\/gbta.org\/pt\/wp-json\/wp\/v2\/types\/post"}],"author":[{"embeddable":true,"href":"https:\/\/gbta.org\/pt\/wp-json\/wp\/v2\/users\/25"}],"replies":[{"embeddable":true,"href":"https:\/\/gbta.org\/pt\/wp-json\/wp\/v2\/comments?post=2197"}],"version-history":[{"count":0,"href":"https:\/\/gbta.org\/pt\/wp-json\/wp\/v2\/posts\/2197\/revisions"}],"wp:attachment":[{"href":"https:\/\/gbta.org\/pt\/wp-json\/wp\/v2\/media?parent=2197"}],"wp:term":[{"taxonomy":"category","embeddable":true,"href":"https:\/\/gbta.org\/pt\/wp-json\/wp\/v2\/categories?post=2197"},{"taxonomy":"post_tag","embeddable":true,"href":"https:\/\/gbta.org\/pt\/wp-json\/wp\/v2\/tags?post=2197"}],"curies":[{"name":"wp","href":"https:\/\/api.w.org\/{rel}","templated":true}]}}