{"id":2210,"date":"2019-11-21T09:59:00","date_gmt":"2019-11-21T14:59:00","guid":{"rendered":"https:\/\/gbta.org\/sustainability-traveller-wellbeing-and-the-latest-innovative-solutions-were-the-hot-topics-of-gbta-conference-2019-munich-in-partnership-with-vdr\/"},"modified":"2022-10-01T04:34:06","modified_gmt":"2022-10-01T08:34:06","slug":"sustainability-traveller-wellbeing-and-the-latest-innovative-solutions-were-the-hot-topics-of-gbta-conference-2019-munich-in-partnership-with-vdr","status":"publish","type":"post","link":"https:\/\/gbta.org\/pt\/sustainability-traveller-wellbeing-and-the-latest-innovative-solutions-were-the-hot-topics-of-gbta-conference-2019-munich-in-partnership-with-vdr\/","title":{"rendered":"Sustentabilidade, bem-estar do viajante e as mais recentes solu\u00e7\u00f5es inovadoras foram os principais t\u00f3picos da GBTA Conference 2019 Munique em parceria com a VDR"},"content":{"rendered":"<p><strong>Munique, Alemanha<\/strong> (21 de novembro de 2019) \u2013 A Global Business Travel Association (GBTA) \u2013 a voz da ind\u00fastria global de viagens de neg\u00f3cios \u2013 e a associa\u00e7\u00e3o alem\u00e3 de compradores de viagens de neg\u00f3cios VDR \u2013 encerraram sua sexta confer\u00eancia conjunta de sucesso na Europa esta semana com participa\u00e7\u00e3o recorde e os melhores educa\u00e7\u00e3o de alto n\u00edvel.<\/p>\n<p>A confer\u00eancia foi aberta com um discurso da Baronesa Manningham-Buller, ex-chefe do MI5, sobre lideran\u00e7a em tempos de press\u00e3o. O Center Stage organizou duas sess\u00f5es instigantes do setor - Aviation Hour come\u00e7ou com uma entrevista com Randy. J. Tinseth, vice-presidente de marketing comercial da The Boeing Company e Richard Tams ex-executivo da BA e diretor da Tailwind Advisory Ltd. Nesta entrevista individual, Tinseth compartilhou suas perspectivas sobre a estrat\u00e9gia futura da The Boeing Company, as perspectivas para a avia\u00e7\u00e3o setor e a \u00faltima atualiza\u00e7\u00e3o do Boeing 737 Max.<\/p>\n<p>A entrevista foi seguida por um painel de discuss\u00e3o no qual Tams foi acompanhado no palco por Thomas Haagensen, Diretor de Mercados do Grupo da easyJet Europe e J\u00fcrgen Siebenrock, Vice-Presidente de Vendas e Servi\u00e7os Mercados Dom\u00e9sticos e Gest\u00e3o Global de Contas Chave do Grupo Lufthansa. Foi abordada uma vasta gama de t\u00f3picos, incluindo o plano de sustentabilidade da easyJet para ser neutra em carbono at\u00e9 2050 e a \u00faltima atualiza\u00e7\u00e3o da Lufthansa sobre NDC.<\/p>\n<p>O painel de acomoda\u00e7\u00f5es acompanhou e incluiu executivos da HRS, Booking.com, Accor e BWG Hotel Group para discutir como este setor est\u00e1 evoluindo. Moderado pelo presidente da GBTA, Bhart Sarin, o painel discutiu como este setor est\u00e1 evoluindo para atender aos novos viajantes de neg\u00f3cios, considerando as mudan\u00e7as nas demandas em termos de conte\u00fado, consumeriza\u00e7\u00e3o; personaliza\u00e7\u00e3o e a necessidade de simplifica\u00e7\u00e3o. O painel incluiu Dorothy Dowling, vice-presidente s\u00eanior e diretora de marketing do BWH Hotel Group, Xavier Fluitman, diretor regional da Booking.com, Daniela Schade, diretora administrativa dos hot\u00e9is Accor e Tobias Ragge, CEO do HRS Group.<\/p>\n<p>O Arena Luncheon contou com a participa\u00e7\u00e3o do palestrante Andreas Ekstrom, premiado jornalista sueco, autor e futurista digital que compartilhou sua vis\u00e3o da revolu\u00e7\u00e3o digital em uma palestra perspicaz \u2013 Sete maneiras de possuir o mundo.<\/p>\n<p>A sess\u00e3o interativa Big Idea explorou as quest\u00f5es relacionadas \u00e0 sustentabilidade e como a ind\u00fastria de viagens de neg\u00f3cios pode enfrentar os desafios como compradores, fornecedores e viajantes de neg\u00f3cios.<\/p>\n<p>O programa educacional ofereceu aos profissionais de viagens de neg\u00f3cios mais oportunidades de aprendizagem do que nunca, com trinta sess\u00f5es ao longo dos tr\u00eas dias. Os participantes assistiram a sess\u00f5es educativas de alto n\u00edvel que abrangeram tudo, desde a cria\u00e7\u00e3o de um programa de viagens sustent\u00e1vel at\u00e9 ao envolvimento dos viajantes e atualiza\u00e7\u00f5es do NDC.<\/p>\n<p>A confer\u00eancia foi conclu\u00edda com uma palestra esclarecedora de Svend Leirvaag da Amadeus sobre como o mundo das viagens de neg\u00f3cios est\u00e1 mudando, seguida por uma sess\u00e3o de perguntas e respostas com Russell Patten, CEO da empresa de defesa da GBTA, Grayling Brussells. Seguiu-se um painel sobre Centricidade Corporativa, mostrando como as viagens devem estar alinhadas com os objetivos estrat\u00e9gicos de outros departamentos para agregar mais valor. A vice-presidente de marketing global da BCD, Anja Turner, foi acompanhada por Ralf Uwe Schmitt, chefe corporativo de sustentabilidade, Getinge, e Ralf Kania, diretor, chefe de benef\u00edcios corporativos, Merck KGaA.<\/p>\n<p>A Expo contou com mais de 50 expositores e v\u00e1rios fornecedores fizeram an\u00fancios de \u00faltimas not\u00edcias como parte de nossa recep\u00e7\u00e3o \u00e0 m\u00eddia. O Bazar do Conhecimento apresentou uma ampla gama de temas, permitindo que os compradores de viagens participassem de sess\u00f5es interessantes e relevantes para eles.<\/p>\n<p>A \u00faltima noite foi palco do \u201cBig Night Out\u201d, o festival de novembro do GBTA, uma noite b\u00e1vara com banda ao vivo, dan\u00e7arinos de tapa e exibi\u00e7\u00e3o de chicote; uma excelente forma de os profissionais da ind\u00fastria de viagens de toda a Europa estabelecerem contactos num ambiente informal.<\/p>\n<p><em>\u201cO tema da confer\u00eancia deste ano foi &#039;evoluir&#039; e o nosso programa foi concebido para mostrar como o mundo e a nossa ind\u00fastria est\u00e3o a evoluir e o que os profissionais de viagens de neg\u00f3cios devem fazer para responder a isso. Tivemos quase 100 oradores de toda a Europa que partilharam os seus conhecimentos e experi\u00eancias para realizar a nossa melhor confer\u00eancia at\u00e9 agora. Os palestrantes principais, do Servi\u00e7o Secreto Brit\u00e2nico a futuristas digitais e especialistas em comunica\u00e7\u00e3o, deram a todos os delegados aprendizados \u00fateis e pr\u00e1ticos para retomarem seus cargos. \u201ccomentou Catherine Logan, vice-presidente regional \u2013 EMEA GBTA. <\/em><\/p>\n<p><em>\u201cMais de 1.000 participantes, palestrantes de primeira classe, os t\u00f3picos mais recentes do mundo das viagens de neg\u00f3cios, sess\u00f5es emocionantes e expositores satisfeitos fizeram da sexta confer\u00eancia conjunta da GBTA e VDR a mais bem-sucedida at\u00e9 agora. O evento foi mais uma vez uma express\u00e3o da forte parceria entre as duas associa\u00e7\u00f5es com o objectivo de ajudar a moldar as condi\u00e7\u00f5es de enquadramento para a mobilidade empresarial hoje e no futuro\u201d, afirmou Hans-Ingo Biehl, Director Executivo da VDR.<\/em><\/p>\n<p>A GBTA e a VDR esperam acolher novamente a confer\u00eancia no pr\u00f3ximo ano e receber os profissionais de viagens de neg\u00f3cios de toda a Europa em Frankfurt \u2013 Wiesbaden, de 3 a 5 de novembro de 2020.<\/p>\n<p>Para mais informa\u00e7\u00f5es sobre a Confer\u00eancia GBTA 2019 Munique acesse <a href=\"https:\/\/gbta.org\/pt\/europeconference\/\">https:\/\/gbta.org\/europeconference<\/a><\/p>\n<p><strong>Sobre a Global Business Travel Association<\/strong><br \/>\nA Global Business Travel Association (GBTA) \u00e9 a principal organiza\u00e7\u00e3o comercial de viagens de neg\u00f3cios e reuni\u00f5es do mundo, com sede na \u00e1rea de Washington, DC, com opera\u00e7\u00f5es em seis continentes. Os mais de 9.000 membros do GBTA gerenciam mais de $345 bilh\u00f5es de despesas globais com viagens e reuni\u00f5es de neg\u00f3cios anualmente. GBTA oferece educa\u00e7\u00e3o, eventos, pesquisa, advocacia e m\u00eddia de classe mundial para uma rede global crescente de mais de 28.000 profissionais de viagens e 125.000 contatos ativos. Para saber como as viagens de neg\u00f3cios impulsionam o crescimento duradouro dos neg\u00f3cios, visite <a href=\"https:\/\/gbta.org\/pt\/\">gbta.org<\/a>.<\/p>\n<p><strong>Sobre VDR<\/strong><br \/>\nA Associa\u00e7\u00e3o Alem\u00e3 de Viagens de Neg\u00f3cios VDR \u00e9 a associa\u00e7\u00e3o de viagens de neg\u00f3cios na Alemanha. Representa os interesses das empresas alem\u00e3s no que diz respeito \u00e0 estrutura e condi\u00e7\u00f5es competitivas para viagens de neg\u00f3cios e mobilidade. A VDR est\u00e1 comprometida com oportunidades de viagens eficientes, econ\u00f4micas, seguras e mundiais para empresas. Com suas mais de 560 empresas associadas, representa um volume de neg\u00f3cios total no setor de viagens de neg\u00f3cios de mais de doze bilh\u00f5es de euros anuais.<\/p>","protected":false},"excerpt":{"rendered":"<p>Munique, Alemanha (21 de novembro de 2019) \u2013 A Global Business Travel Association (GBTA) \u2013 a voz da ind\u00fastria global de viagens de neg\u00f3cios \u2013 e a associa\u00e7\u00e3o alem\u00e3 de compradores de viagens de neg\u00f3cios VDR \u2013 encerraram sua sexta confer\u00eancia conjunta bem-sucedida na Europa esta semana com recorde assiduidade e educa\u00e7\u00e3o de alto n\u00edvel. A confer\u00eancia foi aberta com um discurso de abertura de\u2026<\/p>","protected":false},"author":25,"featured_media":0,"comment_status":"open","ping_status":"open","sticky":false,"template":"","format":"standard","meta":{"_acf_changed":false,"_seopress_robots_primary_cat":"none","_seopress_titles_title":"","_seopress_titles_desc":"","_seopress_robots_index":"","om_disable_all_campaigns":false,"_relevanssi_hide_post":"","_relevanssi_hide_content":"","_relevanssi_pin_for_all":"","_relevanssi_pin_keywords":"","_relevanssi_unpin_keywords":"","_relevanssi_related_keywords":"","_relevanssi_related_include_ids":"","_relevanssi_related_exclude_ids":"","_relevanssi_related_no_append":"","_relevanssi_related_not_related":"","_relevanssi_related_posts":"4069,2663,1914,6093,1772,1810","_relevanssi_noindex_reason":"","_kad_blocks_custom_css":"","_kad_blocks_head_custom_js":"","_kad_blocks_body_custom_js":"","_kad_blocks_footer_custom_js":"","_kad_post_transparent":"","_kad_post_title":"","_kad_post_layout":"","_kad_post_sidebar_id":"","_kad_post_content_style":"","_kad_post_vertical_padding":"","_kad_post_feature":"","_kad_post_feature_position":"","_kad_post_header":false,"_kad_post_footer":false,"footnotes":"","_links_to":"","_links_to_target":""},"categories":[37,280],"tags":[],"class_list":["post-2210","post","type-post","status-publish","format-standard","hentry","category-research-and-travel-trends","category-sustainability"],"acf":[],"featured_image_src_large":false,"author_info":{"display_name":"jcampbell","author_link":"https:\/\/gbta.org\/pt\/author\/jcampbell\/"},"comment_info":"","category_info":[{"term_id":37,"name":"Research and Travel Trends","slug":"research-and-travel-trends","term_group":0,"term_taxonomy_id":37,"taxonomy":"category","description":"","parent":0,"count":966,"filter":"raw","cat_ID":37,"category_count":966,"category_description":"","cat_name":"Research and Travel Trends","category_nicename":"research-and-travel-trends","category_parent":0},{"term_id":280,"name":"Sustainability","slug":"sustainability","term_group":0,"term_taxonomy_id":280,"taxonomy":"category","description":"","parent":0,"count":130,"filter":"raw","cat_ID":280,"category_count":130,"category_description":"","cat_name":"Sustainability","category_nicename":"sustainability","category_parent":0}],"tag_info":false,"taxonomy_info":{"category":[{"value":37,"label":"Research and Travel Trends"},{"value":280,"label":"Sustainability"}]},"featured_image_src":null,"featured_image_src_square":null,"mfb_rest_fields":["featured_image_src_large","author_info","comment_info","category_info","tag_info","taxonomy_info","featured_image_src","featured_image_src_square"],"_links":{"self":[{"href":"https:\/\/gbta.org\/pt\/wp-json\/wp\/v2\/posts\/2210","targetHints":{"allow":["GET"]}}],"collection":[{"href":"https:\/\/gbta.org\/pt\/wp-json\/wp\/v2\/posts"}],"about":[{"href":"https:\/\/gbta.org\/pt\/wp-json\/wp\/v2\/types\/post"}],"author":[{"embeddable":true,"href":"https:\/\/gbta.org\/pt\/wp-json\/wp\/v2\/users\/25"}],"replies":[{"embeddable":true,"href":"https:\/\/gbta.org\/pt\/wp-json\/wp\/v2\/comments?post=2210"}],"version-history":[{"count":0,"href":"https:\/\/gbta.org\/pt\/wp-json\/wp\/v2\/posts\/2210\/revisions"}],"wp:attachment":[{"href":"https:\/\/gbta.org\/pt\/wp-json\/wp\/v2\/media?parent=2210"}],"wp:term":[{"taxonomy":"category","embeddable":true,"href":"https:\/\/gbta.org\/pt\/wp-json\/wp\/v2\/categories?post=2210"},{"taxonomy":"post_tag","embeddable":true,"href":"https:\/\/gbta.org\/pt\/wp-json\/wp\/v2\/tags?post=2210"}],"curies":[{"name":"wp","href":"https:\/\/api.w.org\/{rel}","templated":true}]}}