{"id":22226,"date":"2025-04-18T11:59:26","date_gmt":"2025-04-18T15:59:26","guid":{"rendered":"https:\/\/gbta.org\/?p=22226"},"modified":"2025-04-18T11:59:27","modified_gmt":"2025-04-18T15:59:27","slug":"earth-day-2025-a-call-to-action-for-sustainable-corporate-travel","status":"publish","type":"post","link":"https:\/\/gbta.org\/pt\/earth-day-2025-a-call-to-action-for-sustainable-corporate-travel\/","title":{"rendered":"Dia da Terra 2025: Um apelo \u00e0 a\u00e7\u00e3o para viagens corporativas sustent\u00e1veis"},"content":{"rendered":"<p><em>Nesta s\u00e9rie de artigos, a GBTA&#039;s <a href=\"https:\/\/www3.gbta.org\/e\/5572\/leadership-\/6vykc8\/6685608214\/h\/JRel7dEppGH9XgWPz0wH5K56tAvlUYM-FYSz5_8un8A\">Conselho Administrativo<\/a> compartilham suas opini\u00f5es sobre os t\u00f3picos mais relevantes para os membros, o setor e o futuro das viagens corporativas. O autor convidado de hoje \u00e9 o Conselho Administrativo da GBTA, o Diretor Regional Europeu Ben Park e o Diretor Executivo de Viagens e Sustentabilidade da Parexel.<\/em><br><br>O Dia da Terra, em 22 de abril, serve como um lembrete do nosso compromisso coletivo com a administra\u00e7\u00e3o ambiental e a necessidade de abordar as mudan\u00e7as clim\u00e1ticas.<br><br>Nosso setor tem uma responsabilidade \u00fanica com essa causa. Embora as viagens corporativas sejam essenciais para fortalecer relacionamentos e impulsionar o crescimento econ\u00f4mico, tamb\u00e9m \u00e9 crucial reconhecer que cada viagem tem um impacto ambiental.<br><br>Durante nossa <a href=\"https:\/\/www3.gbta.org\/e\/5572\/le-en-el-crecimiento-economico\/6vykcc\/6685608214\/h\/JRel7dEppGH9XgWPz0wH5K56tAvlUYM-FYSz5_8un8A\">recentes reuni\u00f5es de advocacia da GBTA em Bruxelas, <\/a>Fiquei impressionado com a paix\u00e3o e a dedica\u00e7\u00e3o dos membros do nosso Conselho Consultivo ao discutir a responsabilidade ambiental corporativa. Concordamos que a\u00e7\u00f5es simples, por\u00e9m impactantes, s\u00e3o um \u00f3timo ponto de partida. Transporte p\u00fablico, op\u00e7\u00f5es de transporte el\u00e9trico por aplicativo, combinar v\u00e1rias viagens em um voo de longa dist\u00e2ncia, reduzir viagens desnecess\u00e1rias, optar por trens em vez de voos e adotar comportamentos pessoais como garrafas de \u00e1gua reutiliz\u00e1veis ou consumir uma refei\u00e7\u00e3o vegetariana uma vez por semana podem contribuir significativamente para a sustentabilidade.<br><br>Promover viagens corporativas sustent\u00e1veis tamb\u00e9m envolve maior desenvolvimento e uso de tecnologia, combust\u00edveis alternativos, clareza nos padr\u00f5es de emiss\u00f5es de carbono, infraestrutura e op\u00e7\u00f5es multimodais. Al\u00e9m disso, aumentar a demanda por Combust\u00edvel Sustent\u00e1vel para Avia\u00e7\u00e3o em programas de viagens corporativas \u00e9 crucial para a redu\u00e7\u00e3o de emiss\u00f5es de Escopo 3, Categoria 6, e para o cumprimento das metas de sustentabilidade.<br><br>O Dia da Terra de 2025 parece ser o mais importante at\u00e9 agora. Apesar dos desafios econ\u00f4micos e pol\u00edticos globais, nossa prioridade de proteger o meio ambiente n\u00e3o deve mudar. <a href=\"https:\/\/www3.gbta.org\/e\/5572\/2025-04-18\/6vykcg\/6685608214\/h\/JRel7dEppGH9XgWPz0wH5K56tAvlUYM-FYSz5_8un8A\">GBTA<\/a> e a <a href=\"https:\/\/www3.gbta.org\/e\/5572\/2025-04-18\/6vykck\/6685608214\/h\/JRel7dEppGH9XgWPz0wH5K56tAvlUYM-FYSz5_8un8A\">Funda\u00e7\u00e3o GBTA<\/a> t\u00eam estado na vanguarda da promo\u00e7\u00e3o da sustentabilidade nas viagens corporativas e a nossa <a href=\"https:\/\/www3.gbta.org\/e\/5572\/ta-sustainability-summit-2025-\/6vykcn\/6685608214\/h\/JRel7dEppGH9XgWPz0wH5K56tAvlUYM-FYSz5_8un8A\">C\u00fapula de Sustentabilidade<\/a> Em junho, exploraremos solu\u00e7\u00f5es para descarbonizar as viagens corporativas e tornar o setor mais resiliente. Nossos programas gerenciados devem ser projetados para integrar perfeitamente pr\u00e1ticas sustent\u00e1veis, garantindo que os viajantes possam contribuir para a a\u00e7\u00e3o clim\u00e1tica sem esfor\u00e7o. Ao utilizar tecnologia e dados, podemos monitorar impactos, otimizar comportamentos de viagem e incentivar escolhas que reduzam a pegada de carbono.<br><br>O Dia da Terra \u00e9 um lembrete da nossa responsabilidade coletiva de buscar a\u00e7\u00f5es significativas para proteger o planeta. Programas de viagens corporativas t\u00eam o potencial de liderar pelo exemplo, demonstrando que a sustentabilidade \u00e9 alcan\u00e7\u00e1vel e impactante, e que cada pequeno passo conta. Aproveitemos esta oportunidade para inspirar mudan\u00e7as e garantir que nossas a\u00e7\u00f5es de hoje abram caminho para um amanh\u00e3 mais verde.<br><br>Juntos, podemos fazer a diferen\u00e7a. Feliz Dia da Terra!<\/p>","protected":false},"excerpt":{"rendered":"<p>Nesta s\u00e9rie de artigos, o Conselho Administrativo da GBTA compartilha suas opini\u00f5es sobre os t\u00f3picos mais importantes para os membros, o setor e o futuro das viagens corporativas. O autor convidado de hoje \u00e9 o Conselho Administrativo da GBTA, o Diretor Regional Europeu, Ben Park, e o Diretor Executivo de Viagens e Sustentabilidade da Parexel. O Dia da Terra, em 22 de abril, serve como\u2026<\/p>","protected":false},"author":71,"featured_media":0,"comment_status":"closed","ping_status":"closed","sticky":false,"template":"","format":"standard","meta":{"_acf_changed":false,"_seopress_robots_primary_cat":"none","_seopress_titles_title":"","_seopress_titles_desc":"","_seopress_robots_index":"","om_disable_all_campaigns":false,"_relevanssi_hide_post":"","_relevanssi_hide_content":"","_relevanssi_pin_for_all":"","_relevanssi_pin_keywords":"","_relevanssi_unpin_keywords":"","_relevanssi_related_keywords":"","_relevanssi_related_include_ids":"","_relevanssi_related_exclude_ids":"","_relevanssi_related_no_append":"","_relevanssi_related_not_related":"","_relevanssi_related_posts":"2064,2147,1265,1052,2251,1566","_relevanssi_noindex_reason":"","_kad_blocks_custom_css":"","_kad_blocks_head_custom_js":"","_kad_blocks_body_custom_js":"","_kad_blocks_footer_custom_js":"","_kad_post_transparent":"","_kad_post_title":"","_kad_post_layout":"","_kad_post_sidebar_id":"","_kad_post_content_style":"","_kad_post_vertical_padding":"","_kad_post_feature":"","_kad_post_feature_position":"","_kad_post_header":false,"_kad_post_footer":false,"footnotes":"","_links_to":"","_links_to_target":""},"categories":[1554,280],"tags":[48,49,287],"class_list":["post-22226","post","type-post","status-publish","format-standard","hentry","category-gbta-board","category-sustainability","tag-business-travel","tag-gbta","tag-sustainability"],"acf":[],"featured_image_src_large":false,"author_info":{"display_name":"Tara Erwin","author_link":"https:\/\/gbta.org\/pt\/author\/terwingbta-org\/"},"comment_info":"","category_info":[{"term_id":1554,"name":"GBTA Board","slug":"gbta-board","term_group":0,"term_taxonomy_id":1554,"taxonomy":"category","description":"","parent":0,"count":25,"filter":"raw","cat_ID":1554,"category_count":25,"category_description":"","cat_name":"GBTA Board","category_nicename":"gbta-board","category_parent":0},{"term_id":280,"name":"Sustainability","slug":"sustainability","term_group":0,"term_taxonomy_id":280,"taxonomy":"category","description":"","parent":0,"count":130,"filter":"raw","cat_ID":280,"category_count":130,"category_description":"","cat_name":"Sustainability","category_nicename":"sustainability","category_parent":0}],"tag_info":[{"term_id":48,"name":"business travel","slug":"business-travel","term_group":0,"term_taxonomy_id":48,"taxonomy":"post_tag","description":"","parent":0,"count":416,"filter":"raw"},{"term_id":49,"name":"GBTA","slug":"gbta","term_group":0,"term_taxonomy_id":49,"taxonomy":"post_tag","description":"","parent":0,"count":260,"filter":"raw"},{"term_id":287,"name":"sustainability","slug":"sustainability","term_group":0,"term_taxonomy_id":287,"taxonomy":"post_tag","description":"","parent":0,"count":29,"filter":"raw"}],"taxonomy_info":{"category":[{"value":1554,"label":"GBTA Board"},{"value":280,"label":"Sustainability"}],"post_tag":[{"value":48,"label":"business travel"},{"value":49,"label":"GBTA"},{"value":287,"label":"sustainability"}]},"featured_image_src":null,"featured_image_src_square":null,"mfb_rest_fields":["featured_image_src_large","author_info","comment_info","category_info","tag_info","taxonomy_info","featured_image_src","featured_image_src_square"],"_links":{"self":[{"href":"https:\/\/gbta.org\/pt\/wp-json\/wp\/v2\/posts\/22226","targetHints":{"allow":["GET"]}}],"collection":[{"href":"https:\/\/gbta.org\/pt\/wp-json\/wp\/v2\/posts"}],"about":[{"href":"https:\/\/gbta.org\/pt\/wp-json\/wp\/v2\/types\/post"}],"author":[{"embeddable":true,"href":"https:\/\/gbta.org\/pt\/wp-json\/wp\/v2\/users\/71"}],"replies":[{"embeddable":true,"href":"https:\/\/gbta.org\/pt\/wp-json\/wp\/v2\/comments?post=22226"}],"version-history":[{"count":1,"href":"https:\/\/gbta.org\/pt\/wp-json\/wp\/v2\/posts\/22226\/revisions"}],"predecessor-version":[{"id":22229,"href":"https:\/\/gbta.org\/pt\/wp-json\/wp\/v2\/posts\/22226\/revisions\/22229"}],"wp:attachment":[{"href":"https:\/\/gbta.org\/pt\/wp-json\/wp\/v2\/media?parent=22226"}],"wp:term":[{"taxonomy":"category","embeddable":true,"href":"https:\/\/gbta.org\/pt\/wp-json\/wp\/v2\/categories?post=22226"},{"taxonomy":"post_tag","embeddable":true,"href":"https:\/\/gbta.org\/pt\/wp-json\/wp\/v2\/tags?post=22226"}],"curies":[{"name":"wp","href":"https:\/\/api.w.org\/{rel}","templated":true}]}}