{"id":2323,"date":"2020-09-25T09:59:00","date_gmt":"2020-09-25T13:59:00","guid":{"rendered":"https:\/\/gbta.org\/first-virtual-town-hall-held-for-gbta-europe\/"},"modified":"2022-10-01T02:59:09","modified_gmt":"2022-10-01T06:59:09","slug":"first-virtual-town-hall-held-for-gbta-europe","status":"publish","type":"post","link":"https:\/\/gbta.org\/pt\/first-virtual-town-hall-held-for-gbta-europe\/","title":{"rendered":"Primeira C\u00e2mara Municipal Virtual realizada para GBTA Europe"},"content":{"rendered":"<p>A GBTA Europa realizou a sua primeira C\u00e2mara Municipal esta semana para partilhar conhecimentos e percep\u00e7\u00f5es regionais com os membros da GBTA. O evento foi organizado por Catherine Logan, vice-presidente regional \u2013 EMEA, GBTA.<\/p>\n<p>Dave Hilfman, Diretor Executivo interino da GBTA abriu o evento com uma atualiza\u00e7\u00e3o sobre a associa\u00e7\u00e3o, as atividades e planos para o futuro. Mark Cuschieri, presidente do Comit\u00e9 Consultivo Europeu, falou ent\u00e3o sobre a import\u00e2ncia dos volunt\u00e1rios e das novas nomea\u00e7\u00f5es para o Conselho Consultivo Europeu e para os conselhos consultivos em It\u00e1lia e em Fran\u00e7a.<\/p>\n<p>A GBTA est\u00e1 defendendo fortemente em nome dos membros e de Zeinah Mugdadi da ag\u00eancia de rela\u00e7\u00f5es p\u00fablicas de defesa da GBTA. Grayling falou sobre a situa\u00e7\u00e3o na UE, as perspectivas de retomada das viagens intra-UE e internacionais e o impacto do Brexit e do COVID-19 nas viagens.<\/p>\n<p>&nbsp;<\/p>\n<p><a href=\"https:\/\/gbta.org\/pt\/Portals\/0\/Documents\/Europe\/2020\/GBTAEuropeTownhall-22092020.pdf\/\">Baixe a apresenta\u00e7\u00e3o de slides &gt;&gt;<\/a><\/p>\n<p>&nbsp;<\/p>\n<p>A C\u00e2mara Municipal foi poss\u00edvel gra\u00e7as ao Rocketrip. Liam Moroney, vice-presidente de marketing da Rocketrip, encerrou o evento com uma apresenta\u00e7\u00e3o esclarecedora sobre \u201ccolocar os viajantes de volta na estrada\u201d, analisando as necessidades e a experi\u00eancia dos viajantes.<\/p>\n<p>&nbsp;<\/p>\n<p><a href=\"https:\/\/players.brightcove.net\/4179652749001\/rJ9dgGR9_default\/index.html?videoId=6193909775001\">Ou\u00e7a a grava\u00e7\u00e3o da C\u00e2mara Municipal do GBTA Europe &gt;&gt;<\/a><\/p>\n<p>&nbsp;<\/p>","protected":false},"excerpt":{"rendered":"<p>A GBTA Europa realizou a sua primeira C\u00e2mara Municipal esta semana para partilhar conhecimentos e percep\u00e7\u00f5es regionais com os membros da GBTA. O evento foi organizado por Catherine Logan, vice-presidente regional \u2013 EMEA, GBTA. Dave Hilfman, Diretor Executivo interino da GBTA abriu o evento com uma atualiza\u00e7\u00e3o sobre a associa\u00e7\u00e3o, as atividades e planos para o futuro. Marca\u2026<\/p>","protected":false},"author":25,"featured_media":0,"comment_status":"open","ping_status":"open","sticky":false,"template":"","format":"standard","meta":{"_acf_changed":false,"_seopress_robots_primary_cat":"none","_seopress_titles_title":"","_seopress_titles_desc":"","_seopress_robots_index":"","om_disable_all_campaigns":false,"_relevanssi_hide_post":"","_relevanssi_hide_content":"","_relevanssi_pin_for_all":"","_relevanssi_pin_keywords":"","_relevanssi_unpin_keywords":"","_relevanssi_related_keywords":"","_relevanssi_related_include_ids":"","_relevanssi_related_exclude_ids":"","_relevanssi_related_no_append":"","_relevanssi_related_not_related":"","_relevanssi_related_posts":"1797,2315,2492,2463,2509,2324","_relevanssi_noindex_reason":"","_kad_blocks_custom_css":"","_kad_blocks_head_custom_js":"","_kad_blocks_body_custom_js":"","_kad_blocks_footer_custom_js":"","_kad_post_transparent":"","_kad_post_title":"","_kad_post_layout":"","_kad_post_sidebar_id":"","_kad_post_content_style":"","_kad_post_vertical_padding":"","_kad_post_feature":"","_kad_post_feature_position":"","_kad_post_header":false,"_kad_post_footer":false,"footnotes":"","_links_to":"","_links_to_target":""},"categories":[105,37],"tags":[],"class_list":["post-2323","post","type-post","status-publish","format-standard","hentry","category-europe-and-uk","category-research-and-travel-trends"],"acf":[],"featured_image_src_large":false,"author_info":{"display_name":"jcampbell","author_link":"https:\/\/gbta.org\/pt\/author\/jcampbell\/"},"comment_info":"","category_info":[{"term_id":105,"name":"Europe and UK","slug":"europe-and-uk","term_group":0,"term_taxonomy_id":105,"taxonomy":"category","description":"","parent":0,"count":152,"filter":"raw","cat_ID":105,"category_count":152,"category_description":"","cat_name":"Europe and UK","category_nicename":"europe-and-uk","category_parent":0},{"term_id":37,"name":"Research and Travel Trends","slug":"research-and-travel-trends","term_group":0,"term_taxonomy_id":37,"taxonomy":"category","description":"","parent":0,"count":966,"filter":"raw","cat_ID":37,"category_count":966,"category_description":"","cat_name":"Research and Travel Trends","category_nicename":"research-and-travel-trends","category_parent":0}],"tag_info":false,"taxonomy_info":{"category":[{"value":105,"label":"Europe and UK"},{"value":37,"label":"Research and Travel Trends"}]},"featured_image_src":null,"featured_image_src_square":null,"mfb_rest_fields":["featured_image_src_large","author_info","comment_info","category_info","tag_info","taxonomy_info","featured_image_src","featured_image_src_square"],"_links":{"self":[{"href":"https:\/\/gbta.org\/pt\/wp-json\/wp\/v2\/posts\/2323","targetHints":{"allow":["GET"]}}],"collection":[{"href":"https:\/\/gbta.org\/pt\/wp-json\/wp\/v2\/posts"}],"about":[{"href":"https:\/\/gbta.org\/pt\/wp-json\/wp\/v2\/types\/post"}],"author":[{"embeddable":true,"href":"https:\/\/gbta.org\/pt\/wp-json\/wp\/v2\/users\/25"}],"replies":[{"embeddable":true,"href":"https:\/\/gbta.org\/pt\/wp-json\/wp\/v2\/comments?post=2323"}],"version-history":[{"count":0,"href":"https:\/\/gbta.org\/pt\/wp-json\/wp\/v2\/posts\/2323\/revisions"}],"wp:attachment":[{"href":"https:\/\/gbta.org\/pt\/wp-json\/wp\/v2\/media?parent=2323"}],"wp:term":[{"taxonomy":"category","embeddable":true,"href":"https:\/\/gbta.org\/pt\/wp-json\/wp\/v2\/categories?post=2323"},{"taxonomy":"post_tag","embeddable":true,"href":"https:\/\/gbta.org\/pt\/wp-json\/wp\/v2\/tags?post=2323"}],"curies":[{"name":"wp","href":"https:\/\/api.w.org\/{rel}","templated":true}]}}