{"id":2390,"date":"2020-11-24T10:00:00","date_gmt":"2020-11-24T15:00:00","guid":{"rendered":"https:\/\/gbta.org\/daily-news-brief-november-24-2020\/"},"modified":"2022-09-30T12:56:54","modified_gmt":"2022-09-30T16:56:54","slug":"daily-news-brief-november-24-2020","status":"publish","type":"post","link":"https:\/\/gbta.org\/pt\/daily-news-brief-november-24-2020\/","title":{"rendered":"Resumo di\u00e1rio de not\u00edcias \u2013 24 de novembro de 2020"},"content":{"rendered":"<p><em>Alison Taylor e Steve Sitto para integrar o Conselho de Administra\u00e7\u00e3o do GBTA; Christle Johnson e Greeley Koch co-presidir\u00e3o o novo comit\u00ea de integra\u00e7\u00e3o e reativa\u00e7\u00e3o de marca<\/em><\/p>\n<p>A GBTA concluiu a aquisi\u00e7\u00e3o de ativos importantes da Associa\u00e7\u00e3o de Executivos de Viagens Corporativas (ACTE), continuando seu compromisso de unificar a ind\u00fastria e ajudar a tirar as viagens de neg\u00f3cios da pandemia da COVID-19.<\/p>\n<p>\u201cEstamos muito empolgados em unir GBTA e ACTE, criando um lar para milhares de profissionais de viagens de neg\u00f3cios que coletivamente trar\u00e3o de volta as viagens de neg\u00f3cios maiores e melhores do que nunca\u201d, disse Bhart Sarin, presidente da GBTA.<\/p>\n<p>\u201cA adi\u00e7\u00e3o de uma marca incr\u00edvel como a ACTE dar\u00e1 aos membros do GBTA as melhores oportunidades para educa\u00e7\u00e3o, networking, pesquisa e advocacia. Estamos ansiosos para combinar os melhores atributos de ambas as associa\u00e7\u00f5es com o nosso Ready. Seguro. Campanha de viagens enquanto continuamos a defender o caminho da recupera\u00e7\u00e3o das viagens de neg\u00f3cios\u201d, disse Dave Hilfman, Diretor Executivo Interino da GBTA.<\/p>\n<p><a href=\"https:\/\/gbta.org\/pt\/blog\/gbta-completes-acquisition-of-acte\/\">Leia mais &gt;&gt;<\/a><\/p>\n<p>&nbsp;<\/p>\n<p><span class=\"font-13\"><strong>Not\u00edcias do covid-19<\/strong><\/span><\/p>\n<p><a href=\"https:\/\/edition.cnn.com\/2020\/11\/23\/europe\/astrazeneca-oxford-coronavirus-vaccine-intl\/index.html\" target=\"_blank\" rel=\"noopener\">A vacina Oxford contra o coronav\u00edrus da AstraZeneca \u00e9 70% eficaz em Aerage, mostram os dados, sem preocupa\u00e7\u00f5es de seguran\u00e7a<\/a> <span><em>(CNN)<\/em><\/span><\/p>\n<p><a href=\"https:\/\/www.nbcnews.com\/news\/us-news\/live-blog\/2020-11-24-covid-live-updates-n1248758\" target=\"_blank\" rel=\"noopener\">Atualiza\u00e7\u00f5es ao vivo do COVID: Vacinas buscam aprova\u00e7\u00e3o; Estados estendem restri\u00e7\u00f5es e mandatos de m\u00e1scara<\/a> <span><em>(NBC)<\/em><\/span><\/p>\n<p><a href=\"https:\/\/america.cgtn.com\/2020\/11\/23\/covid-19-cases-in-argentina-show-signs-of-decline\" target=\"_blank\" rel=\"noopener\">Casos de COVID-19 na Argentina mostram sinais de decl\u00ednio<\/a> <span><em>(CGTN)<\/em><\/span><\/p>\n<p>&nbsp;<\/p>\n<p><span class=\"font-13\"><strong>Destaque da ind\u00fastria<br \/>\n<\/strong><\/span><strong>Seja uma estrela! Introduzir o&nbsp;<em>Preparar. Seguro. Viagem.<\/em>&nbsp;Concurso de V\u00eddeo<\/strong><\/p>\n<p><strong><em>Voc\u00ea pode ganhar uma bolsa GBTA de $1.000 (USD)<\/em><\/strong><\/p>\n<p>O novo \u201cPronto. Seguro. Viagem.&quot; A campanha de unidade est\u00e1 a pressionar por um regresso seguro e respons\u00e1vel \u00e0s viagens de neg\u00f3cios, ao mesmo tempo que aumenta a consci\u00eancia p\u00fablica sobre a necessidade econ\u00f3mica de uma ind\u00fastria de viagens de neg\u00f3cios pr\u00f3spera.<\/p>\n<p>Precisamos de profissionais do setor, como voc\u00ea, para mostrar seu apoio e se juntar a n\u00f3s nesse esfor\u00e7o inscrevendo-se no programa \u201cPronto. Seguro. Viagem.&quot; concurso de v\u00eddeo. E estamos distribuindo duas (2) bolsas GBTA de $1.000 (USD) aos vencedores para que se inscrevam em qualquer oferta GBTA de sua escolha!<\/p>\n<p><a href=\"https:\/\/gbta.org\/pt\/ready-safe-travel\/video-contest\/?utm_source=DNB&amp;utm_medium=Email&amp;utm_campaign=ReadySafeTravelVideoContest\">Saiba mais e comece &gt;&gt;<\/a><\/p>\n<p>&nbsp;<\/p>\n<p><strong>Inscreva-se agora para o webinar da pr\u00f3xima semana:<br \/>\n<\/strong><strong>Assuntos globais al\u00e9m da COVID-19: o que vem pela frente em 2021<\/strong><br \/>\n<strong>Quarta-feira, 2 de dezembro | 11h00 hor\u00e1rio do leste dos EUA<\/strong><\/p>\n<p>A pandemia da COVID-19 dominou as manchetes no ano passado, e com raz\u00e3o. Mais de um milh\u00e3o de pessoas morreram da doen\u00e7a em todo o mundo \u2013 mais de 220.000 s\u00f3 nos Estados Unidos. Os especialistas em sa\u00fade alertam que a situa\u00e7\u00e3o se tornar\u00e1 ainda mais grave \u00e0 medida que o inverno se aproxima, e j\u00e1 estamos a testemunhar um aumento nas infec\u00e7\u00f5es na Europa e nos Estados Unidos.<\/p>\n<p>Al\u00e9m disso, \u00e0 sombra desta crise sanit\u00e1ria global, muitas outras tend\u00eancias preocupantes continuam a surgir. Uma combina\u00e7\u00e3o de pandemia, uma diminui\u00e7\u00e3o na interac\u00e7\u00e3o social e uma imprensa internacional distra\u00edda serviram para amortecer ou estancar conflitos internacionais e actos de terror em todo o mundo. Ent\u00e3o, o que acontece quando a pandemia acabar?<\/p>\n<p>Custo: cortesia<\/p>\n<p><a href=\"https:\/\/gbta.org\/pt\/calendar\/all-programs\/eventid\/1047\/e\/global-affairs-beyond-covid-19-whats-ahead-in-2021-2-dec-2020\/\">Inscreva-se agora &gt;&gt;<\/a><\/p>\n<p>Tornado poss\u00edvel pelo Global Guardian<\/p>\n<p>&nbsp;<\/p>\n<p><strong>Profissional de Lideran\u00e7a Global<sup>\u00ae<\/sup> (GLP) Programa: Liderando uma Cultura Corporativa de Inova\u00e7\u00e3o<\/strong><br \/>\n<strong>Inscreva-se hoje para o curso de tr\u00eas dias!<\/strong><\/p>\n<p>Este curso virtual foi desenvolvido para l\u00edderes de neg\u00f3cios que desejam obter uma compreens\u00e3o s\u00f3lida sobre como construir organiza\u00e7\u00f5es eficazes, liderar organiza\u00e7\u00f5es eficazes, reciprocidade \u2013 chaves ocultas para construir colabora\u00e7\u00e3o e confian\u00e7a e muito mais. Este curso de tr\u00eas dias prepara l\u00edderes de todas as origens com as habilidades necess\u00e1rias para avaliar com precis\u00e3o a efic\u00e1cia e o design para inova\u00e7\u00e3o em Lideran\u00e7a.<\/p>\n<p>Este GLP<sup>\u00ae<\/sup> O curso cumprir\u00e1 o requisito de compet\u00eancia de \u201cLideran\u00e7a\u201d para aqueles que buscam a Designa\u00e7\u00e3o GLP ou seu Certificado de Desenvolvimento Profissional. As datas dos cursos s\u00e3o 15, 17 e 18 de dezembro.<\/p>\n<p><a href=\"https:\/\/gbta.org\/pt\/professional-development\/programs-by-format\/global-leadership-professional-program-glp\/?utm_source=DNB&amp;utm_medium=Email&amp;utm_campaign=Academy2020\">Inscreva-se agora &gt;&gt;<\/a><\/p>\n<p>&nbsp;<\/p>\n<p><span class=\"font-13\"><strong>Quadro de empregos<br \/>\n<\/strong><\/span><strong>Sua empresa est\u00e1 contratando?<\/strong><\/p>\n<div align=\"left\">\n<p>Use o GBTA Career Center para publicar suas vagas de trabalho em viagens de neg\u00f3cios e acessar milhares de profissionais qualificados do setor que desejam dar o pr\u00f3ximo passo na carreira.<\/p>\n<p><a href=\"https:\/\/jobs.gbta.org\/employer\/pricing\/?extre=1&amp;utm_source=DNB&amp;utm_medium=email&amp;utm_term=jobs&amp;utm_campaign=jobboard\"><strong>Comece &gt;&gt; <\/strong><\/a><\/p>\n<\/div>\n<p>&nbsp;<\/p>\n<p><span class=\"font-13\"><strong>Not\u00edcias de tend\u00eancias do setor&nbsp;<\/strong><\/span><\/p>\n<p><strong>Not\u00edcias da ind\u00fastria aeron\u00e1utica<\/strong><\/p>\n<p><a href=\"https:\/\/www.rappler.com\/business\/qantas-to-require-coronavirus-vaccine-international-flights\" target=\"_blank\" rel=\"noopener\">Qantas exigir\u00e1 vacina COVID-19 em voos internacionais<\/a> <span><em>(RAPPLER)<\/em><\/span><\/p>\n<p><a href=\"https:\/\/www.businesstraveller.com\/business-travel\/2020\/11\/20\/american-airlines-removes-change-fees-on-international-flights\/\" target=\"_blank\" rel=\"noopener\">American Airlines remove taxas de altera\u00e7\u00e3o em voos internacionais<\/a> <span><em>(VIAJANTE DE NEG\u00d3CIOS)<\/em><\/span><\/p>\n<p><a href=\"https:\/\/www.seattletimes.com\/business\/covid-passports-emerge-as-key-to-restarting-international-travel\/\" target=\"_blank\" rel=\"noopener\">Passaportes COVID surgem como chave para reiniciar viagens internacionais<\/a> <span><em>(OS TEMPOS DE SEATTLE)<\/em><\/span><\/p>\n<p><a href=\"https:\/\/www.businesstraveller.com\/business-travel\/2020\/11\/24\/iag-working-with-iata-on-its-new-travel-pass\/\" target=\"_blank\" rel=\"noopener\">IAG trabalhando com IATA em seu novo passe de viagem<\/a> <span><em>(VIAJANTE DE NEG\u00d3CIOS)<\/em><\/span><\/p>\n<p><strong>Not\u00edcias do setor hoteleiro<\/strong><\/p>\n<p><a href=\"https:\/\/www.businesstraveller.com\/business-travel\/2020\/11\/24\/accor-adds-india-and-turkey-to-its-middle-east-and-africa-region\/\" target=\"_blank\" rel=\"noopener\">Accor adiciona \u00cdndia e Turquia \u00e0 sua regi\u00e3o do Oriente M\u00e9dio e \u00c1frica<\/a> <span><em>(VIAJANTE DE NEG\u00d3CIOS)<\/em><\/span><\/p>\n<p><a href=\"https:\/\/www.4hoteliers.com\/news\/story\/20908\" target=\"_blank\" rel=\"noopener\">O pipeline de constru\u00e7\u00e3o de hot\u00e9is na Europa aumenta ano ap\u00f3s ano<\/a> <span><em>(4 HOTELEIROS)<\/em><\/span><\/p>\n<p><strong>Mais not\u00edcias do setor<\/strong><\/p>\n<p><a href=\"https:\/\/www.cnbc.com\/2020\/11\/24\/asia-is-leading-the-way-in-travel-recovery-booking-holdings-agoda.html\" target=\"_blank\" rel=\"noopener\">A \u00c1sia est\u00e1 liderando a recupera\u00e7\u00e3o de viagens, afirma a plataforma de reservas Agoda<\/a> <span><em>(CNBC)<\/em><\/span><\/p>\n<p><a href=\"https:\/\/www.traveldailymedia.com\/iata-steps-forward-for-testing-to-reopen-borders-without-quarantine\/\" target=\"_blank\" rel=\"noopener\">IATA: Avan\u00e7os nos testes para reabrir fronteiras sem quarentena<\/a> <span><em>(TRAVELDAILYMEDIA)<\/em><\/span><\/p>\n<p><a href=\"https:\/\/edition.cnn.com\/travel\/article\/england-cuts-traveler-quarantine-time\/index.html\" target=\"_blank\" rel=\"noopener\">Inglaterra reduz per\u00edodo de quarentena de viajantes para cinco dias<\/a> <span><em>(CNN)<\/em><\/span><\/p>\n<p>&nbsp;<\/p>\n<p><strong>Fa\u00e7a sua voz ser ouvida! <\/strong><\/p>\n<p>As elei\u00e7\u00f5es para o Conselho da GBTA est\u00e3o abertas at\u00e9 sexta-feira, 4 de dezembro. O Conselho de Administra\u00e7\u00e3o da GBTA atua como o \u00f3rg\u00e3o dirigente da Associa\u00e7\u00e3o e \u00e9 respons\u00e1vel por estabelecer o foco e a dire\u00e7\u00e3o da Associa\u00e7\u00e3o. Esta \u00e9 a sua oportunidade de votar nos candidatos que voc\u00ea acredita que melhor liderar\u00e3o nossa organiza\u00e7\u00e3o.<\/p>\n<p><a href=\"https:\/\/gbta.org\/pt\/blog\/the-2020-gbta-elections-have-begun\/\">Veja o v\u00eddeo da campanha de cada candidato, a declara\u00e7\u00e3o da plataforma e o folheto da elei\u00e7\u00e3o do Conselho de Administra\u00e7\u00e3o 2020 &gt;&gt;<\/a><\/p>\n<p>&nbsp;<\/p>\n<p><strong>Nota do editor <\/strong><\/p>\n<p>Em observ\u00e2ncia ao feriado de A\u00e7\u00e3o de Gra\u00e7as, o GBTA Daily News Brief interromper\u00e1 a distribui\u00e7\u00e3o de quarta-feira, 25 de novembro, at\u00e9 sexta-feira, 27 de novembro. Retomaremos a distribui\u00e7\u00e3o na segunda-feira, 30 de novembro.<\/p>\n<p>Por favor visite <a href=\"https:\/\/gbta.org\/pt\/\">gbta.org<\/a> para saber as novidades sobre os desenvolvimentos em viagens de neg\u00f3cios.<\/p>\n<p>&nbsp;<\/p>\n<p><span class=\"font-13\"><strong>Resumo do WorldAware Intelligence&nbsp;<\/strong><\/span><\/p>\n<p><a href=\"https:\/\/hub.gbta.org\/ijetdailybriefing\" target=\"_blank\" rel=\"noopener\">Arg\u00e9lia, Egito, It\u00e1lia, L\u00edbia e Tun\u00edsia \u2013 Sistema de tempestades trar\u00e1 rodadas adicionais de chuvas e ventos fortes para a regi\u00e3o do Mediterr\u00e2neo at\u00e9 27 de novembro<\/a><\/p>\n<p><a href=\"https:\/\/hub.gbta.org\/ijetdailybriefing\" target=\"_blank\" rel=\"noopener\">Gr\u00e9cia \u2013 Trabalhadores da avia\u00e7\u00e3o planejam paralisa\u00e7\u00f5es de trabalho em todo o pa\u00eds<\/a><\/p>\n<p><a href=\"https:\/\/hub.gbta.org\/ijetdailybriefing\" target=\"_blank\" rel=\"noopener\">Coreia do Sul \u2013 Sindicato Trabalhista Convoca Greve em Todo o Pa\u00eds<\/a><\/p>\n<p><a href=\"https:\/\/hub.gbta.org\/ijetdailybriefing\" target=\"_blank\" rel=\"noopener\">Estados Unidos \u2013 Autoridades em Massachusetts atualizam lista de restri\u00e7\u00f5es de viagens<\/a><\/p>\n<p><a href=\"https:\/\/hub.gbta.org\/ijetdailybriefing\" target=\"_blank\" rel=\"noopener\">Estados Unidos \u2013 Tempestades se desenvolver\u00e3o nas regi\u00f5es centrais at\u00e9 25 de novembro, trazendo chuvas torrenciais, ventos devastadores, granizo e tornados<\/a><\/p>\n<p>&nbsp;<\/p>\n<p><span class=\"font-13\"><strong>Recursos COVID-19<\/strong><\/span><\/p>\n<p><strong>Centros de Controle e Preven\u00e7\u00e3o de Doen\u00e7as (CDC)<\/strong><\/p>\n<ul>\n<li><a href=\"https:\/\/www.cdc.gov\/coronavirus\/2019-ncov\/whats-new-all.html\">Painel do CDC<\/a><\/li>\n<\/ul>\n<p><strong>Administra\u00e7\u00e3o de Seguran\u00e7a de Transporte (TSA)<\/strong><\/p>\n<ul>\n<li><a href=\"https:\/\/www.tsa.gov\/news\/press\/releases\/2020\/05\/21\/tsa-prepared-summer-travelers-updated-security-procedures\">Vis\u00e3o geral do \u201cMantenha-se Saud\u00e1vel\u201d da TSA. Fique Seguro.\u201d Campanha<\/a><\/li>\n<\/ul>\n<p><strong>Informa\u00e7\u00f5es do visto<\/strong><\/p>\n<ul>\n<li><a href=\"https:\/\/cibtvisas.com\/coronavirus-travel-and-immigration-disruption?utm_source=GBTA&amp;utm_medium=email&amp;utm_campaign=covid-19-blog\">Guia de viagem e imigra\u00e7\u00e3o CIBTvisas COVID-19<\/a><\/li>\n<\/ul>\n<p><a href=\"https:\/\/gbta.org\/pt\/news-advocacy\/gbta-statement-on-coronavirus-resources\/#resources\">Ver Recursos Adicionais &gt;&gt;<\/a><\/p>\n<p>&nbsp;<\/p>\n<p><span><strong>Este e-mail foi encaminhado para voc\u00ea? Por favor <\/strong><\/span> <span><a href=\"https:\/\/www3.gbta.org\/l\/5572\/2019-12-03\/6dbnwn\"><strong>inscreva-se para receber e-mails GBTA<\/strong><\/a><strong>.<\/strong><\/span><\/p>\n<p><span><a href=\"https:\/\/www3.gbta.org\/l\/5572\/2020-01-13\/6dkck2\"><strong>N\u00e3o \u00e9 um membro? Junte-se hoje!<\/strong><\/a><\/span><\/p>\n<p><a href=\"mailto:sponsor@gbta.org?subject=Daily News Brief Sponsorship Inquiry\"><strong>Anunciar<\/strong><\/a> | <a href=\"https:\/\/www3.gbta.org\/l\/5572\/2020-02-26\/6dz679\"><strong>Publicar um trabalho<\/strong><\/a><\/p>\n<p><strong><span>Associa\u00e7\u00e3o Global de Viagens de Neg\u00f3cios<\/span><\/strong><br \/>\n1101 King Street, Suite 500, Alexandria, VA 22314, EUA<br \/>\ntelefone: +1 703 684 0836 | rede: <a href=\"https:\/\/gbta.org\/pt\/\">gbta.org<\/a><\/p>\n<p><a href=\"https:\/\/preview.pardot.com\/email\/showHtmlMessage\/id\/%%email_preference_center_1773%%\">Atualize suas prefer\u00eancias de e-mail GBTA<\/a><br \/>\n<em>Copyright \u00a9 2020, Todos os direitos reservados.<\/em><\/p>","protected":false},"excerpt":{"rendered":"<p>Alison Taylor e Steve Sitto ingressar\u00e3o no Conselho de Administra\u00e7\u00e3o da GBTA; Christle Johnson e Greeley Koch co-presidir\u00e3o o novo comit\u00ea de integra\u00e7\u00e3o e reativa\u00e7\u00e3o de marca A GBTA concluiu a aquisi\u00e7\u00e3o de ativos importantes da Associa\u00e7\u00e3o de Executivos de Viagens Corporativas (ACTE), continuando seu compromisso de unificar a ind\u00fastria e ajudar a tirar as viagens de neg\u00f3cios do \u2026<\/p>","protected":false},"author":25,"featured_media":0,"comment_status":"open","ping_status":"open","sticky":false,"template":"","format":"standard","meta":{"_acf_changed":false,"_seopress_robots_primary_cat":"none","_seopress_titles_title":"","_seopress_titles_desc":"","_seopress_robots_index":"","om_disable_all_campaigns":false,"_relevanssi_hide_post":"","_relevanssi_hide_content":"","_relevanssi_pin_for_all":"","_relevanssi_pin_keywords":"","_relevanssi_unpin_keywords":"","_relevanssi_related_keywords":"","_relevanssi_related_include_ids":"","_relevanssi_related_exclude_ids":"","_relevanssi_related_no_append":"","_relevanssi_related_not_related":"","_relevanssi_related_posts":"2303,2388,2376,2243,2347,2291","_relevanssi_noindex_reason":"","_kad_blocks_custom_css":"","_kad_blocks_head_custom_js":"","_kad_blocks_body_custom_js":"","_kad_blocks_footer_custom_js":"","_kad_post_transparent":"","_kad_post_title":"","_kad_post_layout":"","_kad_post_sidebar_id":"","_kad_post_content_style":"","_kad_post_vertical_padding":"","_kad_post_feature":"","_kad_post_feature_position":"","_kad_post_header":false,"_kad_post_footer":false,"footnotes":"","_links_to":"","_links_to_target":""},"categories":[1],"tags":[],"class_list":["post-2390","post","type-post","status-publish","format-standard","hentry","category-uncategorized"],"acf":[],"featured_image_src_large":false,"author_info":{"display_name":"jcampbell","author_link":"https:\/\/gbta.org\/pt\/author\/jcampbell\/"},"comment_info":"","category_info":[{"term_id":1,"name":"Uncategorized","slug":"uncategorized","term_group":0,"term_taxonomy_id":1,"taxonomy":"category","description":"","parent":0,"count":198,"filter":"raw","cat_ID":1,"category_count":198,"category_description":"","cat_name":"Uncategorized","category_nicename":"uncategorized","category_parent":0}],"tag_info":false,"taxonomy_info":{"category":[{"value":1,"label":"Uncategorized"}]},"featured_image_src":null,"featured_image_src_square":null,"mfb_rest_fields":["featured_image_src_large","author_info","comment_info","category_info","tag_info","taxonomy_info","featured_image_src","featured_image_src_square"],"_links":{"self":[{"href":"https:\/\/gbta.org\/pt\/wp-json\/wp\/v2\/posts\/2390","targetHints":{"allow":["GET"]}}],"collection":[{"href":"https:\/\/gbta.org\/pt\/wp-json\/wp\/v2\/posts"}],"about":[{"href":"https:\/\/gbta.org\/pt\/wp-json\/wp\/v2\/types\/post"}],"author":[{"embeddable":true,"href":"https:\/\/gbta.org\/pt\/wp-json\/wp\/v2\/users\/25"}],"replies":[{"embeddable":true,"href":"https:\/\/gbta.org\/pt\/wp-json\/wp\/v2\/comments?post=2390"}],"version-history":[{"count":0,"href":"https:\/\/gbta.org\/pt\/wp-json\/wp\/v2\/posts\/2390\/revisions"}],"wp:attachment":[{"href":"https:\/\/gbta.org\/pt\/wp-json\/wp\/v2\/media?parent=2390"}],"wp:term":[{"taxonomy":"category","embeddable":true,"href":"https:\/\/gbta.org\/pt\/wp-json\/wp\/v2\/categories?post=2390"},{"taxonomy":"post_tag","embeddable":true,"href":"https:\/\/gbta.org\/pt\/wp-json\/wp\/v2\/tags?post=2390"}],"curies":[{"name":"wp","href":"https:\/\/api.w.org\/{rel}","templated":true}]}}