{"id":2437,"date":"2021-01-19T10:00:00","date_gmt":"2021-01-19T15:00:00","guid":{"rendered":"https:\/\/gbta.org\/dave-hilfmans-monday-memo-to-gbta-members-tuesday-edition\/"},"modified":"2022-09-30T11:31:28","modified_gmt":"2022-09-30T15:31:28","slug":"dave-hilfmans-monday-memo-to-gbta-members-tuesday-edition","status":"publish","type":"post","link":"https:\/\/gbta.org\/pt\/dave-hilfmans-monday-memo-to-gbta-members-tuesday-edition\/","title":{"rendered":"Memo de segunda-feira de Dave Hilfman para membros GBTA \u2013 Edi\u00e7\u00e3o de ter\u00e7a-feira"},"content":{"rendered":"<p>Caros amigos e colegas:<\/p>\n<p>&nbsp;<\/p>\n<p>Hoje \u00e9 um momento hist\u00f3rico nos Estados Unidos e motivo de otimismo no que diz respeito ao nosso setor. Esperemos todos por uma inaugura\u00e7\u00e3o tranquila em Washington DC, e que isso marque um novo come\u00e7o na luta para superar a pandemia e os desafios que ela criou para as viagens de neg\u00f3cios, a economia e tantas fam\u00edlias.<\/p>\n<p>&nbsp;<\/p>\n<p>\u00c0 medida que a GBTA avan\u00e7a com os nossos esfor\u00e7os de defesa de direitos na Europa, no Canad\u00e1, na Am\u00e9rica Latina e na pr\u00f3xima administra\u00e7\u00e3o, voc\u00ea poder\u00e1 perguntar-se o que est\u00e1 reservado para a nossa ind\u00fastria no pr\u00f3ximo ano. Para minha opini\u00e3o sobre o que voc\u00ea pode esperar, incluindo nossa campanha Ready.Safe.Travel para um retorno seguro \u00e0s viagens de neg\u00f3cios, <a href=\"https:\/\/players.brightcove.net\/4179652749001\/rJ9dgGR9_default\/index.html?videoId=6224188544001\"><u>clique aqui para uma pr\u00e9via do v\u00eddeo<\/u><\/a>&nbsp;.<\/p>\n<p>&nbsp;<\/p>\n<p><strong>Resultados anuais do \u00edndice de viagens de neg\u00f3cios (BTI): webinar de 2 de fevereiro<\/strong><\/p>\n<p>&nbsp;<\/p>\n<p>Os resultados da \u00faltima edi\u00e7\u00e3o anual do GBTA BTI\u2122 Outlook ser\u00e3o apresentados durante um webinar gratuito no dia 2 de fevereiro. O BTI Outlook \u00e9 um estudo exaustivo sobre gastos e crescimento em viagens de neg\u00f3cios, abrangendo 73 pa\u00edses em 44 setores. Jon Gray, Diretor da Rockport Analytics e Chris Ely, Diretor de Pesquisa da GBTA cobrir\u00e3o o impacto da pandemia por regi\u00e3o e as expectativas para os volumes de viagens de neg\u00f3cios \u00e0 medida que avan\u00e7amos em dire\u00e7\u00e3o \u00e0 recupera\u00e7\u00e3o. O webinar, possibilitado pelo poder combinado da Enterprise &amp; National, tamb\u00e9m incluir\u00e1 uma sess\u00e3o de perguntas e respostas. <a href=\"https:\/\/gbta.org\/pt\/calendar\/all-programs\/eventid\/1067\/e\/2020-business-travel-index-data-and-insights-2-feb-2021\/\">Para se cadastrar, clique aqui<\/a>.<\/p>\n<p>&nbsp;<\/p>\n<p><strong>Nomea\u00e7\u00f5es para o pr\u00eamio WINiT: atualiza\u00e7\u00e3o<\/strong><\/p>\n<p>&nbsp;<\/p>\n<p>Uma prioridade para todos n\u00f3s da GBTA \u00e9 o apoio \u00e0s mulheres em toda a comunidade de viagens de neg\u00f3cios. Nossa parceria com a WINiT d\u00e1 \u00e0 GBTA a oportunidade de reconhecer alguns dos l\u00edderes mais din\u00e2micos e vision\u00e1rios do nosso setor. Os primeiros WINiT Awards e Gala do ano passado foram um enorme sucesso. O evento deste ano \u2013 a nossa primeira gala virtual \u2013 tamb\u00e9m promete ser um dia memor\u00e1vel. Mas para que isso aconte\u00e7a, precisamos do seu apoio.<\/p>\n<p>&nbsp;<\/p>\n<p>As indica\u00e7\u00f5es est\u00e3o abertas at\u00e9 5 de fevereiro para homenagear indiv\u00edduos e empresas que realizam trabalhos de vanguarda no que diz respeito a g\u00eanero e ao local de trabalho em viagens de neg\u00f3cios. Para facilitar o processo de nomea\u00e7\u00e3o num momento em que os or\u00e7amentos s\u00e3o apertados e os recursos continuam a ser limitados,&nbsp;<strong>A GBTA decidiu isentar a taxa $99 para cada indica\u00e7\u00e3o. As nomea\u00e7\u00f5es ser\u00e3o gratuitas.<\/strong><\/p>\n<p>&nbsp;<\/p>\n<p>Por favor, reserve um momento e fa\u00e7a suas nomea\u00e7\u00f5es hoje. <a href=\"https:\/\/gbta.org\/pt\/calendar\/programs-by-location\/north-america\/winit-awards-virtual-gala-2021\/\">Clique aqui para acessar os formul\u00e1rios de indica\u00e7\u00e3o<\/a>. Espero que voc\u00ea se junte a n\u00f3s na premia\u00e7\u00e3o e em um evento memor\u00e1vel no dia 8 de mar\u00e7o. Vejo voc\u00ea l\u00e1.<\/p>\n<p>&nbsp;<\/p>\n<p><strong>A exig\u00eancia de teste COVID dos EUA entra em vigor em 26 de janeiro<\/strong><\/p>\n<p>&nbsp;<\/p>\n<p>Voc\u00ea provavelmente j\u00e1 viu as not\u00edcias. A partir de 26 de janeiro de 2021, os Centros de Controle e Preven\u00e7\u00e3o de Doen\u00e7as (CDC) dos EUA exigir\u00e3o que todos os passageiros a\u00e9reos que cheguem aos EUA vindos de um pa\u00eds estrangeiro fa\u00e7am um teste COVID no m\u00e1ximo tr\u00eas dias antes da partida do voo e forne\u00e7am comprovante de resultado negativo ou documenta\u00e7\u00e3o de recupera\u00e7\u00e3o do COVID-19 \u00e0 companhia a\u00e9rea antes de embarcar no voo. Isto se aplica a todos os passageiros a\u00e9reos, com 2 anos de idade ou mais, que viajam para os EUA, incluindo cidad\u00e3os dos EUA e residentes permanentes legais. <a href=\"https:\/\/www.cdc.gov\/coronavirus\/2019-ncov\/travelers\/testing-international-air-travelers.html\">Para mais informa\u00e7\u00f5es, clique aqui<\/a>.<\/p>\n<p>&nbsp;<\/p>\n<p><strong>Atualiza\u00e7\u00f5es regionais do Canad\u00e1 e da Europa<\/strong><\/p>\n<p>&nbsp;<\/p>\n<p>Obrigado a todos os nossos membros europeus que se juntaram \u00e0 nossa primeira C\u00e2mara Municipal Europeia de 2021 na semana passada. A reuni\u00e3o teve um n\u00famero recorde de participantes e centrou-se no Brexit e no impacto nas viagens de neg\u00f3cios, com especialistas da empresa de lobby da GBTA, Grayling, descrevendo os aspectos relevantes do acordo e conduzindo perguntas e respostas com os membros da GBTA. Se voc\u00ea n\u00e3o p\u00f4de participar da sess\u00e3o ao vivo, voc\u00ea pode <a href=\"https:\/\/players.brightcove.net\/4179652749001\/rJ9dgGR9_default\/index.html?videoId=6222889199001\">acesse a grava\u00e7\u00e3o completa aqui<\/a>.<\/p>\n<p>&nbsp;<\/p>\n<p>Entretanto, no Canad\u00e1, a GBTA continua a evoluir e a aumentar a sua presen\u00e7a local atrav\u00e9s da adi\u00e7\u00e3o de cinco novos comit\u00e9s regionais para apoiar, restaurar, melhorar e unir viagens de neg\u00f3cios e reuni\u00f5es no Canad\u00e1. Os cinco comit\u00eas cobrir\u00e3o acomoda\u00e7\u00e3o, transporte, risco, tecnologia e reuni\u00f5es. <a href=\"https:\/\/gbta.org\/pt\/blog\/gbta-canada-builds-committee-offering\/\">Para saber mais sobre esses novos comit\u00eas e seus l\u00edderes, clique aqui<\/a>.<\/p>\n<p>&nbsp;<\/p>\n<p>&nbsp;<\/p>\n<p><strong>Lembrete: pr\u00f3ximos prazos <\/strong><\/p>\n<p>&nbsp;<\/p>\n<p>Ao iniciarmos 2021, espero que voc\u00ea considere aproveitar essas novas maneiras de se envolver com o GBTA:<\/p>\n<p>&nbsp;<\/p>\n<ul>\n<li><strong>Solicita\u00e7\u00e3o de ades\u00e3o ao Comit\u00ea de Diversidade, Igualdade e Inclus\u00e3o: <\/strong>Este novo comit\u00e9 global procura membros que queiram fazer parte da sensibiliza\u00e7\u00e3o e da abordagem de quest\u00f5es de diversidade, igualdade e inclus\u00e3o na nossa ind\u00fastria. <a href=\"https:\/\/form.jotform.com\/202944172658158\">Clique aqui para preencher o pedido de ades\u00e3o<\/a>.<\/li>\n<li><strong>Chamada para apresenta\u00e7\u00f5es na conven\u00e7\u00e3o: <\/strong>A GBTA est\u00e1 procurando profissionais da ind\u00fastria com novas ideias, solu\u00e7\u00f5es e inova\u00e7\u00f5es para quest\u00f5es e desafios atuais da ind\u00fastria para apresentar sess\u00f5es educacionais em nossa Conven\u00e7\u00e3o de 2021. O prazo para apresenta\u00e7\u00e3o de propostas \u00e9 26 de fevereiro. <a href=\"https:\/\/convention.gbta.org\/Program\/Call-for-Proposals\">Clique aqui para enviar uma proposta.<\/a><\/li>\n<\/ul>\n<p>&nbsp;<\/p>\n<p>Finalmente, voc\u00ea pode esperar ver os resultados dos nossos 15<sup>\u00ba<\/sup> Pesquisa sobre coronav\u00edrus GBTA na pr\u00f3xima semana, na quinta-feira, 21 de janeiro<sup>rua<\/sup>. Esta enquete, nossa primeira pesquisa do novo ano em toda a associa\u00e7\u00e3o, incluir\u00e1 diversas perguntas novas destinadas a apoiar nossos esfor\u00e7os de defesa de direitos em todo o mundo. Essas pesquisas geraram milhares de hist\u00f3rias na m\u00eddia em todo o mundo e se tornaram uma refer\u00eancia do setor, tanto para membros quanto para n\u00e3o-membros.<\/p>\n<p>&nbsp;<\/p>\n<p>Tenha uma \u00f3tima semana.<\/p>\n<p>&nbsp;<\/p>\n<p>Dave<\/p>\n<p>&nbsp;<\/p>","protected":false},"excerpt":{"rendered":"<p>Caros amigos e colegas: Hoje \u00e9 um momento hist\u00f3rico nos Estados Unidos e motivo de otimismo quando se trata de nossa ind\u00fastria. Vamos todos torcer para uma inaugura\u00e7\u00e3o perfeita em Washington DC, e que isso marque um novo come\u00e7o na luta para superar a pandemia e os desafios que ela tem\u2026<\/p>","protected":false},"author":25,"featured_media":0,"comment_status":"open","ping_status":"open","sticky":false,"template":"","format":"standard","meta":{"_acf_changed":false,"_seopress_robots_primary_cat":"none","_seopress_titles_title":"","_seopress_titles_desc":"","_seopress_robots_index":"","om_disable_all_campaigns":false,"_relevanssi_hide_post":"","_relevanssi_hide_content":"","_relevanssi_pin_for_all":"","_relevanssi_pin_keywords":"","_relevanssi_unpin_keywords":"","_relevanssi_related_keywords":"","_relevanssi_related_include_ids":"","_relevanssi_related_exclude_ids":"","_relevanssi_related_no_append":"","_relevanssi_related_not_related":"","_relevanssi_related_posts":"2226,2333,4069,6093,1809,2551","_relevanssi_noindex_reason":"","_kad_blocks_custom_css":"","_kad_blocks_head_custom_js":"","_kad_blocks_body_custom_js":"","_kad_blocks_footer_custom_js":"","_kad_post_transparent":"","_kad_post_title":"","_kad_post_layout":"","_kad_post_sidebar_id":"","_kad_post_content_style":"","_kad_post_vertical_padding":"","_kad_post_feature":"","_kad_post_feature_position":"","_kad_post_header":false,"_kad_post_footer":false,"footnotes":"","_links_to":"","_links_to_target":""},"categories":[37],"tags":[94],"class_list":["post-2437","post","type-post","status-publish","format-standard","hentry","category-research-and-travel-trends","tag-bti-outlook"],"acf":[],"featured_image_src_large":false,"author_info":{"display_name":"jcampbell","author_link":"https:\/\/gbta.org\/pt\/author\/jcampbell\/"},"comment_info":"","category_info":[{"term_id":37,"name":"Research and Travel Trends","slug":"research-and-travel-trends","term_group":0,"term_taxonomy_id":37,"taxonomy":"category","description":"","parent":0,"count":966,"filter":"raw","cat_ID":37,"category_count":966,"category_description":"","cat_name":"Research and Travel Trends","category_nicename":"research-and-travel-trends","category_parent":0}],"tag_info":[{"term_id":94,"name":"BTI Outlook","slug":"bti-outlook","term_group":0,"term_taxonomy_id":94,"taxonomy":"post_tag","description":"","parent":0,"count":21,"filter":"raw"}],"taxonomy_info":{"category":[{"value":37,"label":"Research and Travel Trends"}],"post_tag":[{"value":94,"label":"BTI Outlook"}]},"featured_image_src":null,"featured_image_src_square":null,"mfb_rest_fields":["featured_image_src_large","author_info","comment_info","category_info","tag_info","taxonomy_info","featured_image_src","featured_image_src_square"],"_links":{"self":[{"href":"https:\/\/gbta.org\/pt\/wp-json\/wp\/v2\/posts\/2437","targetHints":{"allow":["GET"]}}],"collection":[{"href":"https:\/\/gbta.org\/pt\/wp-json\/wp\/v2\/posts"}],"about":[{"href":"https:\/\/gbta.org\/pt\/wp-json\/wp\/v2\/types\/post"}],"author":[{"embeddable":true,"href":"https:\/\/gbta.org\/pt\/wp-json\/wp\/v2\/users\/25"}],"replies":[{"embeddable":true,"href":"https:\/\/gbta.org\/pt\/wp-json\/wp\/v2\/comments?post=2437"}],"version-history":[{"count":0,"href":"https:\/\/gbta.org\/pt\/wp-json\/wp\/v2\/posts\/2437\/revisions"}],"wp:attachment":[{"href":"https:\/\/gbta.org\/pt\/wp-json\/wp\/v2\/media?parent=2437"}],"wp:term":[{"taxonomy":"category","embeddable":true,"href":"https:\/\/gbta.org\/pt\/wp-json\/wp\/v2\/categories?post=2437"},{"taxonomy":"post_tag","embeddable":true,"href":"https:\/\/gbta.org\/pt\/wp-json\/wp\/v2\/tags?post=2437"}],"curies":[{"name":"wp","href":"https:\/\/api.w.org\/{rel}","templated":true}]}}