{"id":2447,"date":"2021-02-01T10:00:00","date_gmt":"2021-02-01T15:00:00","guid":{"rendered":"https:\/\/gbta.org\/dave-hilfmans-monday-memo-to-gbta-members-11\/"},"modified":"2022-09-30T11:21:42","modified_gmt":"2022-09-30T15:21:42","slug":"dave-hilfmans-monday-memo-to-gbta-members-11","status":"publish","type":"post","link":"https:\/\/gbta.org\/pt\/dave-hilfmans-monday-memo-to-gbta-members-11\/","title":{"rendered":"O memorando de segunda-feira de Dave Hilfman para os membros do GBTA"},"content":{"rendered":"<p>Caros amigos e colegas:<\/p>\n<p>&nbsp;<\/p>\n<p>No ano passado, lan\u00e7amos nosso Ready. Seguro. Viagem. campanha para defender a unidade e um rein\u00edcio seguro e respons\u00e1vel das viagens de neg\u00f3cios. Em 2021, continuamos a enfrentar mudan\u00e7as quase di\u00e1rias que impactam a nossa ind\u00fastria, incluindo vacinas, testes e quarentenas, s\u00f3 para citar alguns.<\/p>\n<p>&nbsp;<\/p>\n<p>Nosso pr\u00f3ximo Ready virtual. Seguro. Viagem. A Summit trar\u00e1 esses t\u00f3picos para o primeiro plano com apresenta\u00e7\u00f5es e sess\u00f5es de perguntas e respostas com especialistas impressionantes nessas \u00e1reas. Espero que voc\u00ea se junte a n\u00f3s e <a href=\"https:\/\/gbta.org\/pt\/EventCalendar\/EventRegistrationStep1\/?eventcd=17DL0221\">Registre-se aqui<\/a>.<\/p>\n<p>&nbsp;<\/p>\n<p>&nbsp;<\/p>\n<p><strong>Junte-se a mim na Conven\u00e7\u00e3o GBTA 2021 e seja solid\u00e1rio com a comunidade de viagens de neg\u00f3cios<\/strong><\/p>\n<p><strong>&nbsp;<\/strong><\/p>\n<p>Depois de perder a experi\u00eancia presencial da Conven\u00e7\u00e3o no ano passado, estou muito animado com a Conven\u00e7\u00e3o da GBTA de 2021, de 17 a 21 de julho em Orlando, Fl\u00f3rida. Faltam cinco meses para o grande evento e estamos confiantes de que a ind\u00fastria estar\u00e1 pronta. Tal como nos anos anteriores, a Conven\u00e7\u00e3o de 2021 contar\u00e1 com os fornecedores mais inovadores do setor, sess\u00f5es educativas relevantes e pr\u00e1ticas e oportunidades ilimitadas de networking. At\u00e9 o momento, j\u00e1 contamos com mais de 1.000 participantes inscritos! As taxas de inscri\u00e7\u00e3o aumentam em 1\u00ba de mar\u00e7o, ent\u00e3o n\u00e3o espere \u2013 <a href=\"https:\/\/convention.gbta.org\/Registration\/Registration-GBTA-Convention-2021\">inscreva-se hoje para a Conven\u00e7\u00e3o 2021<\/a>.<\/p>\n<p>&nbsp;<\/p>\n<p>Uma das partes mais valiosas da Conven\u00e7\u00e3o \u00e9 o conte\u00fado de qualidade. Ainda procuramos profissionais do setor para fornecer conte\u00fado com novas ideias, solu\u00e7\u00f5es e inova\u00e7\u00f5es para quest\u00f5es e desafios atuais que o setor de viagens enfrenta. Se voc\u00ea deseja a oportunidade \u00fanica de chegar \u00e0 frente de gerentes de viagens corporativas e fornecedores de todos os segmentos do setor, <a href=\"https:\/\/convention.gbta.org\/Program\/Call-for-Proposals?_ga=2.43154279.311512596.1611854786-1780588418.1595976199\">clique aqui para enviar sua proposta de sess\u00e3o educacional at\u00e9 26 de fevereiro<\/a>.<\/p>\n<p><strong>&nbsp;<\/strong><\/p>\n<p><strong>Lembrete: nomea\u00e7\u00f5es para o pr\u00eamio WINiT vencem nesta sexta-feira<\/strong><\/p>\n<p><strong>&nbsp;<\/strong><\/p>\n<p>No dia 8 de mar\u00e7o, realizaremos nosso segundo WINiT Awards &amp; Virtual Gala. Embora o evento deste ano seja virtual, n\u00e3o ser\u00e1 menos significativo do que a nossa primeira gala realizada em 2019. WINiT by GBTA \u00e9 uma das iniciativas mais importantes da nossa associa\u00e7\u00e3o e estou realmente ansioso pela pr\u00f3xima gala.<\/p>\n<p>&nbsp;<\/p>\n<p>Para garantir que reconhecemos os nossos melhores e mais brilhantes, precisamos da sua ajuda. Reserve um tempo para nomear os verdadeiros vision\u00e1rios e l\u00edderes que est\u00e3o impulsionando mudan\u00e7as positivas para o avan\u00e7o na carreira das mulheres em nosso setor. Este ano, a GBTA est\u00e1 isentando a taxa $99 para cada indica\u00e7\u00e3o, para que voc\u00ea possa nomear um \u2013 ou mais \u2013 candidatos merecidos. <a href=\"https:\/\/gbta.org\/pt\/calendar\/programs-by-location\/north-america\/winit-awards-virtual-gala-2021\/\">Clique aqui para concluir uma indica\u00e7\u00e3o at\u00e9 esta sexta-feira, 5 de fevereiro<\/a>.<\/p>\n<p>&nbsp;<\/p>\n<p><strong>Voc\u00ea est\u00e1 registrado no \u00cdndice de Viagens de Neg\u00f3cios de Amanh\u00e3 (BTI)<sup>MT<\/sup>) Apresenta\u00e7\u00e3o?<\/strong><\/p>\n<p>&nbsp;<\/p>\n<p>Amanh\u00e3 \u00e9 a apresenta\u00e7\u00e3o dos dados do nosso 12\u00ba \u00cdndice Anual de Viagens de Neg\u00f3cios (BTI<sup>MT<\/sup>) relat\u00f3rio. Se voc\u00ea quiser estar entre os primeiros a saber o que se espera das viagens de neg\u00f3cios nos pr\u00f3ximos quatro anos, <a href=\"https:\/\/gbta.org\/pt\/calendar\/all-programs\/eventid\/1067\/e\/2020-business-travel-index-data-and-insights-2-feb-2021\/\">certifique-se de se inscrever para participar<\/a> (espa\u00e7o \u00e9 limitado). Para nossos amigos na Europa e no Canad\u00e1, voc\u00eas tamb\u00e9m v\u00e3o querer participar de suas pr\u00f3ximas C\u00e2maras Municipais (C\u00e2mara Municipal da Europa em 16 de fevereiro e C\u00e2mara Municipal do Canad\u00e1 em 24 de fevereiro), onde ser\u00e3o apresentados dados adicionais espec\u00edficos da regi\u00e3o.<\/p>\n<p>&nbsp;<\/p>\n<p><strong>Para encerrar\u2026<\/strong><\/p>\n<p>&nbsp;<\/p>\n<p>Temos recebido muitas not\u00edcias ultimamente sobre o aumento das restri\u00e7\u00f5es globais a viagens. Naturalmente, \u00e9 desanimador ouvir falar da implementa\u00e7\u00e3o ou amplia\u00e7\u00e3o dos requisitos de quarentena. Na semana passada, divulguei uma declara\u00e7\u00e3o em nome da GBTA apelando aos governos mundiais para que repensassem as propostas de quarentena e, ao mesmo tempo, padronizassem os requisitos de viagem e expandissem os programas de vacina\u00e7\u00e3o e de testes da COVID-19. <a href=\"https:\/\/gbta.org\/pt\/blog\/gbta-world-governments-should-standardize-travel-requirements-expand-vaccination-programs-and-covid-19-testing-rethink-quarantine-proposals-for-international-travelers\/\">Voc\u00ea pode ler o comunicado aqui<\/a>.<\/p>\n<p>&nbsp;<\/p>\n<p>Superaremos este desafio e apreciaremos os esfor\u00e7os de todos para comunicar com os nossos l\u00edderes governamentais em todo o mundo.<\/p>\n<p>&nbsp;<\/p>\n<p>Tenha uma \u00f3tima semana.<\/p>\n<p>&nbsp;<\/p>\n<p>Dave<\/p>","protected":false},"excerpt":{"rendered":"<p>Caros Amigos e Colegas: No ano passado, lan\u00e7amos o nosso Ready. Seguro. Viagem. campanha para defender a unidade e um rein\u00edcio seguro e respons\u00e1vel das viagens de neg\u00f3cios. Em 2021, continuamos a enfrentar mudan\u00e7as quase di\u00e1rias que impactam a nossa ind\u00fastria, incluindo vacinas, testes e quarentenas, s\u00f3 para citar alguns. Nosso pr\u00f3ximo Ready virtual. Seguro\u2026.<\/p>","protected":false},"author":25,"featured_media":0,"comment_status":"open","ping_status":"open","sticky":false,"template":"","format":"standard","meta":{"_acf_changed":false,"_seopress_robots_primary_cat":"none","_seopress_titles_title":"","_seopress_titles_desc":"","_seopress_robots_index":"","om_disable_all_campaigns":false,"_relevanssi_hide_post":"","_relevanssi_hide_content":"","_relevanssi_pin_for_all":"","_relevanssi_pin_keywords":"","_relevanssi_unpin_keywords":"","_relevanssi_related_keywords":"","_relevanssi_related_include_ids":"","_relevanssi_related_exclude_ids":"","_relevanssi_related_no_append":"","_relevanssi_related_not_related":"","_relevanssi_related_posts":"2226,2333,6093,4069,2091,1809","_relevanssi_noindex_reason":"","_kad_blocks_custom_css":"","_kad_blocks_head_custom_js":"","_kad_blocks_body_custom_js":"","_kad_blocks_footer_custom_js":"","_kad_post_transparent":"","_kad_post_title":"","_kad_post_layout":"","_kad_post_sidebar_id":"","_kad_post_content_style":"","_kad_post_vertical_padding":"","_kad_post_feature":"","_kad_post_feature_position":"","_kad_post_header":false,"_kad_post_footer":false,"footnotes":"","_links_to":"","_links_to_target":""},"categories":[37],"tags":[],"class_list":["post-2447","post","type-post","status-publish","format-standard","hentry","category-research-and-travel-trends"],"acf":[],"featured_image_src_large":false,"author_info":{"display_name":"jcampbell","author_link":"https:\/\/gbta.org\/pt\/author\/jcampbell\/"},"comment_info":"","category_info":[{"term_id":37,"name":"Research and Travel Trends","slug":"research-and-travel-trends","term_group":0,"term_taxonomy_id":37,"taxonomy":"category","description":"","parent":0,"count":966,"filter":"raw","cat_ID":37,"category_count":966,"category_description":"","cat_name":"Research and Travel Trends","category_nicename":"research-and-travel-trends","category_parent":0}],"tag_info":false,"taxonomy_info":{"category":[{"value":37,"label":"Research and Travel Trends"}]},"featured_image_src":null,"featured_image_src_square":null,"mfb_rest_fields":["featured_image_src_large","author_info","comment_info","category_info","tag_info","taxonomy_info","featured_image_src","featured_image_src_square"],"_links":{"self":[{"href":"https:\/\/gbta.org\/pt\/wp-json\/wp\/v2\/posts\/2447","targetHints":{"allow":["GET"]}}],"collection":[{"href":"https:\/\/gbta.org\/pt\/wp-json\/wp\/v2\/posts"}],"about":[{"href":"https:\/\/gbta.org\/pt\/wp-json\/wp\/v2\/types\/post"}],"author":[{"embeddable":true,"href":"https:\/\/gbta.org\/pt\/wp-json\/wp\/v2\/users\/25"}],"replies":[{"embeddable":true,"href":"https:\/\/gbta.org\/pt\/wp-json\/wp\/v2\/comments?post=2447"}],"version-history":[{"count":0,"href":"https:\/\/gbta.org\/pt\/wp-json\/wp\/v2\/posts\/2447\/revisions"}],"wp:attachment":[{"href":"https:\/\/gbta.org\/pt\/wp-json\/wp\/v2\/media?parent=2447"}],"wp:term":[{"taxonomy":"category","embeddable":true,"href":"https:\/\/gbta.org\/pt\/wp-json\/wp\/v2\/categories?post=2447"},{"taxonomy":"post_tag","embeddable":true,"href":"https:\/\/gbta.org\/pt\/wp-json\/wp\/v2\/tags?post=2447"}],"curies":[{"name":"wp","href":"https:\/\/api.w.org\/{rel}","templated":true}]}}