{"id":2480,"date":"2021-03-09T10:00:00","date_gmt":"2021-03-09T15:00:00","guid":{"rendered":"https:\/\/gbta.org\/check-in-with-suzanne-2\/"},"modified":"2022-09-30T10:50:26","modified_gmt":"2022-09-30T14:50:26","slug":"check-in-with-suzanne-2","status":"publish","type":"post","link":"https:\/\/gbta.org\/pt\/check-in-with-suzanne-2\/","title":{"rendered":"Check-in com Suzanne"},"content":{"rendered":"<p>Ol\u00e1 a todos,<\/p>\n<p><strong>&nbsp;<\/strong><\/p>\n<p>Hora de fazer o check-in!<\/p>\n<p>&nbsp;<\/p>\n<p>Essas s\u00e3o palavras t\u00e3o boas, que todos adorar\u00edamos ver regularmente em nossos aplicativos de viagem \u2013 antecipando as reuni\u00f5es, agendas, relacionamentos e sucesso nos neg\u00f3cios que nos levam a viajar em primeiro lugar.<\/p>\n<p>&nbsp;<\/p>\n<p>Ent\u00e3o, \u00e9 a segunda semana para mim no GBTA! E \u00e9 hora de eu checar com voc\u00ea.<\/p>\n<p>&nbsp;<\/p>\n<p>Espero que voc\u00ea tenha comemorado comigo o Dia Internacional da Mulher ontem, quando reconhecemos quase 60 mulheres merecedoras (e alguns homens!) de todo o mundo em nossos WINiT Awards e Gala Virtual. Se voc\u00ea perdeu, postaremos uma grava\u00e7\u00e3o do evento de 90 minutos, gentilmente patrocinado pela Cvent, United for Business e CTM. A grava\u00e7\u00e3o estar\u00e1 acess\u00edvel atrav\u00e9s do nosso <a href=\"https:\/\/gbta.org\/pt\/\">pagina inicial<\/a> e a <a href=\"https:\/\/gbta.org\/pt\/SSOLogin\/?ReturnUrl=https:\/\/ssologin.gbta.org\/ssoauth\/prompt.aspx?SAMLRequest=fZJNb+IwEIbv\/ArkOySEz1iAxMJuF4kCKrSHvSDHmYClxE49ky3993US2LJVhW+emef1vOMZo8jSnM8KOukneC0AqdF055ylGnmVnLDCam4EKuRaZICcJN\/NHlc8aPs8t4aMNCn7gt2nBCJYUkbX2HIxYZv1z9XmYbk+yKQXDpJOGCTBIOpFMuwKmcSd4XA0Gnah7\/d7fjCI47BGX8Ci05kwJ8satRpiAUuNJDS5uB90Wn635Yd7P+C9Pu8Ef2p04cwqLajCT0Q5cs9DNKk5Kt0+RiTaxh7LiHDj8ZzTLKe2wPxc89uL9R9Kx0of7zuO6iLkv\/f7bWu72e1rkdl1EnOjscjA7sD+VRKen1afTZ2K6KYfN92DkMimlcC4vPPKs51+B4y924pPJudr1+VysTWpku9VvDy\/jM0E3TdTRlTcSqpSXmjMQapEQcz+yczS1LzNLQiCCSNbAGt6\/z1+2TaIq91z7gnO1Jy7GQursPwSOAtJV5feHWrauKZv93j6AQ==&amp;RelayState=https:\/\/hub.gbta.org\/myhome?_ga=2.132874062.1793034322.1615133593-1780588418.1595976199&amp;SigAlg=http:\/\/www.w3.org\/2000\/09\/xmldsig#rsa-sha1&amp;Signature=SBORwTg4xXOE8XtC\/TEwZa6RdmxZV\/N9RsGeYNhlEl7Hd01DSFM\/XPG2EGcDL6OvdNynu9\/3DB1YHbMhLSO3s+OhfpMu\/wjulppej8AsHkMEdH3A40EeFX\/zD2CBuwno2Ryzmj7Y4bu1ul5oCESUST1eDjaM40NUlI5llf3cenA=\">Hub GBTA<\/a>. Parab\u00e9ns a todos os vencedores e indicados \u2013 que talento temos em nossa ind\u00fastria!<\/p>\n<p>&nbsp;<\/p>\n<p>Ao ouvir e falar com mais de voc\u00eas nos \u00faltimos dias, fiquei muito feliz em confirmar a resili\u00eancia da miss\u00e3o do GBTA. \u00c9 tudo sobre membros... conex\u00f5es em n\u00edvel local\/regional\/global e experi\u00eancia coletiva. Somos tamb\u00e9m um mercado de ideias. E somos melhores como ind\u00fastria quando somos todos fortes, fazendo o que amamos.<\/p>\n<p>&nbsp;<\/p>\n<p>Completando minhas duas primeiras semanas completas como novo CEO da GBTA hoje, estou impressionado com o seu compromisso com a Associa\u00e7\u00e3o e uns com os outros. Voc\u00ea \u00e9 apaixonado por querer se conectar e aprender \u2013 melhor, mais r\u00e1pido e online! E voc\u00ea tamb\u00e9m valoriza a advocacia como nunca antes \u2013 algo que Shane Downey e outros da minha equipe GBTA est\u00e3o moldando com a ajuda de especialistas em pol\u00edticas dos EUA, Europa e Canad\u00e1. Voc\u00ea est\u00e1 convencido de que o GBTA amplifica sua voz dentro das viagens de neg\u00f3cios \u2013 e tamb\u00e9m dentro de suas empresas, \u00e0 medida que voc\u00ea e sua lideran\u00e7a procuram a abordagem certa para recome\u00e7ar as viagens para impulsionar o sucesso dos funcion\u00e1rios e dos neg\u00f3cios.<\/p>\n<p>&nbsp;<\/p>\n<p>Em n\u00edvel local, nossos l\u00edderes de cap\u00edtulos s\u00e3o nossas organiza\u00e7\u00f5es comunit\u00e1rias de base que impulsionam programa\u00e7\u00e3o inteligente, networking e oportunidades de conex\u00e3o de carreira. Temos uma rede t\u00e3o poderosa de volunt\u00e1rios, e eu agrade\u00e7o por todo o tempo, ideias e comunica\u00e7\u00f5es que voc\u00eas compartilham uns com os outros e com seus membros.<\/p>\n<p>&nbsp;<\/p>\n<p>Esta semana vou conhecer nossos l\u00edderes de comit\u00eas, bem como nosso Conselho de Lideran\u00e7a Aliada \u2013 entre muitos outros \u2013 e mal posso esperar para ouvir e aprender mais.<\/p>\n<p>&nbsp;<\/p>\n<p>E um pedido final: se lan\u00e7armos uma enquete r\u00e1pida de vez em quando nas pr\u00f3ximas semanas, espero que voc\u00ea participe e nos d\u00ea um feedback r\u00e1pido, para que minha talentosa equipe e eu possamos usar esses dados para nos ajudar a moldar a melhor programa\u00e7\u00e3o poss\u00edvel no pr\u00f3ximos meses.<\/p>\n<p><strong>&nbsp;<\/strong><\/p>\n<p><strong><u>Aqui est\u00e3o mais not\u00edcias para saber<\/u><\/strong><\/p>\n<p><strong>&nbsp;<\/strong><\/p>\n<p><strong>US Travel Association \u2013 A abertura de viagens de neg\u00f3cios \u00e9 um fator determinante na recupera\u00e7\u00e3o: <\/strong>Na semana passada, o presidente e CEO da USTA, Roger Dow, anunciou que a chave para a recupera\u00e7\u00e3o de viagens ser\u00e1 reabrir as viagens de neg\u00f3cios. Em rela\u00e7\u00e3o aos departamentos de viagens corporativas, Dow disse: \u201cQuando eles come\u00e7am a viajar mais, e est\u00e3o come\u00e7ando agora com pequenas reuni\u00f5es, uma coisa que vai estimular \u00e9 quando uma organiza\u00e7\u00e3o v\u00ea outra ganhar participa\u00e7\u00e3o de mercado porque as pessoas estiveram l\u00e1 pessoalmente. -face\u2026 Isso ser\u00e1 um fator determinante.\u201d <a href=\"https:\/\/www.businesstravelnews.com\/Lodging\/USTA-Recovery-Will-Take-Longer-Without-Business-Travel\">Clique aqui para ler mais<\/a>.<\/p>\n<p><strong>&nbsp;<\/strong><\/p>\n<p><strong>Legisla\u00e7\u00e3o da UE mais r\u00edgida: voc\u00ea est\u00e1 atualizado? <\/strong>Ap\u00f3s o Brexit, a UE est\u00e1 exigindo que viajantes da UE e de fora da UE obtenham certificados de seguran\u00e7a social A1 e, em alguns casos, arquivem notifica\u00e7\u00f5es de Trabalhador Postado antes de realizar viagens de trabalho. O impacto para os empregadores \u00e9 significativo, com multas por descumprimento. O GBTA e o parceiro VDR t\u00eam feito lobby em Bruxelas para isentar viagens de neg\u00f3cios at\u00e9 um determinado per\u00edodo de perman\u00eancia para o A1. Estima-se que isso removeria 95% das viagens de neg\u00f3cios de seus membros do escopo de A1. Para saber como essa legisla\u00e7\u00e3o afetar\u00e1 sua organiza\u00e7\u00e3o, assista <a href=\"https:\/\/players.brightcove.net\/4179652749001\/rJ9dgGR9_default\/index.html?videoId=6231327484001\">\u201cO ABC dos Regulamentos A1 e Diretrizes de Trabalhadores Destacados\u201d,<\/a> um webinar organizado pela GBTA Europe.<\/p>\n<p>&nbsp;<\/p>\n<p><strong>China estabelece meta de vacina\u00e7\u00e3o contra COVID-19:<\/strong> De acordo com Zhong Nanshan, l\u00edder de um grupo de especialistas ligado \u00e0 Comiss\u00e3o Nacional de Sa\u00fade, a China pretende vacinar 40% de sua popula\u00e7\u00e3o at\u00e9 junho de 2021. O pa\u00eds tem demorado a vacinar, dando 3,56 doses por 100 pessoas at\u00e9 agora, em compara\u00e7\u00e3o com Israel, o mais r\u00e1pido a vacinar, que deu 94 doses por 100 pessoas. O ritmo lento de vacina\u00e7\u00e3o \u00e9 atribu\u00eddo ao sucesso do pa\u00eds em controlar o surto por meio de medidas de mitiga\u00e7\u00e3o. <a href=\"https:\/\/www.channelnewsasia.com\/news\/asia\/covid-19-china-vaccinate-40-per-cent-population-by-june-14320664\">Clique aqui para ler mais<\/a>.<\/p>\n<p><strong>&nbsp;<\/strong><\/p>\n<p><strong>Vacina Johnson &amp; Johnson COVID aprovada no Canad\u00e1: <\/strong>Na semana passada, o regulador de sa\u00fade do Canad\u00e1 autorizou o uso da vacina de dose \u00fanica da Johnson &amp; Johnson. O Canad\u00e1 encomendou 10 milh\u00f5es de doses dessa vacina, com op\u00e7\u00e3o de outras 28 milh\u00f5es. Os l\u00edderes esperam que a nova vacina ajude a aumentar significativamente a taxa de vacina\u00e7\u00e3o do pa\u00eds. <a href=\"https:\/\/www.cbc.ca\/news\/health\/how-approval-of-johnson-johnson-s-one-and-done-covid-19-vaccine-could-change-canada-s-vaccination-game-1.5928528\">Clique aqui para ler mais<\/a>.<\/p>\n<p>&nbsp;<\/p>\n<p>Mais not\u00edcias empolgantes no Canad\u00e1... Nancy Tudorache, do GBTA Canad\u00e1, foi convidada a participar da For\u00e7a-Tarefa Ministerial de Recupera\u00e7\u00e3o Econ\u00f4mica do Turismo do Governo Provincial do Canad\u00e1. Isso d\u00e1 \u00e0 GBTA uma presen\u00e7a importante em um grupo que aconselhar\u00e1 o Governo Provincial de Ont\u00e1rio sobre estrat\u00e9gias, t\u00e1ticas e abordagens que o governo deve considerar ao reabrir viagens e turismo em Ont\u00e1rio, a maior prov\u00edncia do Canad\u00e1.<\/p>\n<p>&nbsp;<\/p>\n<p><strong><u>Not\u00edcias e lembretes GBTA<\/u>:<\/strong><\/p>\n<p><strong><u>&nbsp;<\/u><\/strong><\/p>\n<p><strong>A turn\u00ea de audi\u00e7\u00e3o come\u00e7a na pr\u00f3xima semana:<\/strong> Estou animado para anunciar que as datas para minha turn\u00ea de escuta foram definidas! Este tour de escuta me d\u00e1 a chance de conversar com voc\u00ea em tempo real \u2013 nossos membros, l\u00edderes do setor, fornecedores e patrocinadores. Estarei compartilhando um pouco sobre mim e minha vis\u00e3o para o GBTA e tirando suas d\u00favidas, enviadas com anteced\u00eancia. <a href=\"https:\/\/form.jotform.com\/210616267586158\">Clique aqui para enviar suas perguntas<\/a>.<\/p>\n<ul>\n<li><strong>16 de mar\u00e7o<\/strong>: Sess\u00e3o da Europe Listening Tour, durante o<a href=\"https:\/\/gbta.org\/pt\/calendar\/all-programs\/eventid\/1089\/e\/gbta_europe_town_hall-16-03-2021\/\"> C\u00e2mara Municipal GBTA Europa<\/a><\/li>\n<li><strong>23 de mar\u00e7o: <\/strong>N\u00d3S. Sess\u00e3o da turn\u00ea de audi\u00e7\u00e3o da regi\u00e3o leste - <a href=\"https:\/\/gbta.org\/pt\/calendar\/all-programs\/eventid\/1121\/e\/us_east_region_listening_tour_with_gbta\/\">registro<\/a><\/li>\n<li><strong>24 de mar\u00e7o: <\/strong>N\u00d3S. Sess\u00e3o da turn\u00ea de audi\u00e7\u00e3o da regi\u00e3o centro-oeste \u2013 <a href=\"https:\/\/gbta.org\/pt\/calendar\/all-programs\/eventid\/1122\/e\/us_midwest_region_listening_tour_with_gbta\/\">registro<\/a><\/li>\n<li><strong>25 de mar\u00e7o<\/strong>: Sess\u00e3o do LATAM Listening Tour, durante o<a href=\"https:\/\/gbta.org\/pt\/calendar\/all-programs\/eventid\/1103\/e\/gbta-mexico-town-hall-25-mar-2021\/\"> C\u00e2mara Municipal GBTA LATAM<\/a><\/li>\n<li><strong>25 de mar\u00e7o: <\/strong>N\u00d3S. Sess\u00e3o da turn\u00ea de audi\u00e7\u00e3o da regi\u00e3o oeste - <a href=\"https:\/\/gbta.org\/pt\/calendar\/all-programs\/eventid\/1123\/e\/us_west_region_listening_tour_with_gbta\/\">registro<\/a><\/li>\n<li><strong>29 de mar\u00e7o:<\/strong> Sess\u00e3o da turn\u00ea de escuta do leste do Canad\u00e1 \u2013 <a href=\"https:\/\/gbta.org\/pt\/calendar\/all-programs\/eventid\/1126\/e\/eastern_canada_listening_tour_with_gbta\/\">registro<\/a><\/li>\n<li><strong>31 de mar\u00e7o: <\/strong>Excurs\u00e3o de audi\u00e7\u00e3o no oeste do Canad\u00e1 - <a href=\"https:\/\/gbta.org\/pt\/calendar\/all-programs\/eventid\/1127\/e\/western_canada_listening_tour_with_gbta\/\">registro<\/a><\/li>\n<\/ul>\n<p>&nbsp;<\/p>\n<p><strong>GBTA Coronavirus Poll #17 \u2013 Compartilhe seu ponto de vista: <\/strong>A s\u00e9rie de pesquisas de coronav\u00edrus GBTA foi lan\u00e7ada no in\u00edcio da pandemia e ainda est\u00e1 em andamento. Um e-mail foi enviado para coletar suas respostas para nossa 17\u00aa enquete da s\u00e9rie. Ajude-nos a obter os melhores dados poss\u00edveis para ajudar em nossos esfor\u00e7os de advocacia, participando da pesquisa e compartilhando seu ponto de vista.<\/p>\n<p>&nbsp;<\/p>\n<p><strong>Marque seus calend\u00e1rios - Pr\u00f3ximas reuni\u00f5es, eventos e prazos do GBTA: <\/strong><\/p>\n<p>&nbsp;<\/p>\n<ul>\n<li><strong>8 de mar\u00e7o: <\/strong><a href=\"https:\/\/europeconference.gbta.org\/Programme\/Call-for-Proposals?_ga=2.39549027.1793034322.1615133593-1780588418.1595976199\">Prazo para submiss\u00e3o de propostas de sess\u00f5es educativas<\/a> para a Confer\u00eancia GBTA Europe 2021 em Wiesbaden<\/li>\n<li><strong>9 de mar\u00e7o<\/strong>: O GBTA Canada Regional Direct Talks para compradores de viagens \u00e9 um f\u00f3rum baseado em pares para discutir, colaborar e contribuir para a constru\u00e7\u00e3o de um kit de ferramentas para compradores de viagens canadenses. <a href=\"https:\/\/form.jotform.com\/201313444723142\">Inscreva-se aqui para a sess\u00e3o<\/a>.<\/li>\n<li><strong>11 de mar\u00e7o: <\/strong>O primeiro webinar do GBTA Canada na nova s\u00e9rie de webinars do Comit\u00ea Canadense. O Comit\u00ea de Risco Canadense apresentar\u00e1 \u201cProvando o futuro da sua pol\u00edtica de risco de viagem: como as organiza\u00e7\u00f5es podem construir resili\u00eancia por meio do gerenciamento de risco\u201d. <a href=\"https:\/\/gbta.org\/pt\/EventCalendar\/EventRegistrationStep1\/?eventcd=03DL1121\">Registre-se aqui<\/a>.<\/li>\n<li><strong>16 de mar\u00e7o: <\/strong><a href=\"https:\/\/gbta.org\/pt\/calendar\/all-programs\/eventid\/1089\/e\/gbta_europe_town_hall-16-03-2021\/\">C\u00e2mara Municipal GBTA Europa<\/a><\/li>\n<li><strong>25 de mar\u00e7o:<\/strong> <a href=\"https:\/\/gbta.org\/pt\/calendar\/all-programs\/eventid\/1103\/e\/gbta-mexico-town-hall-25-mar-2021\/\">C\u00e2mara Municipal GBTA LATAM<\/a><\/li>\n<li><strong>7 de abril:<\/strong> <a href=\"https:\/\/gbta.org\/pt\/calendar\/all-programs\/eventid\/1102\/e\/gbta-canada-town-hall-7-apr-2021\/\">C\u00e2mara Municipal GBTA Canad\u00e1<\/a><\/li>\n<li><strong>22 de junho: <\/strong>Masterclass GBTA France, um evento emblem\u00e1tico da GBTA France, \u00e9 o ponto de encontro para profissionais de viagens de neg\u00f3cios e MICE. <a href=\"https:\/\/gbta.org\/pt\/calendar\/programs-by-location\/europe\/gbta-france-masterclass-2021\/\">Clique aqui para se inscrever nesta Masterclass<\/a>.<\/li>\n<\/ul>\n<p>&nbsp;<\/p>\n<p><strong>Breve fechamento<\/strong><\/p>\n<p>&nbsp;<\/p>\n<p>Ent\u00e3o, isso \u00e9 um encerramento para o check-in desta semana - mas h\u00e1 muito mais para fazer antes do fim de semana (e muito tempo para faz\u00ea-lo)!<\/p>\n<p>&nbsp;<\/p>\n<p>Fique bem \u2013 e n\u00e3o se esque\u00e7a de falar com algu\u00e9m de quem voc\u00ea n\u00e3o tem not\u00edcias h\u00e1 algum tempo.<\/p>\n<p>&nbsp;<\/p>\n<p>Suzanne<\/p>\n<p>&nbsp;<\/p>","protected":false},"excerpt":{"rendered":"<p>Ol\u00e1 a todos, hora de fazer o check-in! Estas s\u00e3o palavras t\u00e3o boas, que todos adorar\u00edamos ver regularmente novamente em nossos aplicativos de viagens \u2013 antecipando as reuni\u00f5es, agendas, relacionamentos e sucesso nos neg\u00f3cios que nos levam a viajar em primeiro lugar. Ent\u00e3o, \u00e9 a segunda semana para mim no GBTA! E \u00e9 hora de\u2026<\/p>","protected":false},"author":25,"featured_media":0,"comment_status":"open","ping_status":"open","sticky":false,"template":"","format":"standard","meta":{"_acf_changed":false,"_seopress_robots_primary_cat":"none","_seopress_titles_title":"","_seopress_titles_desc":"","_seopress_robots_index":"","om_disable_all_campaigns":false,"_relevanssi_hide_post":"","_relevanssi_hide_content":"","_relevanssi_pin_for_all":"","_relevanssi_pin_keywords":"","_relevanssi_unpin_keywords":"","_relevanssi_related_keywords":"","_relevanssi_related_include_ids":"","_relevanssi_related_exclude_ids":"","_relevanssi_related_no_append":"","_relevanssi_related_not_related":"","_relevanssi_related_posts":"2477,1439,2017,1620,1171,2495","_relevanssi_noindex_reason":"","_kad_blocks_custom_css":"","_kad_blocks_head_custom_js":"","_kad_blocks_body_custom_js":"","_kad_blocks_footer_custom_js":"","_kad_post_transparent":"","_kad_post_title":"","_kad_post_layout":"","_kad_post_sidebar_id":"","_kad_post_content_style":"","_kad_post_vertical_padding":"","_kad_post_feature":"","_kad_post_feature_position":"","_kad_post_header":false,"_kad_post_footer":false,"footnotes":"","_links_to":"","_links_to_target":""},"categories":[106,37],"tags":[],"class_list":["post-2480","post","type-post","status-publish","format-standard","hentry","category-latin-america","category-research-and-travel-trends"],"acf":[],"featured_image_src_large":false,"author_info":{"display_name":"jcampbell","author_link":"https:\/\/gbta.org\/pt\/author\/jcampbell\/"},"comment_info":"","category_info":[{"term_id":106,"name":"Latin America","slug":"latin-america","term_group":0,"term_taxonomy_id":106,"taxonomy":"category","description":"","parent":0,"count":54,"filter":"raw","cat_ID":106,"category_count":54,"category_description":"","cat_name":"Latin America","category_nicename":"latin-america","category_parent":0},{"term_id":37,"name":"Research and Travel Trends","slug":"research-and-travel-trends","term_group":0,"term_taxonomy_id":37,"taxonomy":"category","description":"","parent":0,"count":966,"filter":"raw","cat_ID":37,"category_count":966,"category_description":"","cat_name":"Research and Travel Trends","category_nicename":"research-and-travel-trends","category_parent":0}],"tag_info":false,"taxonomy_info":{"category":[{"value":106,"label":"Latin America"},{"value":37,"label":"Research and Travel Trends"}]},"featured_image_src":null,"featured_image_src_square":null,"mfb_rest_fields":["featured_image_src_large","author_info","comment_info","category_info","tag_info","taxonomy_info","featured_image_src","featured_image_src_square"],"_links":{"self":[{"href":"https:\/\/gbta.org\/pt\/wp-json\/wp\/v2\/posts\/2480","targetHints":{"allow":["GET"]}}],"collection":[{"href":"https:\/\/gbta.org\/pt\/wp-json\/wp\/v2\/posts"}],"about":[{"href":"https:\/\/gbta.org\/pt\/wp-json\/wp\/v2\/types\/post"}],"author":[{"embeddable":true,"href":"https:\/\/gbta.org\/pt\/wp-json\/wp\/v2\/users\/25"}],"replies":[{"embeddable":true,"href":"https:\/\/gbta.org\/pt\/wp-json\/wp\/v2\/comments?post=2480"}],"version-history":[{"count":0,"href":"https:\/\/gbta.org\/pt\/wp-json\/wp\/v2\/posts\/2480\/revisions"}],"wp:attachment":[{"href":"https:\/\/gbta.org\/pt\/wp-json\/wp\/v2\/media?parent=2480"}],"wp:term":[{"taxonomy":"category","embeddable":true,"href":"https:\/\/gbta.org\/pt\/wp-json\/wp\/v2\/categories?post=2480"},{"taxonomy":"post_tag","embeddable":true,"href":"https:\/\/gbta.org\/pt\/wp-json\/wp\/v2\/tags?post=2480"}],"curies":[{"name":"wp","href":"https:\/\/api.w.org\/{rel}","templated":true}]}}