{"id":2488,"date":"2021-03-16T10:00:00","date_gmt":"2021-03-16T14:00:00","guid":{"rendered":"https:\/\/gbta.org\/daily-news-brief-march-16-2021\/"},"modified":"2022-09-30T10:31:03","modified_gmt":"2022-09-30T14:31:03","slug":"daily-news-brief-march-16-2021","status":"publish","type":"post","link":"https:\/\/gbta.org\/pt\/daily-news-brief-march-16-2021\/","title":{"rendered":"Resumo di\u00e1rio de not\u00edcias - 16 de mar\u00e7o de 2021"},"content":{"rendered":"<p>Ol\u00e1 colegas globais:<\/p>\n<p>Estou \u201cfazendo check-in\u201d hoje, cheio de expectativa enquanto aguardo ansiosamente pela minha primeira sess\u00e3o oficial do Member Listening Tour\u2026 come\u00e7ando hoje com a sess\u00e3o #1 na Europa. Perguntas e respostas atenciosas motivadas por suas perguntas escritas e uma conversa moderada por Mark Cuschieri hoje dar\u00e3o o tom para o restante das sess\u00f5es de nossa s\u00e9rie deste m\u00eas. (Inscreva-se na sess\u00e3o da pr\u00f3xima semana na regi\u00e3o da costa leste dos EUA <a href=\"https:\/\/gbta.org\/pt\/EventCalendar\/EventRegistrationStep1\/?eventcd=23DL0321&amp;_ga=2.138757169.320039011.1615820790-83511845.1562708243\">aqui<\/a>). Mal posso esperar para ouvir de voc\u00ea!<\/p>\n<p>O que discutiremos hoje ser\u00e1 adicionado \u00e0 pilha crescente de aprendizados de conversas eloquentes entre membros e patrocinadores que j\u00e1 tive em minhas primeiras 3 semanas como CEO... bem como das dez horas de sess\u00f5es de grupo focal do Projeto Unite do GBTA-ACTE ( cujo resumo de aprendizados divulgaremos em breve):<\/p>\n<ul>\n<li>Os membros e patrocinadores querem que o GBTA se lembre das li\u00e7\u00f5es do nosso passado \u2013 mas que se concentre intensamente no futuro, melhorando <strong>nosso N\u00facleo<\/strong>\u2026 impulsionando a mudan\u00e7a e a transpar\u00eancia ao longo do caminho. Se fizermos isto bem, ficar\u00e1 evidente atrav\u00e9s de uma ind\u00fastria em recupera\u00e7\u00e3o, de um mercado bilateral saud\u00e1vel, de uma melhor aprendizagem e de redes mais inteligentes.<\/li>\n<li><strong>Voluntariado<\/strong> est\u00e1 vivo e bem \u2013 com paix\u00e3o! Fico admirado quando os membros individuais dedicam centenas de horas coletivas para an\u00e1lises de governan\u00e7a, programa\u00e7\u00e3o educacional, comit\u00eas\/padr\u00f5es, explora\u00e7\u00e3o de inova\u00e7\u00e3o e programa\u00e7\u00e3o de cap\u00edtulos locais\/regionais.<\/li>\n<li>Nossa ind\u00fastria precisa de um(a) forte(a) <strong>voz coletiva<\/strong>. Continua a haver uma enorme necessidade de defesa organizada de governos\/pol\u00edticas a n\u00edvel nacional e internacional.<\/li>\n<li>A associa\u00e7\u00e3o \u2013 e a ind\u00fastria \u2013 est\u00e3o passando por um <strong>reiniciar<\/strong>. Voltaremos melhores, com grades de prote\u00e7\u00e3o mais fortes para nos guiar.<\/li>\n<li><strong>Conven\u00e7\u00e3o em Orlando em julho<\/strong> est\u00e1 na mente de todos como um passo importante em dire\u00e7\u00e3o a essa recupera\u00e7\u00e3o e reinicializa\u00e7\u00e3o. \u00c0 medida que come\u00e7amos a avaliar a opini\u00e3o dos participantes em participar pessoalmente ou virtualmente, ou\u00e7o falar de compradores que foram vacinados e est\u00e3o ansiosos para ver no que os fornecedores, empresas de gest\u00e3o de viagens e empreendedores de tecnologia t\u00eam trabalhado \u2013 e como levar seus viajantes com seguran\u00e7a e sucesso de volta l\u00e1 fora. (Fique atento \u00e0s pr\u00f3ximas pesquisas flash regulares da GBTA para que possamos usar os melhores dados dispon\u00edveis para planejar nosso evento com sabedoria.)<\/li>\n<\/ul>\n<p>O retorno das viagens de neg\u00f3cios \u201cmelhores\u201d foi o tema da minha conversa com <a href=\"https:\/\/www.nytimes.com\/2021\/03\/10\/opinion\/business-travel-videoconferencing.html\">Farhad Manjoo do New York Times em seu artigo de opini\u00e3o publicado no final da semana passada.<\/a><\/p>\n<p>Ao encerrar esta semana, s\u00f3 queria ter certeza de que voc\u00eas receberam a not\u00edcia de que minha cidade natal, Nova York, abre para visitas sem quarentena a partir de 1\u00ba de abril \u2013 o que \u00e9 um marco incr\u00edvel depois desta grande cidade de -o mundo viu alguns dos piores dos piores h\u00e1 um ano, no in\u00edcio da pandemia de COVID. A not\u00edcia gerou muita alegria para muitos que conhe\u00e7o que desejam voltar a trabalhar aqui com o retorno do turismo e das viagens de neg\u00f3cios. E para todos n\u00f3s \u00e9 um sinal de que a normalidade est\u00e1 cada vez mais pr\u00f3xima, para todos desfrutarmos muito em breve. Mas tamb\u00e9m precisamos de nos lembrar de manter a dilig\u00eancia em mat\u00e9ria de sa\u00fade p\u00fablica, para que estes retornos arduamente conquistados n\u00e3o sejam prejudicados pelas recupera\u00e7\u00f5es da COVID. A vigil\u00e2ncia \u00e9 fundamental \u2013 precisamos de continuar a mitigar os riscos, mesmo que n\u00e3o consigamos elimin\u00e1-los completamente.<\/p>\n<p><a href=\"https:\/\/gbta.org\/pt\/blog\/check-in-with-suzanne-3\/\">Leia mais &gt;&gt;<\/a><\/p>\n<p>&nbsp;<\/p>\n<p><span class=\"font-13\"><strong>Not\u00edcias do covid-19&nbsp;<\/strong><\/span><\/p>\n<p><a href=\"https:\/\/www.washingtonpost.com\/nation\/2021\/03\/16\/coronavirus-covid-live-updates-us\/\" target=\"_blank\" rel=\"noopener\">Lan\u00e7amento global da vacina AstraZeneca inalterado pelas suspens\u00f5es na Europa, afirma a OMS<\/a> <span><em>(O POST DE WASHINGTON)<\/em><\/span><\/p>\n<p><a href=\"https:\/\/www.globaltimes.cn\/page\/202103\/1218483.shtml\" target=\"_blank\" rel=\"noopener\">China aprova quarta vacina contra COVID-19 para uso emergencial<\/a> <span><em>(TEMPOS GLOBAIS)<\/em><\/span><\/p>\n<p><a href=\"https:\/\/www.reuters.com\/article\/us-health-coronavirus-johnson-johnson-ta-idINKBN2B7205\" target=\"_blank\" rel=\"noopener\">Takeda concede capacidade de produ\u00e7\u00e3o alem\u00e3 \u00e0 J&amp;J para inje\u00e7\u00e3o contra COVID-19<\/a> <span><em>(REUTERS)<\/em><\/span><\/p>\n<p><a href=\"https:\/\/www.politico.eu\/article\/eu-countries-pause-oxford-astrazeneca-coronavirus-vaccine-regulator-vouches-for-safety\/\" target=\"_blank\" rel=\"noopener\">Mais pa\u00edses suspendem a vacina Oxford\/AstraZeneca contra o conselho dos reguladores da UE<\/a> <span><em>(POL\u00cdTICO)<\/em><\/span><\/p>\n<p>&nbsp;<\/p>\n<p><span class=\"font-13\"><strong>Destaque da ind\u00fastria<br \/>\n<\/strong><\/span><strong>Torne-se um pronto. Seguro. Viagem. Especialista em maio<\/strong><\/p>\n<p><strong>Registre-se hoje! Pre\u00e7os antecipados aumentam em 31 de mar\u00e7o<\/strong><\/p>\n<p>Aprenda como fazer a transi\u00e7\u00e3o de viagens de neg\u00f3cios, reuni\u00f5es e suas pr\u00e1ticas para al\u00e9m da pandemia. Conclua o programa de treinamento virtual para se tornar um Ready. Seguro. Viagem. Especialista.<\/p>\n<p><a href=\"https:\/\/gbta.org\/pt\/calendar\/programs-by-location\/north-america\/ready-safe-travel-training-program\/?utm_source=DNB&amp;utm_medium=email&amp;utm_campaign=RSTtraining\">Saiba mais e cadastre-se agora &gt;&gt;<\/a><\/p>\n<p>&nbsp;<\/p>\n<p><strong>N\u00e3o perca a oportunidade de conhecer Suzanne Neufang, CEO da GBTA <\/strong><br \/>\n<strong>O tour de escuta virtual continua na pr\u00f3xima semana!<\/strong><\/p>\n<p>Suzanne Neufang, a nova CEO da GBTA, est\u00e1 iniciando sua nova fun\u00e7\u00e3o ouvindo e verificando voc\u00eas \u2013 nossos membros, l\u00edderes do setor, fornecedores e patrocinadores. Durante este tour de escuta, Suzanne fornecer\u00e1 uma vis\u00e3o geral de sua experi\u00eancia, compartilhar\u00e1 sua vis\u00e3o futura para o GBTA e responder\u00e1 suas perguntas\/coment\u00e1rios. Os participantes ter\u00e3o a oportunidade de enviar perguntas antes da reuni\u00e3o.<\/p>\n<p>Inscreva-se hoje para conhecer Suzanne em um destes pr\u00f3ximos eventos:<\/p>\n<p>&nbsp;<\/p>\n<p><strong><u>Estados Unidos<\/u><\/strong><\/p>\n<p><strong>Tour de escuta na regi\u00e3o leste dos EUA<\/strong><br \/>\n23 de mar\u00e7o | 15h00 - 16h00 EST<br \/>\n<a href=\"https:\/\/gbta.org\/pt\/calendar\/all-programs\/eventid\/1121\/e\/us-east-region-listening-tour-with-gbtas-ceoexecutive-director-suzanne-neufang-23-mar-2021\/\">Inscreva-se agora &gt;&gt;<\/a><\/p>\n<p><strong>Tour de escuta na regi\u00e3o centro-oeste dos EUA<\/strong><br \/>\n24 de mar\u00e7o | 15h00 - 16h00 EST<br \/>\n<a href=\"https:\/\/gbta.org\/pt\/calendar\/all-programs\/eventid\/1122\/e\/us-midwest-region-listening-tour-with-gbtas-ceoexecutive-director-suzanne-neufang-24-mar-2021\/\">Inscreva-se agora &gt;&gt;<\/a><\/p>\n<p><strong>Tour de escuta na regi\u00e3o oeste dos EUA<\/strong><br \/>\n25 de mar\u00e7o | 15h00 - 16h00 EST<br \/>\n<a href=\"https:\/\/gbta.org\/pt\/calendar\/all-programs\/eventid\/1123\/e\/us-west-region-listening-tour-with-gbtas-ceoexecutive-director-suzanne-neufang-25-mar-2021\/\">Inscreva-se agora &gt;&gt;<\/a><\/p>\n<p>&nbsp;<\/p>\n<p><strong><u>Am\u00e9rica latina<\/u><\/strong><\/p>\n<p><strong>Prefeitura da GBTA LATAM \/ Tour de escuta e \u00faltimos resultados do BTI\u2122 Outlook<\/strong><br \/>\n25 de mar\u00e7o | 10h00 \u2013 11h00 MEX<br \/>\n<a href=\"https:\/\/gbta.org\/pt\/calendar\/all-programs\/eventid\/1103\/e\/foro-gbta-america-latina-25-mar-2021\/\">Inscreva-se agora &gt;&gt;<\/a><\/p>\n<p><strong><u>Canad\u00e1<\/u><\/strong><\/p>\n<p><strong>Tour de audi\u00e7\u00e3o no leste do Canad\u00e1<\/strong><br \/>\n29 de mar\u00e7o | 14h00 - 15h00 EST<br \/>\n<a href=\"https:\/\/gbta.org\/pt\/calendar\/all-programs\/eventid\/1126\/e\/eastern-canada-listening-tour-with-gbtas-ceoexecutive-director-suzanne-neufang-29-mar-2021\/\">Inscreva-se agora &gt;&gt;<\/a><\/p>\n<p><strong>Tour de audi\u00e7\u00e3o no oeste do Canad\u00e1<\/strong><br \/>\n31 de mar\u00e7o | 13h00 - 14h00 EST<br \/>\n<a href=\"https:\/\/gbta.org\/pt\/calendar\/all-programs\/eventid\/1127\/e\/western-canada-listening-tour-with-gbtas-ceoexecutive-director-suzanne-neufang-31-mar-2021\/\">Inscreva-se agora &gt;&gt;<\/a><\/p>\n<p>&nbsp;<\/p>\n<p><span class=\"font-13\"><strong>Desenvolvimento de carreira<\/strong><\/span><\/p>\n<p><strong>Sentindo-se preso em sua carreira? N\u00e3o perca um novo programa de desenvolvimento de carreira: <\/strong><br \/>\n<strong>Construtor de carreira da GBTA em parceria com a Dra. Lucy Rattrie <\/strong><\/p>\n<p>Junte-se a n\u00f3s em um poderoso programa de mentalidade de 21 dias durante todo o m\u00eas de abril para profissionais da ind\u00fastria de viagens e avia\u00e7\u00e3o reconstru\u00edrem sua confian\u00e7a, ganharem clareza e prepararem com calma o caminho para uma carreira pr\u00f3spera em um mundo de cabe\u00e7a para baixo.<\/p>\n<p>As inscri\u00e7\u00f5es terminam em 12 de abril.<\/p>\n<p><a href=\"https:\/\/gbta.org\/pt\/calendar\/programs-by-location\/europe\/career-builder\/\">Saiba mais &gt;&gt;<\/a><\/p>\n<p>&nbsp;<\/p>\n<p><span class=\"font-13\"><strong>Quadro de empregos<br \/>\n<\/strong><\/span><strong>Sua empresa est\u00e1 contratando?<\/strong><\/p>\n<div align=\"left\">\n<p>Use o GBTA Career Center para publicar suas vagas de trabalho em viagens de neg\u00f3cios e acessar milhares de profissionais qualificados do setor que desejam dar o pr\u00f3ximo passo na carreira.<\/p>\n<p><a href=\"https:\/\/jobs.gbta.org\/employer\/pricing\/?extre=1&amp;utm_source=DNB&amp;utm_medium=email&amp;utm_term=jobs&amp;utm_campaign=jobboard\"><strong>Comece &gt;&gt; <\/strong><\/a><\/p>\n<\/div>\n<p>&nbsp;<\/p>\n<p><span class=\"font-13\"><strong>Not\u00edcias de tend\u00eancias do setor<\/strong><\/span><\/p>\n<p><strong>Not\u00edcias da ind\u00fastria aeron\u00e1utica<\/strong><\/p>\n<p><a href=\"https:\/\/simpleflying.com\/british-airways-third-health-passport\/\" target=\"_blank\" rel=\"noopener\">British Airways revela um terceiro aplicativo de passaporte de sa\u00fade para passageiros<\/a> <span><em>(VOO SIMPLES)<\/em><\/span><\/p>\n<p><a href=\"https:\/\/simpleflying.com\/us-airline-recovery-begins\/\" target=\"_blank\" rel=\"noopener\">A tempestade passou? US Airlines v\u00ea reservas come\u00e7ando a ser retiradas<\/a> <span><em>(VOO SIMPLES)<\/em><\/span><\/p>\n<p><a href=\"https:\/\/www.reuters.com\/article\/us-united-arlns-outlook-idUSKBN2B71PL\" target=\"_blank\" rel=\"noopener\">CEO da United Airlines afirma que interromper\u00e1 a queima de caixa em mar\u00e7o<\/a> <span><em>(REUTERS)<\/em><\/span><\/p>\n<p><a href=\"https:\/\/www.azcentral.com\/story\/travel\/airlines\/2021\/03\/15\/southwest-airlines-phoenix-cancun-flights-begin\/4649989001\/\" target=\"_blank\" rel=\"noopener\">Com novos voos Phoenix-M\u00e9xico, Southwest se prepara para demanda de viagens p\u00f3s-pandemia<\/a> <span><em>(AZ CENTRAL)<\/em><\/span><\/p>\n<p><a href=\"https:\/\/digitpatrox.com\/us-airline-chiefs-express-optimism-after-busy-spring-travel-weekend\/\" target=\"_blank\" rel=\"noopener\">Chefes de companhias a\u00e9reas dos EUA expressam otimismo ap\u00f3s movimentado fim de semana de viagens de primavera<\/a> <span><em>(PATROX DE D\u00cdGITOS)<\/em><\/span><\/p>\n<p><strong>Not\u00edcias do setor hoteleiro<\/strong><\/p>\n<p><a href=\"https:\/\/www.businesstravelnews.com\/Procurement\/Private-Equity-Firms-to-Acquire-Extended-Stay-America\" target=\"_blank\" rel=\"noopener\">Empresas de private equity v\u00e3o adquirir a Extended Stay America<\/a> <span><em>(NOT\u00cdCIAS DE VIAGENS DE NEG\u00d3CIOS)<\/em><\/span><\/p>\n<p><a href=\"https:\/\/news.marriott.com\/news\/2021\/03\/15\/marriott-bonvoys-portfolio-of-collection-brands-propels-its-global-footprint-forward-with-nearly-70-distinctive-hotels-expected-to-open-in-2021\" target=\"_blank\" rel=\"noopener\">O portf\u00f3lio de marcas de cole\u00e7\u00e3o do Marriott Bonvoy impulsiona sua presen\u00e7a global com quase 70 hot\u00e9is distintos com inaugura\u00e7\u00e3o prevista para 2021<\/a> <span><em>(MARRIOTT)<\/em><\/span><\/p>\n<p><strong>Mais not\u00edcias do setor<\/strong><\/p>\n<p><a href=\"https:\/\/www.traveldailynews.com\/post\/wttc-welcomes-american-rescue-plan-act-of-2021-from-us-congress\" target=\"_blank\" rel=\"noopener\">WTTC d\u00e1 as boas-vindas \u00e0 \u201cLei do Plano de Resgate Americano de 2021\u201d do Congresso dos EUA<\/a> <span><em>(NOT\u00cdCIAS DI\u00c1RIAS DE VIAGEM)<\/em><\/span><\/p>\n<p>&nbsp;<\/p>\n<p><strong>WINiT by GBTA homenageia l\u00edderes que est\u00e3o promovendo mudan\u00e7as positivas para mulheres em viagens de neg\u00f3cios<\/strong><\/p>\n<p>Em homenagem ao Dia Internacional da Mulher, a GBTA realizou seu segundo WINiT Awards &amp; Gala em 8 de mar\u00e7o de 2021, para homenagear profissionais de viagens de neg\u00f3cios que est\u00e3o abrindo novos caminhos e abrindo caminho para as mulheres na ind\u00fastria de viagens de neg\u00f3cios. Fundada em 2014, a WINiT by GBTA \u00e9 uma rede de mulheres e homens focada em promover mudan\u00e7as positivas para a mobilidade profissional de mulheres em \u00e1reas relacionadas com viagens.<\/p>\n<p><a href=\"https:\/\/youtu.be\/oTtY0gKDb9c\">Assista ao v\u00eddeo &gt;&gt;<\/a><\/p>\n<p>&nbsp;<\/p>\n<p><span class=\"font-13\"><strong>pr\u00f3ximos eventos&nbsp;<\/strong><\/span><\/p>\n<p><strong>Mesa Redonda de Seguran\u00e7a Nacional: O Futuro das Viagens P\u00f3s COVID-19<\/strong><br \/>\n30 de mar\u00e7o | 14h00 EDT<br \/>\n<a href=\"https:\/\/gbta.org\/pt\/calendar\/all-programs\/eventid\/1114\/e\/national_security_roundtable_the_future_of_travel_post_covid-19-30-03-2021\/\">Saiba mais &gt;&gt;<\/a><\/p>\n<p><strong>C\u00e2mara Municipal GBTA Canad\u00e1<\/strong><br \/>\n7 de abril | 14h00 EDT<br \/>\n<a href=\"https:\/\/gbta.org\/pt\/calendar\/all-programs\/eventid\/1102\/e\/gbta-canada-town-hall-7-apr-2021\/\">Saiba mais &gt;&gt;<\/a><\/p>\n<p><strong>Construtor de carreira da GBTA em parceria com a Dra. Lucy Rattrie<\/strong><br \/>\n12 de abril<br \/>\n<a href=\"https:\/\/gbta.org\/pt\/calendar\/all-programs\/eventid\/1124\/e\/career-builder-from-gbta-in-partnership-with-dr-lucy-rattrie-12-apr-2021\/\">Saiba mais &gt;&gt;<\/a><\/p>\n<p>&nbsp;<\/p>\n<p><span class=\"font-13\"><strong>Resumo do WorldAware Intelligence&nbsp;<\/strong><\/span><\/p>\n<p><a href=\"https:\/\/hub.gbta.org\/ijetdailybriefing\" target=\"_blank\" rel=\"noopener\">M\u00e9xico \u2013 Autoridades de sa\u00fade facilitam ainda mais as medidas relacionadas \u00e0 COVID-19<\/a><\/p>\n<p><a href=\"https:\/\/hub.gbta.org\/ijetdailybriefing\" target=\"_blank\" rel=\"noopener\">Reino Unido \u2013 Autoridades v\u00e3o alterar as restri\u00e7\u00f5es de entrada para viajantes<\/a><\/p>\n<p><a href=\"https:\/\/hub.gbta.org\/ijetdailybriefing\" target=\"_blank\" rel=\"noopener\">Estados Unidos \u2013 Sistema para trazer fortes nevascas, gelo e ventos fortes para partes da regi\u00e3o Centro-Oeste<\/a><\/p>\n<p><a href=\"https:\/\/hub.gbta.org\/ijetdailybriefing\" target=\"_blank\" rel=\"noopener\">Estados Unidos \u2013 Previs\u00e3o de fortes chuvas, ventos fortes, granizo e poss\u00edveis inunda\u00e7\u00f5es nas regi\u00f5es centro e sudeste<\/a><\/p>\n<p><a href=\"https:\/\/hub.gbta.org\/ijetdailybriefing\" target=\"_blank\" rel=\"noopener\">Estados Unidos \u2013 Perturba\u00e7\u00f5es relacionadas com tempestades de inverno continuam em todo o Colorado<\/a><\/p>\n<p>&nbsp;<\/p>\n<p><span class=\"font-13\"><strong>Recursos COVID-19<\/strong><\/span><\/p>\n<p><strong>Centros de Controle e Preven\u00e7\u00e3o de Doen\u00e7as (CDC)<\/strong><\/p>\n<ul>\n<li><a href=\"https:\/\/www.cdc.gov\/coronavirus\/2019-ncov\/whats-new-all.html\">Painel do CDC<\/a><\/li>\n<\/ul>\n<p><strong>Administra\u00e7\u00e3o de Seguran\u00e7a de Transporte (TSA)<\/strong><\/p>\n<ul>\n<li><a href=\"https:\/\/www.tsa.gov\/news\/press\/releases\/2020\/05\/21\/tsa-prepared-summer-travelers-updated-security-procedures\">Vis\u00e3o geral do \u201cMantenha-se Saud\u00e1vel\u201d da TSA. Fique Seguro.\u201d Campanha<\/a><\/li>\n<\/ul>\n<p><strong>Informa\u00e7\u00f5es do visto<\/strong><\/p>\n<ul>\n<li><a href=\"https:\/\/cibtvisas.com\/coronavirus-travel-and-immigration-disruption?utm_source=GBTA&amp;utm_medium=email&amp;utm_campaign=covid-19-blog\">Guia de viagem e imigra\u00e7\u00e3o CIBTvisas COVID-19<\/a><\/li>\n<li><a href=\"https:\/\/cibtvisas.com\/health-requirements?utm_source=GBTA&amp;utm_medium=email&amp;utm_campaign=entry-guide\">Guia de entrada do CIBT<\/a><\/li>\n<\/ul>\n<p><a href=\"https:\/\/gbta.org\/pt\/news-advocacy\/gbta-statement-on-coronavirus-resources\/#resources\">Ver Recursos Adicionais &gt;&gt;<\/a><\/p>\n<p>&nbsp;<\/p>\n<p><span><strong>Este e-mail foi encaminhado para voc\u00ea? Por favor <\/strong><\/span> <span><a href=\"https:\/\/www3.gbta.org\/l\/5572\/2019-12-03\/6dbnwn\"><strong>inscreva-se para receber e-mails GBTA<\/strong><\/a><strong>.<\/strong><\/span><\/p>\n<p><span><a href=\"https:\/\/www3.gbta.org\/l\/5572\/2020-01-13\/6dkck2\"><strong>N\u00e3o \u00e9 um membro? Junte-se hoje!<\/strong><\/a><\/span><\/p>\n<p><a href=\"mailto:sponsor@gbta.org?subject=Daily News Brief Sponsorship Inquiry\"><strong>Anunciar<\/strong><\/a> | <a href=\"https:\/\/www3.gbta.org\/l\/5572\/2020-02-26\/6dz679\"><strong>Publicar um trabalho<\/strong><\/a> | <a href=\"https:\/\/form.jotform.com\/210465495941158\"><strong>Qu\u00e3o <em>c<\/em>um GBTA ajuda a resolver os desafios do seu setor?<\/strong><\/a><\/p>\n<p><strong><span>Associa\u00e7\u00e3o Global de Viagens de Neg\u00f3cios<\/span><\/strong><br \/>\n1101 King Street, Suite 500, Alexandria, VA 22314, EUA<br \/>\ntelefone: +1 703 684 0836 | rede: <a href=\"https:\/\/gbta.org\/pt\/\">gbta.org<\/a><\/p>\n<p><a href=\"https:\/\/preview.pardot.com\/email\/showHtmlMessage\/id\/{{{EmailPreferenceCenter_1773}}}\">Atualize suas prefer\u00eancias de e-mail GBTA<\/a><br \/>\n<em>Copyright \u00a9 2021, Todos os direitos reservados.<\/em><\/p>","protected":false},"excerpt":{"rendered":"<p>Ol\u00e1, Colegas Globais: Estou fazendo o \u201ccheck-in\u201d hoje, cheio de expectativa enquanto espero ansiosamente pela minha primeira sess\u00e3o oficial do Member Listening Tour\u2026 come\u00e7ando hoje com a sess\u00e3o #1 na Europa. Perguntas e respostas ponderadas, motivadas por suas perguntas escritas e uma conversa moderada por Mark Cuschieri hoje, definir\u00e3o o tom para o restante das sess\u00f5es\u2026<\/p>","protected":false},"author":25,"featured_media":0,"comment_status":"open","ping_status":"open","sticky":false,"template":"","format":"standard","meta":{"_acf_changed":false,"_seopress_robots_primary_cat":"none","_seopress_titles_title":"","_seopress_titles_desc":"","_seopress_robots_index":"","om_disable_all_campaigns":false,"_relevanssi_hide_post":"","_relevanssi_hide_content":"","_relevanssi_pin_for_all":"","_relevanssi_pin_keywords":"","_relevanssi_unpin_keywords":"","_relevanssi_related_keywords":"","_relevanssi_related_include_ids":"","_relevanssi_related_exclude_ids":"","_relevanssi_related_no_append":"","_relevanssi_related_not_related":"","_relevanssi_related_posts":"2486,2493,2494,2509,2491,2474","_relevanssi_noindex_reason":"","_kad_blocks_custom_css":"","_kad_blocks_head_custom_js":"","_kad_blocks_body_custom_js":"","_kad_blocks_footer_custom_js":"","_kad_post_transparent":"","_kad_post_title":"","_kad_post_layout":"","_kad_post_sidebar_id":"","_kad_post_content_style":"","_kad_post_vertical_padding":"","_kad_post_feature":"","_kad_post_feature_position":"","_kad_post_header":false,"_kad_post_footer":false,"footnotes":"","_links_to":"","_links_to_target":""},"categories":[1437,1],"tags":[],"class_list":["post-2488","post","type-post","status-publish","format-standard","hentry","category-covid-19","category-uncategorized"],"acf":[],"featured_image_src_large":false,"author_info":{"display_name":"jcampbell","author_link":"https:\/\/gbta.org\/pt\/author\/jcampbell\/"},"comment_info":"","category_info":[{"term_id":1437,"name":"COVID-19","slug":"covid-19","term_group":0,"term_taxonomy_id":1437,"taxonomy":"category","description":"","parent":0,"count":124,"filter":"raw","cat_ID":1437,"category_count":124,"category_description":"","cat_name":"COVID-19","category_nicename":"covid-19","category_parent":0},{"term_id":1,"name":"Uncategorized","slug":"uncategorized","term_group":0,"term_taxonomy_id":1,"taxonomy":"category","description":"","parent":0,"count":198,"filter":"raw","cat_ID":1,"category_count":198,"category_description":"","cat_name":"Uncategorized","category_nicename":"uncategorized","category_parent":0}],"tag_info":false,"taxonomy_info":{"category":[{"value":1437,"label":"COVID-19"},{"value":1,"label":"Uncategorized"}]},"featured_image_src":null,"featured_image_src_square":null,"mfb_rest_fields":["featured_image_src_large","author_info","comment_info","category_info","tag_info","taxonomy_info","featured_image_src","featured_image_src_square"],"_links":{"self":[{"href":"https:\/\/gbta.org\/pt\/wp-json\/wp\/v2\/posts\/2488","targetHints":{"allow":["GET"]}}],"collection":[{"href":"https:\/\/gbta.org\/pt\/wp-json\/wp\/v2\/posts"}],"about":[{"href":"https:\/\/gbta.org\/pt\/wp-json\/wp\/v2\/types\/post"}],"author":[{"embeddable":true,"href":"https:\/\/gbta.org\/pt\/wp-json\/wp\/v2\/users\/25"}],"replies":[{"embeddable":true,"href":"https:\/\/gbta.org\/pt\/wp-json\/wp\/v2\/comments?post=2488"}],"version-history":[{"count":0,"href":"https:\/\/gbta.org\/pt\/wp-json\/wp\/v2\/posts\/2488\/revisions"}],"wp:attachment":[{"href":"https:\/\/gbta.org\/pt\/wp-json\/wp\/v2\/media?parent=2488"}],"wp:term":[{"taxonomy":"category","embeddable":true,"href":"https:\/\/gbta.org\/pt\/wp-json\/wp\/v2\/categories?post=2488"},{"taxonomy":"post_tag","embeddable":true,"href":"https:\/\/gbta.org\/pt\/wp-json\/wp\/v2\/tags?post=2488"}],"curies":[{"name":"wp","href":"https:\/\/api.w.org\/{rel}","templated":true}]}}