{"id":2521,"date":"2021-05-05T10:00:00","date_gmt":"2021-05-05T14:00:00","guid":{"rendered":"https:\/\/gbta.org\/business-travel-associations-support-proposal-from-the-european-commission\/"},"modified":"2022-09-29T12:12:25","modified_gmt":"2022-09-29T16:12:25","slug":"business-travel-associations-support-proposal-from-the-european-commission","status":"publish","type":"post","link":"https:\/\/gbta.org\/pt\/business-travel-associations-support-proposal-from-the-european-commission\/","title":{"rendered":"Proposta de apoio a associa\u00e7\u00f5es de viagens de neg\u00f3cios da Comiss\u00e3o Europeia"},"content":{"rendered":"<p><strong>Bruxelas (5 de maio de 2021)<\/strong> \u2013 Um grupo internacional de Associa\u00e7\u00f5es de Viagens de Neg\u00f3cios d\u00e1 as boas-vindas ao <a href=\"https:\/\/ec.europa.eu\/home-affairs\/sites\/default\/files\/pdf\/03052021_proposal_council_recommendation_com-2021-232_en.pdf\">proposta<\/a> divulgado pela Comiss\u00e3o Europeia no in\u00edcio desta semana para aliviar as restri\u00e7\u00f5es a viagens n\u00e3o essenciais para a UE para indiv\u00edduos vacinados.<\/p>\n<p>O grupo que inclui a Associa\u00e7\u00e3o Austr\u00edaca de Viagens de Neg\u00f3cios (ABTA); AFTM (Associa\u00e7\u00e3o Francesa de Gest\u00e3o de Viagens); (ASTM) Associa\u00e7\u00e3o Su\u00ed\u00e7a de Gest\u00e3o de Viagens; a Associa\u00e7\u00e3o Belga de Gest\u00e3o de Viagens (BATM); a Associa\u00e7\u00e3o Dinamarquesa de Viagens de Neg\u00f3cios (DBTA); a Associa\u00e7\u00e3o Finlandesa de Viagens de Neg\u00f3cios (FBTA); a Associa\u00e7\u00e3o Espanhola de Viagens de Neg\u00f3cios (IBTA); o Instituto de Gest\u00e3o de Viagens (ITM); a Associa\u00e7\u00e3o Holandesa de Gestores de Viagens (NATM), a Associa\u00e7\u00e3o Norueguesa de Viagens de Neg\u00f3cios (NBTA), a Associa\u00e7\u00e3o Sueca de Viagens de Neg\u00f3cios (SBTA) e a VDR (Associa\u00e7\u00e3o Alem\u00e3 de Viagens de Neg\u00f3cios), juntamente com a Associa\u00e7\u00e3o Global de Viagens de Neg\u00f3cios (GBTA), est\u00e3o pedindo \u00e0 UE que os governos concordem e adotem rapidamente as altera\u00e7\u00f5es propostas num esfor\u00e7o coordenado para levantar gradualmente as restri\u00e7\u00f5es \u00e0s viagens.<\/p>\n<p>A proposta permite a entrada na UE por motivos n\u00e3o essenciais a todas as pessoas provenientes de pa\u00edses com uma boa situa\u00e7\u00e3o epidemiol\u00f3gica, mas tamb\u00e9m a quem tenha recebido a dose final recomendada de uma vacina autorizada pela UE. O an\u00fancio reflete os mais recentes desenvolvimentos cient\u00edficos na situa\u00e7\u00e3o epidemiol\u00f3gica e complementa a introdu\u00e7\u00e3o do Certificado Verde Digital, votado pelo Parlamento Europeu na semana passada para evitar que os seus titulares fiquem sujeitos a restri\u00e7\u00f5es adicionais de viagem.<\/p>\n<p>\u201cA nova proposta que pede aos Estados-Membros da UE que levantem as restri\u00e7\u00f5es \u00e0s viagens n\u00e3o essenciais para pessoas vacinadas que viajam para a UE \u00e9 mais um passo positivo para a recupera\u00e7\u00e3o das viagens de neg\u00f3cios. Embora se espere que o Certificado Verde Digital incentive os pa\u00edses da UE a suspender suas restri\u00e7\u00f5es de viagem para os cidad\u00e3os da UE, esta nova proposta fornece um novo impulso para come\u00e7ar a reabrir as viagens internacionais. Incentivamos ativamente os Estados-Membros da UE a se alinharem para garantir que essas recomenda\u00e7\u00f5es estejam operacionais rapidamente.\u201d disse Suzanne Neufang, CEO \u2013 GBTA<\/p>","protected":false},"excerpt":{"rendered":"<p>Bruxelas (5 de maio de 2021) \u2013 Um grupo internacional de associa\u00e7\u00f5es de viagens de neg\u00f3cios sa\u00fada a proposta divulgada pela Comiss\u00e3o Europeia no in\u00edcio desta semana para aliviar as restri\u00e7\u00f5es a viagens n\u00e3o essenciais para a UE para indiv\u00edduos vacinados. O grupo que inclui a Associa\u00e7\u00e3o Austr\u00edaca de Viagens de Neg\u00f3cios (ABTA); AFTM (Associa\u00e7\u00e3o Francesa de Gest\u00e3o de Viagens); (ASTM) Associa\u00e7\u00e3o dos Su\u00ed\u00e7os\u2026<\/p>","protected":false},"author":25,"featured_media":0,"comment_status":"open","ping_status":"open","sticky":false,"template":"","format":"standard","meta":{"_acf_changed":false,"_seopress_robots_primary_cat":"none","_seopress_titles_title":"","_seopress_titles_desc":"","_seopress_robots_index":"","om_disable_all_campaigns":false,"_relevanssi_hide_post":"","_relevanssi_hide_content":"","_relevanssi_pin_for_all":"","_relevanssi_pin_keywords":"","_relevanssi_unpin_keywords":"","_relevanssi_related_keywords":"","_relevanssi_related_include_ids":"","_relevanssi_related_exclude_ids":"","_relevanssi_related_no_append":"","_relevanssi_related_not_related":"","_relevanssi_related_posts":"1813,1894,1797,1971,1970,1782","_relevanssi_noindex_reason":"","_kad_blocks_custom_css":"","_kad_blocks_head_custom_js":"","_kad_blocks_body_custom_js":"","_kad_blocks_footer_custom_js":"","_kad_post_transparent":"","_kad_post_title":"","_kad_post_layout":"","_kad_post_sidebar_id":"","_kad_post_content_style":"","_kad_post_vertical_padding":"","_kad_post_feature":"","_kad_post_feature_position":"","_kad_post_header":false,"_kad_post_footer":false,"footnotes":"","_links_to":"","_links_to_target":""},"categories":[105,45],"tags":[],"class_list":["post-2521","post","type-post","status-publish","format-standard","hentry","category-europe-and-uk","category-news-and-press-releases"],"acf":[],"featured_image_src_large":false,"author_info":{"display_name":"jcampbell","author_link":"https:\/\/gbta.org\/pt\/author\/jcampbell\/"},"comment_info":"","category_info":[{"term_id":105,"name":"Europe and UK","slug":"europe-and-uk","term_group":0,"term_taxonomy_id":105,"taxonomy":"category","description":"","parent":0,"count":153,"filter":"raw","cat_ID":105,"category_count":153,"category_description":"","cat_name":"Europe and UK","category_nicename":"europe-and-uk","category_parent":0},{"term_id":45,"name":"News and Press Releases","slug":"news-and-press-releases","term_group":0,"term_taxonomy_id":45,"taxonomy":"category","description":"","parent":0,"count":542,"filter":"raw","cat_ID":45,"category_count":542,"category_description":"","cat_name":"News and Press Releases","category_nicename":"news-and-press-releases","category_parent":0}],"tag_info":false,"taxonomy_info":{"category":[{"value":105,"label":"Europe and UK"},{"value":45,"label":"News and Press Releases"}]},"featured_image_src":null,"featured_image_src_square":null,"mfb_rest_fields":["featured_image_src_large","author_info","comment_info","category_info","tag_info","taxonomy_info","featured_image_src","featured_image_src_square"],"_links":{"self":[{"href":"https:\/\/gbta.org\/pt\/wp-json\/wp\/v2\/posts\/2521","targetHints":{"allow":["GET"]}}],"collection":[{"href":"https:\/\/gbta.org\/pt\/wp-json\/wp\/v2\/posts"}],"about":[{"href":"https:\/\/gbta.org\/pt\/wp-json\/wp\/v2\/types\/post"}],"author":[{"embeddable":true,"href":"https:\/\/gbta.org\/pt\/wp-json\/wp\/v2\/users\/25"}],"replies":[{"embeddable":true,"href":"https:\/\/gbta.org\/pt\/wp-json\/wp\/v2\/comments?post=2521"}],"version-history":[{"count":0,"href":"https:\/\/gbta.org\/pt\/wp-json\/wp\/v2\/posts\/2521\/revisions"}],"wp:attachment":[{"href":"https:\/\/gbta.org\/pt\/wp-json\/wp\/v2\/media?parent=2521"}],"wp:term":[{"taxonomy":"category","embeddable":true,"href":"https:\/\/gbta.org\/pt\/wp-json\/wp\/v2\/categories?post=2521"},{"taxonomy":"post_tag","embeddable":true,"href":"https:\/\/gbta.org\/pt\/wp-json\/wp\/v2\/tags?post=2521"}],"curies":[{"name":"wp","href":"https:\/\/api.w.org\/{rel}","templated":true}]}}