{"id":2523,"date":"2021-05-11T10:00:00","date_gmt":"2021-05-11T14:00:00","guid":{"rendered":"https:\/\/gbta.org\/check-in-with-suzanne-10\/"},"modified":"2022-09-29T12:07:11","modified_gmt":"2022-09-29T16:07:11","slug":"check-in-with-suzanne-10","status":"publish","type":"post","link":"https:\/\/gbta.org\/pt\/check-in-with-suzanne-10\/","title":{"rendered":"Check-in com Suzanne"},"content":{"rendered":"<p>Ol\u00e1 a todos,<\/p>\n<p>Com a aprova\u00e7\u00e3o bem-sucedida do Conjunto Um das mudan\u00e7as no Estatuto da GBTA, a vota\u00e7\u00e3o para o Conjunto Dois de mudan\u00e7as no Estatuto est\u00e1 em andamento at\u00e9 21 de maio. Membros anteriormente categorizados como \u201cDiretos\u201d, \u201cAliados\u201d ou \u201cIndiretos\u201d agora s\u00e3o todos classificados como \u201cMembros ativos \u201d e pela primeira vez, todos os Membros Ativos podem votar nas altera\u00e7\u00f5es propostas ao estatuto. <strong>Ent\u00e3o, por favor, compartilhe sua voz e vote!!<\/strong> \u00c0 medida que nossa ind\u00fastria e associa\u00e7\u00e3o se recuperam, \u00e9 importante que todos os membros ativos votem e sejam ouvidos.<\/p>\n<p>Tamb\u00e9m estamos em um per\u00edodo de \u201cchamada para nomea\u00e7\u00f5es\u201d de candidatos para servir no Conselho de Administra\u00e7\u00e3o da GBTA. Para mais informa\u00e7\u00f5es sobre os crit\u00e9rios de nomea\u00e7\u00e3o e vagas dispon\u00edveis, <a href=\"https:\/\/www3.gbta.org\/l\/5572\/2021-05-03\/6jwzyv\/5572\/1620073844hiNWd4jR\/Call_for_Nominations.pdf\">Clique aqui<\/a>. Aqui est\u00e1 a linha do tempo para este processo:<\/p>\n<ul>\n<li>Agora at\u00e9 27 de maio: Chamada para indica\u00e7\u00f5es<\/li>\n<li>14 de junho: candidatos a Diretor e Diretor anunciados<\/li>\n<li>15 de junho: F\u00f3rum Global Virtual de Candidatos ao vivo<\/li>\n<li>21 de junho a 19 de julho: Per\u00edodo de vota\u00e7\u00e3o para cargos abertos no conselho<\/li>\n<li>20 de julho: Resultados eleitorais do Conselho de Administra\u00e7\u00e3o anunciados durante nossa Reuni\u00e3o Anual de Neg\u00f3cios e C\u00fapula Virtual Semestral<\/li>\n<\/ul>\n<p>Todos os membros aptos a votar no Conjunto Dois das mudan\u00e7as nos Estatutos e a apresentar indica\u00e7\u00f5es ao conselho de administra\u00e7\u00e3o receberam um e-mail dos Servi\u00e7os Eleitorais. Se voc\u00ea n\u00e3o recebeu o e-mail, entre em contato com Shane Downey, vice-presidente de rela\u00e7\u00f5es governamentais e comunit\u00e1rias do GBTA:<\/p>\n<p><a href=\"mailto:sdowney@gbta.org\">sdowney@gbta.org<\/a> ou +1 703 236 1131. Voc\u00ea tamb\u00e9m pode entrar em contato diretamente com a Election Services Corporation: <a href=\"mailto:gbtahelp@electionservicescorp.com\">gbtahelp@electionservicescorp.com<\/a> ou +1 866 720 AJUDA (4357).<\/p>\n<p>Continuamos defendendo um retorno seguro \u00e0s viagens de neg\u00f3cios em todas as regi\u00f5es. Ontem, enviei uma carta ao Sr. Jeffrey Zients, Coordenador da Equipe de Resposta ao COVID-19 da Administra\u00e7\u00e3o Biden, instando a Administra\u00e7\u00e3o a reiniciar as viagens de neg\u00f3cios transatl\u00e2nticas para indiv\u00edduos vacinados com efeito imediato. Voc\u00ea pode <a href=\"https:\/\/gbta.org\/pt\/blog\/gbta-statement-on-transatlantic-non-essential-travel-may-2021\/\">Clique aqui<\/a>.<\/p>\n<p>&nbsp;<\/p>\n<p><strong><u>Novidades para conhecer<\/u><\/strong><\/p>\n<p><strong>Senador dos EUA pede que EUA e Canad\u00e1 divulguem plano para reabertura da fronteira:<\/strong> Dentro <a href=\"https:\/\/beta.ctvnews.ca\/national\/coronavirus\/2021\/5\/6\/1_5417478.amp.html\">uma carta divulgada na semana passada<\/a>, o l\u00edder da maioria no Senado dos EUA, Chuck Schumer, pediu que um \u201cplano transparente, bilateral e p\u00fablico\u201d baseado em dados e orienta\u00e7\u00f5es de sa\u00fade p\u00fablica, com padr\u00f5es, protocolos e m\u00e9tricas espec\u00edficos para reabertura da fronteira, seja divulgado o mais r\u00e1pido poss\u00edvel.<\/p>\n<p><strong>Canad\u00e1: Planos de vacina\u00e7\u00e3o em andamento para crian\u00e7as de 12 anos ou mais:<\/strong> Com a Health Canada <a href=\"https:\/\/beta.ctvnews.ca\/national\/coronavirus\/2021\/5\/5\/1_5416013.amp.html\">aprova\u00e7\u00e3o na semana passada da vacina Pfizer-BioNTech para crian\u00e7as de 12 anos ou mais<\/a>, agora cabe \u00e0s prov\u00edncias e territ\u00f3rios determinar os planos de lan\u00e7amento de vacinas.<\/p>\n<p><strong>Associa\u00e7\u00f5es de viagens da UE e dos EUA apelam aos governos para reabrirem as viagens: <\/strong><a href=\"https:\/\/www.businesstravelnewseurope.com\/Air-Travel\/Industry-bodies-write-open-letter-to-Biden-and-Johnson\">Uma carta de associa\u00e7\u00f5es do setor e fornecedores de viagens<\/a> nos EUA e no Reino Unido apontaram o sucesso dos programas de vacina\u00e7\u00e3o dos dois pa\u00edses e refor\u00e7aram que o com\u00e9rcio e o investimento entre os dois pa\u00edses representavam mais de um trilh\u00e3o de libras.<\/p>\n<p><strong>Grupo LATAM Airlines define nova estrat\u00e9gia de sustentabilidade agressiva: <\/strong>Os planos exigem ir al\u00e9m da simples compra de cr\u00e9ditos de carbono e <a href=\"https:\/\/www.businesstravelnews.com\/Transportation\/Air\/Latam-Sets-Emission-Goals-with-New-Sustainability-Strategy?utm_source=newsletter&amp;utm_medium=email&amp;utm_campaign=eltrdaily&amp;oly_enc_id=2193B3357467C0V\">compensando metade das emiss\u00f5es do grupo<\/a> em suas opera\u00e7\u00f5es dom\u00e9sticas at\u00e9 2030 e alcan\u00e7ar a neutralidade de carbono at\u00e9 2050.<\/p>\n<p>&nbsp;<\/p>\n<p><strong><u>Not\u00edcias e lembretes GBTA<\/u><\/strong><\/p>\n<p><strong>Pr\u00f3ximos eventos de cap\u00edtulo que voc\u00ea n\u00e3o quer perder: <\/strong>H\u00e1 tantos eventos de cap\u00edtulos valiosos chegando. Reserve alguns minutos para <a href=\"https:\/\/gbta.org\/pt\/calendar\/programsbyformat\/?Format=US_Chapter_Programs\">confira-os aqui<\/a>. estou ansioso pelo <a href=\"https:\/\/gbta.org\/pt\/calendar\/all-programs\/eventid\/1182\/?e=town_hall_meeting_and_update_with_suzanne_neufang,_ceo,_gbta-20-05-2021\">Sess\u00e3o de 20 de maio do Cap\u00edtulo da Ge\u00f3rgia<\/a> onde estarei participando de uma C\u00e2mara Municipal e dando uma atualiza\u00e7\u00e3o da Associa\u00e7\u00e3o.<\/p>\n<p><strong>Quarta-feira \u00e9 <em>Preparar. Seguro. Viagem.<\/em> Sess\u00e3o Regional de Treinamento:<\/strong> Para os participantes registrados desta s\u00e9rie de 4 semanas, a segunda sess\u00e3o em 12 de maio ter\u00e1 participantes divididos em sess\u00f5es espec\u00edficas da regi\u00e3o que se concentram nos desafios e nuances de voltar a viajar em cada geografia respectiva. Os quase 700 participantes mergulhar\u00e3o em solu\u00e7\u00f5es e estrat\u00e9gias para que nosso setor volte a viajar e a se reunir novamente.<\/p>\n<p>Para encerrar, pe\u00e7o que marque <strong>2 de junho <\/strong>em seu calend\u00e1rio para estes dois itens importantes:<\/p>\n<ol>\n<li>Reabertura das inscri\u00e7\u00f5es da Conven\u00e7\u00e3o 2021 para as novas datas de 17 a 19 de novembro<\/li>\n<li>Rein\u00edcio da nossa S\u00e9rie Colaborativa, que teve grande participa\u00e7\u00e3o em 2020. A primeira sess\u00e3o de 2021, em 2 de junho, se concentrar\u00e1 em v\u00e1rias atualiza\u00e7\u00f5es da Conven\u00e7\u00e3o e rapidamente abordar\u00e1 o tema muito importante da sustentabilidade em nosso setor.<\/li>\n<\/ol>\n<p>&nbsp;<\/p>\n<p>Tenha uma semana maravilhosa,<\/p>\n<p>&nbsp;<\/p>\n<p>Suzanne<\/p>","protected":false},"excerpt":{"rendered":"<p>Ol\u00e1 a todos, Com a aprova\u00e7\u00e3o bem-sucedida do primeiro conjunto de altera\u00e7\u00f5es no estatuto do GBTA, a vota\u00e7\u00e3o para o segundo conjunto de altera\u00e7\u00f5es no estatuto est\u00e1 em andamento at\u00e9 21 de maio. Os membros anteriormente categorizados como \u201cDiretos\u201d, \u201cAliados\u201d ou \u201cIndiretos\u201d agora s\u00e3o todos classificados como \u201cMembros Ativos\u201d e pela primeira vez, todos os Membros Ativos podem votar no estatuto proposto\u2026<\/p>","protected":false},"author":25,"featured_media":0,"comment_status":"open","ping_status":"open","sticky":false,"template":"","format":"standard","meta":{"_acf_changed":false,"_seopress_robots_primary_cat":"none","_seopress_titles_title":"","_seopress_titles_desc":"","_seopress_robots_index":"","om_disable_all_campaigns":false,"_relevanssi_hide_post":"","_relevanssi_hide_content":"","_relevanssi_pin_for_all":"","_relevanssi_pin_keywords":"","_relevanssi_unpin_keywords":"","_relevanssi_related_keywords":"","_relevanssi_related_include_ids":"","_relevanssi_related_exclude_ids":"","_relevanssi_related_no_append":"","_relevanssi_related_not_related":"","_relevanssi_related_posts":"2477,1439,2017,1620,1171,2480","_relevanssi_noindex_reason":"","_kad_blocks_custom_css":"","_kad_blocks_head_custom_js":"","_kad_blocks_body_custom_js":"","_kad_blocks_footer_custom_js":"","_kad_post_transparent":"","_kad_post_title":"","_kad_post_layout":"","_kad_post_sidebar_id":"","_kad_post_content_style":"","_kad_post_vertical_padding":"","_kad_post_feature":"","_kad_post_feature_position":"","_kad_post_header":false,"_kad_post_footer":false,"footnotes":"","_links_to":"","_links_to_target":""},"categories":[1437,37],"tags":[],"class_list":["post-2523","post","type-post","status-publish","format-standard","hentry","category-covid-19","category-research-and-travel-trends"],"acf":[],"featured_image_src_large":false,"author_info":{"display_name":"jcampbell","author_link":"https:\/\/gbta.org\/pt\/author\/jcampbell\/"},"comment_info":"","category_info":[{"term_id":1437,"name":"COVID-19","slug":"covid-19","term_group":0,"term_taxonomy_id":1437,"taxonomy":"category","description":"","parent":0,"count":124,"filter":"raw","cat_ID":1437,"category_count":124,"category_description":"","cat_name":"COVID-19","category_nicename":"covid-19","category_parent":0},{"term_id":37,"name":"Research and Travel Trends","slug":"research-and-travel-trends","term_group":0,"term_taxonomy_id":37,"taxonomy":"category","description":"","parent":0,"count":966,"filter":"raw","cat_ID":37,"category_count":966,"category_description":"","cat_name":"Research and Travel Trends","category_nicename":"research-and-travel-trends","category_parent":0}],"tag_info":false,"taxonomy_info":{"category":[{"value":1437,"label":"COVID-19"},{"value":37,"label":"Research and Travel Trends"}]},"featured_image_src":null,"featured_image_src_square":null,"mfb_rest_fields":["featured_image_src_large","author_info","comment_info","category_info","tag_info","taxonomy_info","featured_image_src","featured_image_src_square"],"_links":{"self":[{"href":"https:\/\/gbta.org\/pt\/wp-json\/wp\/v2\/posts\/2523","targetHints":{"allow":["GET"]}}],"collection":[{"href":"https:\/\/gbta.org\/pt\/wp-json\/wp\/v2\/posts"}],"about":[{"href":"https:\/\/gbta.org\/pt\/wp-json\/wp\/v2\/types\/post"}],"author":[{"embeddable":true,"href":"https:\/\/gbta.org\/pt\/wp-json\/wp\/v2\/users\/25"}],"replies":[{"embeddable":true,"href":"https:\/\/gbta.org\/pt\/wp-json\/wp\/v2\/comments?post=2523"}],"version-history":[{"count":0,"href":"https:\/\/gbta.org\/pt\/wp-json\/wp\/v2\/posts\/2523\/revisions"}],"wp:attachment":[{"href":"https:\/\/gbta.org\/pt\/wp-json\/wp\/v2\/media?parent=2523"}],"wp:term":[{"taxonomy":"category","embeddable":true,"href":"https:\/\/gbta.org\/pt\/wp-json\/wp\/v2\/categories?post=2523"},{"taxonomy":"post_tag","embeddable":true,"href":"https:\/\/gbta.org\/pt\/wp-json\/wp\/v2\/tags?post=2523"}],"curies":[{"name":"wp","href":"https:\/\/api.w.org\/{rel}","templated":true}]}}