{"id":2534,"date":"2021-06-01T10:00:00","date_gmt":"2021-06-01T14:00:00","guid":{"rendered":"https:\/\/gbta.org\/check-in-with-suzanne-13\/"},"modified":"2022-09-29T11:55:37","modified_gmt":"2022-09-29T15:55:37","slug":"check-in-with-suzanne-13","status":"publish","type":"post","link":"https:\/\/gbta.org\/pt\/check-in-with-suzanne-13\/","title":{"rendered":"Check-in com Suzanne"},"content":{"rendered":"<p>Ol\u00e1 a todos,<\/p>\n<p>Uau \u2013 \u00e9 junho! E com os viajantes de lazer dos EUA lotando os aeroportos no \u00faltimo fim de semana de feriado e os sinais de que as fronteiras europeias ser\u00e3o reabertas em breve para viajantes com riscos reduzidos, na GBTA continuamos defendendo abordagens governamentais positivas que apoiem a recupera\u00e7\u00e3o de viagens de neg\u00f3cios seguras.<\/p>\n<p>Nosso <a href=\"https:\/\/gbta.org\/pt\/research-tools\/covid-19-member-polls\/\">Resultados da enquete de maio<\/a> mostram que fornecedores, pol\u00edticas corporativas e at\u00e9 mesmo os pr\u00f3prios viajantes est\u00e3o se preparando para que as viagens de neg\u00f3cios n\u00e3o essenciais comecem novamente \u2013 e a pesquisa confirma que a maioria dos entrevistados acredita que o governo \u00e9 a chave para um rein\u00edcio bem-sucedido. Para esse fim, nosso pr\u00f3prio trabalho na prepara\u00e7\u00e3o da ind\u00fastria est\u00e1 valendo a pena:<\/p>\n<p><strong>Preparar. Seguro. Viagem. Programa de treinamento um enorme sucesso:<\/strong> Por pouco <a href=\"https:\/\/www.youtube.com\/watch?v=UJ5esRAiB8M\">600 pessoas graduadas com sucesso<\/a> deste primeiro programa de treinamento global na semana passada e agora s\u00e3o designados como \u201cProntos. Seguro. Viagem. Especialistas\u201d ap\u00f3s 4 semanas de aprendizado e testes. Parab\u00e9ns a todos voc\u00eas! E gostaria de agradecer a Nancy Tudorache do GBTA por liderar este programa e aos muitos volunt\u00e1rios, l\u00edderes de comit\u00eas e outros funcion\u00e1rios do GBTA que tornaram o programa t\u00e3o bem-sucedido.<\/p>\n<p><strong>Amanh\u00e3, 2 de junho \u2013 Colabora\u00e7\u00e3o de Sustentabilidade\u2026 o Caminho para a Conven\u00e7\u00e3o:<\/strong> A primeira sess\u00e3o do nosso <a href=\"https:\/\/gbta.org\/pt\/gbta-collaboratory-2021\/?_ga=2.4377142.420338274.1621974725-1780588418.1595976199\">S\u00e9rie de webinars colaborativos de 2021<\/a> apresentar\u00e1 algumas oportunidades importantes dentro de nossa ind\u00fastria para apoiar a sustentabilidade. Discutiremos os avan\u00e7os no espa\u00e7o de combust\u00edvel de avia\u00e7\u00e3o, ofereceremos maneiras de identificar as melhores pr\u00e1ticas de hot\u00e9is verdes e mostraremos os esfor\u00e7os para moldar as expectativas dos viajantes. <a href=\"https:\/\/gbta.org\/pt\/eventcalendar\/eventregistrationstep1\/?eventcd\/02dl0621\">Registre-se aqui<\/a> e junte-se a mim!<\/p>\n<p><strong>As inscri\u00e7\u00f5es para a Conven\u00e7\u00e3o GBTA abrem amanh\u00e3, 2 de junho: <\/strong><a href=\"https:\/\/convention.gbta.org\/\">A conven\u00e7\u00e3o deste ano<\/a> ser\u00e1 diferente de qualquer outro antes dele. Estamos levando nosso programa para o pr\u00f3ximo n\u00edvel, com os principais pensadores e criadores de mudan\u00e7as abordando os problemas mais importantes. Conven\u00e7\u00e3o ser\u00e1 o encontro mais importante de profissionais de viagens de neg\u00f3cios desde o in\u00edcio da pandemia. Esteja atento a um e-mail com um link direto para se registrar.<\/p>\n<p>Finalmente, quando se trata de advocacy, isso geralmente significa dar o ponto de vista da ind\u00fastria \u00e0 m\u00eddia convencional. Aqui est\u00e3o dois resultados recentes da minha conversa com rep\u00f3rteres sobre a recupera\u00e7\u00e3o das viagens de neg\u00f3cios no mercado dos EUA:<\/p>\n<ul>\n<li><a href=\"https:\/\/www.wpxi.com\/news\/top-stories\/airlines-hotels-could-take-big-hit-if-business-travel-doesnt-pick-up\/FGTPMJIG2VGWTIRLO672WOFOCI\/\">https:\/\/www.wpxi.com\/news\/top-stories\/airlines-hotels-could-take-big-hit-if-business-travel-doesnt-pick-up\/FGTPMJIG2VGWTIRLO672WOFOCI\/<\/a><\/li>\n<li><a href=\"https:\/\/www.nbcnews.com\/business\/business-news\/did-zoom-kill-business-travel-ever-road-warriors-weigh-n1268744\">https:\/\/www.nbcnews.com\/business\/business-news\/did-zoom-kill-business-travel-ever-road-warriors-weigh-n1268744<\/a><\/li>\n<\/ul>\n<p>&nbsp;<\/p>\n<p><strong><u>Novidades para conhecer<\/u><\/strong><\/p>\n<p><strong>Mais trabalho remoto levar\u00e1 a mais viagens de neg\u00f3cios:<\/strong> De acordo com o novo relat\u00f3rio Back to Blue Skies da American Express e American Express Global Business Travel, 7 em cada 10 (69%) tomadores de decis\u00e3o pesquisados acreditam que o aumento do trabalho remoto levar\u00e1 a mais viagens de neg\u00f3cios no futuro e o 85% disse que as viagens de neg\u00f3cios levam a maiores lucro. <a href=\"https:\/\/www.amexglobalbusinesstravel.com\/press-room\/american-express-american-express-global-business-travel-release-back-blue-skies-corporate-travel-report\/\">Clique aqui<\/a> para ler mais.<\/p>\n<p><strong>Atualiza\u00e7\u00f5es de viagens na Europa: <\/strong>O Reino Unido introduzir\u00e1 autoriza\u00e7\u00f5es de viagem eletr\u00f4nicas ainda este ano, exigindo que os visitantes que atualmente n\u00e3o precisam de visto para estadias curtas ou que ainda n\u00e3o tenham um status de imigra\u00e7\u00e3o antes de viajar, obtenham <a href=\"https:\/\/www.businesstravelnewseurope.com\/Air-Travel\/UK-to-introduce-electronic-travel-authorisations?utm_source=newsletter&amp;utm_medium=email&amp;utm_campaign=eltrbtneurope\">uma Autoriza\u00e7\u00e3o Eletr\u00f4nica de Viagem (ETA)<\/a> como medida de seguran\u00e7a adicional. A Su\u00e9cia anunciou que <a href=\"https:\/\/www.businesstravelnewseurope.com\/Air-Travel\/Sweden-loosens-restrictions-on-foreign-travel?utm_source=newsletter&amp;utm_medium=email&amp;utm_campaign=eltrbtneurope\">levantando seu conselho contra viagens<\/a> para v\u00e1rios pa\u00edses fora da UE a partir de hoje, 1\u00ba de junho. E em um sinal adicional de recupera\u00e7\u00e3o, <a href=\"https:\/\/www.businesstravelnewseurope.com\/Air-Travel\/Frankfurt-Airport-to-reopen-terminal-2?utm_source=newsletter&amp;utm_medium=email&amp;utm_campaign=eltrbtneurope\">Terminal 2 do Aeroporto de Frankfurt ser\u00e1 reaberto<\/a> hoje, 1\u00ba de junho, ap\u00f3s mais de um ano de fechamento devido ao COVID, permitindo que 48 companhias a\u00e9reas retomem as opera\u00e7\u00f5es l\u00e1.<\/p>\n<p><strong>LATAM vendo vislumbres de esperan\u00e7a: <\/strong>Na semana passada, o Chile anunciou que <a href=\"https:\/\/www.reuters.com\/world\/americas\/chile-loosen-restrictions-those-vaccinated-against-covid-19-2021-05-24\/\">Chilenos totalmente vacinados contra COVID-19<\/a> poder\u00e3o circular mais livremente dentro do pa\u00eds e <a href=\"https:\/\/ticotimes.net\/2021\/05\/27\/costa-rica-registers-small-uptick-in-visitors-in-april\">Costa Rica registrou maior n\u00famero de chegadas internacionais<\/a> em abril e maio.<\/p>\n<p><strong>Chamada \u00e0 a\u00e7\u00e3o dos EUA para membros do GBTA \u2013 Financiamento para a Lei de Restaura\u00e7\u00e3o de Avaliadores de Avia\u00e7\u00e3o e Elimina\u00e7\u00e3o de Amea\u00e7as (R\u00c1PIDA):<\/strong> Membros dos EUA, precisamos do seu apoio. A GBTA h\u00e1 muito se op\u00f5e \u00e0 pr\u00e1tica atual de pegar dinheiro arrecadado para financiar a TSA e desvi\u00e1-lo para pagar o d\u00e9ficit geral. A C\u00e2mara dos EUA introduziu uma legisla\u00e7\u00e3o bipartid\u00e1ria para acabar com essa pr\u00e1tica e precisamos que seus membros do Congresso a apoiem. Por favor <a href=\"https:\/\/p2a.co\/rr2BYB2\">Clique aqui<\/a> para enviar uma mensagem ao seu Membro do Congresso, pedindo-lhes que apoiem a legisla\u00e7\u00e3o FASTER.<\/p>\n<p>&nbsp;<\/p>\n<p><strong><u>Not\u00edcias e lembretes GBTA<\/u><\/strong><\/p>\n<p><strong>Nomea\u00e7\u00f5es de Diretores do Conselho - Pr\u00f3ximos Passos: <\/strong>A chamada para indica\u00e7\u00f5es de Diretores da Diretoria do GBTA est\u00e1 encerrada e os candidatos ser\u00e3o anunciados em 14 de junho. Reserve a data para 15 de junho, quando realizaremos um f\u00f3rum virtual de candidatos ao vivo para voc\u00ea ouvir diretamente de todos os candidatos. Os detalhes de inscri\u00e7\u00e3o para o f\u00f3rum ser\u00e3o divulgados em breve, bem como como acessar as declara\u00e7\u00f5es da plataforma de candidatos online.<\/p>\n<p><strong>A pr\u00f3xima sess\u00e3o do WINiTIn45 \u00e9 9 de junho:<\/strong> Junte-se a dois excelentes membros do conselho do WINiT, Alison Taylor, diretora de clientes da American Airlines e Beth Kinerk, vice-presidente s\u00eanior de vendas do Avis Budget Group, enquanto eles compartilham suas experi\u00eancias de navega\u00e7\u00e3o de um setor para outro e como voc\u00ea pode alavancar suas habilidades para fa\u00e7a o mesmo. <a href=\"https:\/\/gbta.org\/pt\/calendar\/all-programs\/eventid\/1189\/e\/winit-leveraging-transferable-skills-9-jun-2021\/\">Registre-se aqui<\/a>.<\/p>\n<p><strong>Primeira apresenta\u00e7\u00e3o do GBTA no Arabian Travel Market foi um sucesso: <\/strong>No <a href=\"https:\/\/ftnnews.com\/mice\/41235-arabian-travel-market-features-arabian-travel-week-and-iltm-arabia-2021\">evento da semana passada<\/a>, a GBTA realizou uma confer\u00eancia virtual de viagens de neg\u00f3cios de meio dia, com especialistas discutindo como se preparar para um retorno seguro \u00e0s viagens de neg\u00f3cios.<\/p>\n<p>&nbsp;<\/p>\n<p>Para encerrar, lembre-se de se juntar a n\u00f3s no Collaboratory on Sustainability de amanh\u00e3 \u2013 e informe-nos sobre seu interesse em participar de nossa Conven\u00e7\u00e3o em novembro, registrando-se antecipadamente!<\/p>\n<p>&nbsp;<\/p>\n<p>Tenha uma \u00f3tima semana,<\/p>\n<p>Suzanne<\/p>","protected":false},"excerpt":{"rendered":"<p>Ol\u00e1 a todos, Uau \u2013 \u00e9 junho! E com os viajantes de lazer dos EUA lotando os aeroportos no \u00faltimo fim de semana de f\u00e9rias e os sinais de que as fronteiras europeias ser\u00e3o reabertas em breve para viajantes com riscos reduzidos, na GBTA continuamos defendendo abordagens governamentais positivas que apoiem a recupera\u00e7\u00e3o de viagens de neg\u00f3cios seguras. Os resultados da nossa pesquisa de maio mostram que fornecedores, empresas\u2026<\/p>","protected":false},"author":25,"featured_media":0,"comment_status":"open","ping_status":"open","sticky":false,"template":"","format":"standard","meta":{"_acf_changed":false,"_seopress_robots_primary_cat":"none","_seopress_titles_title":"","_seopress_titles_desc":"","_seopress_robots_index":"","om_disable_all_campaigns":false,"_relevanssi_hide_post":"","_relevanssi_hide_content":"","_relevanssi_pin_for_all":"","_relevanssi_pin_keywords":"","_relevanssi_unpin_keywords":"","_relevanssi_related_keywords":"","_relevanssi_related_include_ids":"","_relevanssi_related_exclude_ids":"","_relevanssi_related_no_append":"","_relevanssi_related_not_related":"","_relevanssi_related_posts":"2477,1439,2017,1620,1171,2480","_relevanssi_noindex_reason":"","_kad_blocks_custom_css":"","_kad_blocks_head_custom_js":"","_kad_blocks_body_custom_js":"","_kad_blocks_footer_custom_js":"","_kad_post_transparent":"","_kad_post_title":"","_kad_post_layout":"","_kad_post_sidebar_id":"","_kad_post_content_style":"","_kad_post_vertical_padding":"","_kad_post_feature":"","_kad_post_feature_position":"","_kad_post_header":false,"_kad_post_footer":false,"footnotes":"","_links_to":"","_links_to_target":""},"categories":[1437,105,106,280],"tags":[],"class_list":["post-2534","post","type-post","status-publish","format-standard","hentry","category-covid-19","category-europe-and-uk","category-latin-america","category-sustainability"],"acf":[],"featured_image_src_large":false,"author_info":{"display_name":"jcampbell","author_link":"https:\/\/gbta.org\/pt\/author\/jcampbell\/"},"comment_info":"","category_info":[{"term_id":1437,"name":"COVID-19","slug":"covid-19","term_group":0,"term_taxonomy_id":1437,"taxonomy":"category","description":"","parent":0,"count":124,"filter":"raw","cat_ID":1437,"category_count":124,"category_description":"","cat_name":"COVID-19","category_nicename":"covid-19","category_parent":0},{"term_id":105,"name":"Europe and UK","slug":"europe-and-uk","term_group":0,"term_taxonomy_id":105,"taxonomy":"category","description":"","parent":0,"count":153,"filter":"raw","cat_ID":105,"category_count":153,"category_description":"","cat_name":"Europe and UK","category_nicename":"europe-and-uk","category_parent":0},{"term_id":106,"name":"Latin America","slug":"latin-america","term_group":0,"term_taxonomy_id":106,"taxonomy":"category","description":"","parent":0,"count":54,"filter":"raw","cat_ID":106,"category_count":54,"category_description":"","cat_name":"Latin America","category_nicename":"latin-america","category_parent":0},{"term_id":280,"name":"Sustainability","slug":"sustainability","term_group":0,"term_taxonomy_id":280,"taxonomy":"category","description":"","parent":0,"count":130,"filter":"raw","cat_ID":280,"category_count":130,"category_description":"","cat_name":"Sustainability","category_nicename":"sustainability","category_parent":0}],"tag_info":false,"taxonomy_info":{"category":[{"value":1437,"label":"COVID-19"},{"value":105,"label":"Europe and UK"},{"value":106,"label":"Latin America"},{"value":280,"label":"Sustainability"}]},"featured_image_src":null,"featured_image_src_square":null,"mfb_rest_fields":["featured_image_src_large","author_info","comment_info","category_info","tag_info","taxonomy_info","featured_image_src","featured_image_src_square"],"_links":{"self":[{"href":"https:\/\/gbta.org\/pt\/wp-json\/wp\/v2\/posts\/2534","targetHints":{"allow":["GET"]}}],"collection":[{"href":"https:\/\/gbta.org\/pt\/wp-json\/wp\/v2\/posts"}],"about":[{"href":"https:\/\/gbta.org\/pt\/wp-json\/wp\/v2\/types\/post"}],"author":[{"embeddable":true,"href":"https:\/\/gbta.org\/pt\/wp-json\/wp\/v2\/users\/25"}],"replies":[{"embeddable":true,"href":"https:\/\/gbta.org\/pt\/wp-json\/wp\/v2\/comments?post=2534"}],"version-history":[{"count":0,"href":"https:\/\/gbta.org\/pt\/wp-json\/wp\/v2\/posts\/2534\/revisions"}],"wp:attachment":[{"href":"https:\/\/gbta.org\/pt\/wp-json\/wp\/v2\/media?parent=2534"}],"wp:term":[{"taxonomy":"category","embeddable":true,"href":"https:\/\/gbta.org\/pt\/wp-json\/wp\/v2\/categories?post=2534"},{"taxonomy":"post_tag","embeddable":true,"href":"https:\/\/gbta.org\/pt\/wp-json\/wp\/v2\/tags?post=2534"}],"curies":[{"name":"wp","href":"https:\/\/api.w.org\/{rel}","templated":true}]}}