{"id":2539,"date":"2021-06-07T10:00:00","date_gmt":"2021-06-07T14:00:00","guid":{"rendered":"https:\/\/gbta.org\/gbta-strengthens-advisory-board-in-latin-america\/"},"modified":"2022-09-29T11:53:39","modified_gmt":"2022-09-29T15:53:39","slug":"gbta-strengthens-advisory-board-in-latin-america","status":"publish","type":"post","link":"https:\/\/gbta.org\/pt\/gbta-strengthens-advisory-board-in-latin-america\/","title":{"rendered":"GBTA fortalece conselho consultivo na Am\u00e9rica Latina"},"content":{"rendered":"<p>M\u00e9xico \u2013 A Global Business Travel Association (GBTA) \u2013 a voz da ind\u00fastria global de viagens de neg\u00f3cios refor\u00e7ou sua presen\u00e7a na Am\u00e9rica Latina, anunciando v\u00e1rias novas nomea\u00e7\u00f5es para o Conselho Consultivo da LATAM, para o per\u00edodo 2021 \u2013 2023.<br \/>\nOs Conselhos Consultivos da GBTA s\u00e3o administrados por membros volunt\u00e1rios, selecionados por sua experi\u00eancia e conhecimento do setor. O papel do conselho consultivo \u00e9 ajudar a moldar e orientar a estrat\u00e9gia da GBTA Am\u00e9rica Latina, trabalhando em estreita colabora\u00e7\u00e3o com a equipe de lideran\u00e7a da GBTA.<br \/>\n\u201cOs volunt\u00e1rios s\u00e3o essenciais para o sucesso da GBTA e, com este rec\u00e9m-nomeado Conselho Consultivo da LATAM, ouviremos em primeira m\u00e3o os profissionais que trabalham na ind\u00fastria local de viagens de neg\u00f3cios para atender e apoiar as necessidades espec\u00edficas da regi\u00e3o. Com uma representa\u00e7\u00e3o saud\u00e1vel e equilibrada das comunidades de fornecedores e compradores, podemos garantir que entregamos conte\u00fados, atividades e oportunidades de networking de alta qualidade que os nossos membros necessitam, especialmente durante estes tempos de \u201cCaminho para a Recupera\u00e7\u00e3o\u201d para a Ind\u00fastria.<br \/>\nEste conselho rec\u00e9m-nomeado (e renomeado) faz parte do objetivo da GBTA de reaproximar-se da regi\u00e3o e enfrentar os desafios espec\u00edficos da Am\u00e9rica Latina, agora e durante os pr\u00f3ximos anos\u201d, afirma Candela Fern\u00e1ndez Wyngaard, Gerente S\u00eanior, LATAM. Opera\u00e7\u00f5es.<\/p>\n<p><strong>Os novos volunt\u00e1rios para o per\u00edodo 2021-2023 incluem:<\/strong><\/p>\n<p>Presidente: Alma Roc\u00edo Ceballos, PwC MX Procurement, Business Services &amp; Travel<\/p>\n<p>Membros (diretos):<br \/>\nClaudia Palacios, Gerente Regional de Viagens LATAM, Worley<br \/>\nClaudio Salerno, Gerente de Viagens e Vistos, Am\u00e9rica do Sul, Igreja SUD<br \/>\nConrado Sainz, Coordenador Global de Viagens Corporativas, Exiros \u2013 Grupo Techint<\/p>\n<p>Membros (Fornecedores)<br \/>\nMaren Hanschke, presidente FCTG MX e rede LATAM do Flight Center Travel Group M\u00e9xico<br \/>\nGiancarlo Mulinelli, vice-presidente s\u00eanior de vendas globais, Aeromexico<br \/>\nMonica Crawfurd, diretora administrativa assistente de vendas, M\u00e9xico e Am\u00e9rica Central, Hilton<\/p>\n<p>\u201c\u00c9 inspirador ver esses profissionais alinhados com o nobre prop\u00f3sito de ajudar a ind\u00fastria a caminhar em dire\u00e7\u00e3o \u00e0 recupera\u00e7\u00e3o nestes tempos de incerteza. Cada um deles traz a sua experi\u00eancia e conhecimento de mercado sobre os desafios que a regi\u00e3o enfrenta, garantindo que os programas, o conte\u00fado para os membros e os resultados para os membros sejam relevantes e oportunos. Este renovado Conselho Consultivo da LATAM d\u00e1 energia a todos n\u00f3s: \u00e0 ind\u00fastria e aos membros em geral. Mal posso esperar para come\u00e7ar a trabalhar ao lado de cada um deles, garantindo que os membros sejam bem servidos e representados em toda a Am\u00e9rica Latina\u201d, Alma Roc\u00edo Ceballos, presidente do Conselho Consultivo da LATAM.<\/p>","protected":false},"excerpt":{"rendered":"<p>M\u00e9xico \u2013 The Global Business Travel Association (GBTA) \u2013 a voz da ind\u00fastria global de viagens de neg\u00f3cios refor\u00e7ou sua presen\u00e7a na Am\u00e9rica Latina, anunciando v\u00e1rias novas nomea\u00e7\u00f5es para o LATAM Advisory Board, para o per\u00edodo 2021 \u2013 2023. Os Conselhos Consultivos GBTA s\u00e3o administrados por membros volunt\u00e1rios, selecionados por sua experi\u00eancia e conhecimento do setor\u2026.<\/p>","protected":false},"author":25,"featured_media":0,"comment_status":"open","ping_status":"open","sticky":false,"template":"","format":"standard","meta":{"_acf_changed":false,"_seopress_robots_primary_cat":"none","_seopress_titles_title":"","_seopress_titles_desc":"","_seopress_robots_index":"","om_disable_all_campaigns":false,"_relevanssi_hide_post":"","_relevanssi_hide_content":"","_relevanssi_pin_for_all":"","_relevanssi_pin_keywords":"","_relevanssi_unpin_keywords":"","_relevanssi_related_keywords":"","_relevanssi_related_include_ids":"","_relevanssi_related_exclude_ids":"","_relevanssi_related_no_append":"","_relevanssi_related_not_related":"","_relevanssi_related_posts":"1970,2091,1760,1832,2333,2551","_relevanssi_noindex_reason":"","_kad_blocks_custom_css":"","_kad_blocks_head_custom_js":"","_kad_blocks_body_custom_js":"","_kad_blocks_footer_custom_js":"","_kad_post_transparent":"","_kad_post_title":"","_kad_post_layout":"","_kad_post_sidebar_id":"","_kad_post_content_style":"","_kad_post_vertical_padding":"","_kad_post_feature":"","_kad_post_feature_position":"","_kad_post_header":false,"_kad_post_footer":false,"footnotes":"","_links_to":"","_links_to_target":""},"categories":[106,45],"tags":[],"class_list":["post-2539","post","type-post","status-publish","format-standard","hentry","category-latin-america","category-news-and-press-releases"],"acf":[],"featured_image_src_large":false,"author_info":{"display_name":"jcampbell","author_link":"https:\/\/gbta.org\/pt\/author\/jcampbell\/"},"comment_info":"","category_info":[{"term_id":106,"name":"Latin America","slug":"latin-america","term_group":0,"term_taxonomy_id":106,"taxonomy":"category","description":"","parent":0,"count":54,"filter":"raw","cat_ID":106,"category_count":54,"category_description":"","cat_name":"Latin America","category_nicename":"latin-america","category_parent":0},{"term_id":45,"name":"News and Press Releases","slug":"news-and-press-releases","term_group":0,"term_taxonomy_id":45,"taxonomy":"category","description":"","parent":0,"count":541,"filter":"raw","cat_ID":45,"category_count":541,"category_description":"","cat_name":"News and Press Releases","category_nicename":"news-and-press-releases","category_parent":0}],"tag_info":false,"taxonomy_info":{"category":[{"value":106,"label":"Latin America"},{"value":45,"label":"News and Press Releases"}]},"featured_image_src":null,"featured_image_src_square":null,"mfb_rest_fields":["featured_image_src_large","author_info","comment_info","category_info","tag_info","taxonomy_info","featured_image_src","featured_image_src_square"],"_links":{"self":[{"href":"https:\/\/gbta.org\/pt\/wp-json\/wp\/v2\/posts\/2539","targetHints":{"allow":["GET"]}}],"collection":[{"href":"https:\/\/gbta.org\/pt\/wp-json\/wp\/v2\/posts"}],"about":[{"href":"https:\/\/gbta.org\/pt\/wp-json\/wp\/v2\/types\/post"}],"author":[{"embeddable":true,"href":"https:\/\/gbta.org\/pt\/wp-json\/wp\/v2\/users\/25"}],"replies":[{"embeddable":true,"href":"https:\/\/gbta.org\/pt\/wp-json\/wp\/v2\/comments?post=2539"}],"version-history":[{"count":0,"href":"https:\/\/gbta.org\/pt\/wp-json\/wp\/v2\/posts\/2539\/revisions"}],"wp:attachment":[{"href":"https:\/\/gbta.org\/pt\/wp-json\/wp\/v2\/media?parent=2539"}],"wp:term":[{"taxonomy":"category","embeddable":true,"href":"https:\/\/gbta.org\/pt\/wp-json\/wp\/v2\/categories?post=2539"},{"taxonomy":"post_tag","embeddable":true,"href":"https:\/\/gbta.org\/pt\/wp-json\/wp\/v2\/tags?post=2539"}],"curies":[{"name":"wp","href":"https:\/\/api.w.org\/{rel}","templated":true}]}}