{"id":2540,"date":"2021-06-08T10:00:00","date_gmt":"2021-06-08T14:00:00","guid":{"rendered":"https:\/\/gbta.org\/check-in-with-suzanne-14\/"},"modified":"2022-09-29T11:52:07","modified_gmt":"2022-09-29T15:52:07","slug":"check-in-with-suzanne-14","status":"publish","type":"post","link":"https:\/\/gbta.org\/pt\/check-in-with-suzanne-14\/","title":{"rendered":"Check-in com Suzanne"},"content":{"rendered":"<p>Ol\u00e1 pessoal -<\/p>\n<p>&nbsp;<\/p>\n<p>Tanta coisa est\u00e1 acontecendo no degelo das fronteiras congeladas pela COVID \u2013 eu gostaria de <strong>foco na Europa<\/strong> essa semana.<\/p>\n<p>O Conselho e o Parlamento da UE concordaram recentemente em introduzir \u201ccertificados digitais Covid da UE\u201d para facilitar a livre circula\u00e7\u00e3o em toda a Europa a partir de 1 de julho. \u00c0 medida que as not\u00edcias da UE avan\u00e7am sobre a abertura das suas fronteiras para os viajantes que chegam, n\u00f3s da GBTA estamos ativamente empenhados para garantir que os neg\u00f3cios os viajantes est\u00e3o em primeiro lugar nessas pol\u00edticas.<\/p>\n<p>E h\u00e1 boas not\u00edcias: na semana passada soubemos que sete pa\u00edses da UE (Bulg\u00e1ria, Rep\u00fablica Checa, Dinamarca, Alemanha, Gr\u00e9cia, Cro\u00e1cia e Pol\u00f3nia) j\u00e1 come\u00e7aram a emitir os primeiros certificados da UE, quase um m\u00eas antes do previsto, e 4 deles \u2013 Bulg\u00e1ria, Cro\u00e1cia, Gr\u00e9cia e Alemanha (e Fran\u00e7a e Espanha ainda esta semana) \u2013 anunciaram que ir\u00e3o dispensar os requisitos de testes e quarentena para viajantes que cheguem e apresentem prova de vacina\u00e7\u00e3o completa ou recupera\u00e7\u00e3o.<\/p>\n<p>A GBTA e os nossos membros\/parceiros sa\u00fadam a introdu\u00e7\u00e3o destes certificados digitais Covid da UE. Estamos a reunir-nos ativamente com os estados membros da Uni\u00e3o Europeia para promover as necessidades dos viajantes de neg\u00f3cios num regresso unificado \u00e0s viagens \u2013 incluindo, at\u00e9 agora, adidos da UE da Gr\u00e9cia e da Su\u00e9cia (a estes \u00faltimos juntaram-se os nossos parceiros da Associa\u00e7\u00e3o Sueca de Viagens de Neg\u00f3cios).<\/p>\n<p>S\u00e3o necess\u00e1rias mais a\u00e7\u00f5es e a GBTA continua a sublinhar a import\u00e2ncia de uma abordagem de defesa unificada para o regresso das viagens de neg\u00f3cios atrav\u00e9s das fronteiras. Somente uma abordagem unificada garantir\u00e1 que as viagens de neg\u00f3cios e o valor que elas agregam \u00e0s economias, \u00e0 cultura e ao crescimento empresarial impulsionar\u00e3o uma forte recupera\u00e7\u00e3o global.<\/p>\n<p>E foi uma mudan\u00e7a de ritmo agrad\u00e1vel ler a grande m\u00eddia na semana passada, concordando conosco sobre o <strong>retorno de viagens de neg\u00f3cios<\/strong>: <a href=\"https:\/\/www.wsj.com\/articles\/business-travel-is-coming-back-11622547001\">https:\/\/www.wsj.com\/articles\/business-travel-is-coming-back-11622547001<\/a><\/p>\n<p>&nbsp;<\/p>\n<p><strong>O caminho para a conven\u00e7\u00e3o:<\/strong> Como compartilhei na semana passada, as inscri\u00e7\u00f5es j\u00e1 est\u00e3o abertas para nossa Conven\u00e7\u00e3o anual, de 17 a 19 de novembro, em Orlando, Fl\u00f3rida. <em>Acabei de anunciar<\/em>: O almo\u00e7o no palco principal do dia 17 de novembro contar\u00e1 com uma conversa voltada para a a\u00e7\u00e3o sobre sustentabilidade com v\u00e1rios convidados not\u00e1veis, incluindo Carlos Maurer, vice-presidente executivo de com\u00e9rcio\/setores globais e descarboniza\u00e7\u00e3o da Royal Dutch Shell, e Paul Abbott, CEO da AMEX Global Business Travel , juntamente com outros l\u00edderes da ind\u00fastria em programas de avia\u00e7\u00e3o e viagens globais. Estaremos compartilhando atualiza\u00e7\u00f5es sobre outras sess\u00f5es e palestrantes \u00e0 medida que forem confirmados. Voc\u00ea pode <a href=\"https:\/\/convention.gbta.org\/?_ga=2.168712994.2098529178.1622773628-1780588418.1595976199\">Clique aqui<\/a> para se inscrever na Conven\u00e7\u00e3o.<\/p>\n<p>&nbsp;<\/p>\n<p><strong><u>Novidades para conhecer<\/u><\/strong><\/p>\n<p><strong>Taxa de vacina\u00e7\u00e3o impulsionando a recupera\u00e7\u00e3o de alojamento nos EUA: <\/strong>Em seu relat\u00f3rio Hospitality Directions divulgado na semana passada, a PwC atualizou seu <a href=\"https:\/\/www.businesstravelnews.com\/Lodging\/PwC-Vaccination-Deployment-Driving-Earlier-US-Lodging-Recovery?utm_source=newsletter&amp;utm_medium=email&amp;utm_campaign=eltrdaily&amp;oly_enc_id=2193B3357467C0V\">Proje\u00e7\u00f5es da taxa de ocupa\u00e7\u00e3o hoteleira nos EUA para 2021<\/a> para 57,2 por cento \u2013 acima da previs\u00e3o de 52,7 por cento em Novembro passado \u2013 creditando a distribui\u00e7\u00e3o de vacinas, o apoio fiscal federal adicional e as estrat\u00e9gias de pol\u00edtica monet\u00e1ria de longo prazo para a projec\u00e7\u00e3o positiva.<\/p>\n<p><strong>Lista verde de destinos do Reino Unido que n\u00e3o est\u00e1 sendo expandida:<\/strong> O secret\u00e1rio dos transportes do Reino Unido confirmou que os EUA n\u00e3o ser\u00e3o adicionados ao <a href=\"https:\/\/www.businesstravelnewseurope.com\/Air-Travel\/Reports-Hopes-for-green-list-additions-dashed?utm_source=newsletter&amp;utm_medium=email&amp;utm_campaign=eltrbtneurope\">a lista verde<\/a>, e sete pa\u00edses est\u00e3o a ser adicionados \u00e0 lista vermelha, dos quais as chegadas s\u00e3o proibidas. Tamb\u00e9m na semana passada, a Comiss\u00e3o Europeia prop\u00f4s a atualiza\u00e7\u00e3o dos atuais crit\u00e9rios de viagem da COVID-19 para permitir que os Estados-Membros facilitassem gradualmente as medidas de viagem para aqueles que viajam dentro dos Estados-Membros da UE. <a href=\"https:\/\/ec.europa.eu\/commission\/presscorner\/detail\/en\/ip_21_2782\">Clique aqui<\/a> para ler sobre outras atualiza\u00e7\u00f5es propostas.<\/p>\n<p><strong>IATA Travel Pass estreia na Am\u00e9rica do Sul:<\/strong> Avianca Airlines ser\u00e1 a <a href=\"https:\/\/www.aviacionline.com\/2021\/05\/avianca-will-be-the-first-airline-in-south-america-to-use-the-iata-travel-pass\/\">primeira empresa da regi\u00e3o a utilizar o passaporte digital<\/a> \u2013 desenvolvido para facilitar os exames de sa\u00fade em voos internacionais \u2013 come\u00e7ando com um programa piloto em voos entre Bogot\u00e1 e Miami. Not\u00edcias mais promissoras: Mais companhias a\u00e9reas internacionais retornaram ao Caribe mexicano, ajudando a <a href=\"https:\/\/aerolatinnews.com\/gobiernos\/regresan-mas-aerolineas-internacionales-al-caribe-mexicano\/\">reativar o turismo na regi\u00e3o<\/a>.<\/p>\n<p><strong>Mesa Redonda Canadense de Viagens e Turismo Impulsiona Reabertura de Viagens: <\/strong>A Mesa Redonda, da qual a GBTA Canad\u00e1 \u00e9 membro, \u00e9 <a href=\"https:\/\/www.newswire.ca\/news-releases\/canadian-travel-amp-tourism-roundtable-encourages-government-to-lay-out-an-implementation-plan-based-on-the-health-canada-expert-report-and-reopen-travel-for-canadians-871113150.html\">apelando ao governo para divulgar imediatamente um plano de implementa\u00e7\u00e3o<\/a> com base nas recomenda\u00e7\u00f5es feitas no <a href=\"https:\/\/www.canada.ca\/en\/health-canada\/services\/drugs-health-products\/covid19-industry\/medical-devices\/testing-screening-advisory-panel\/reports-summaries\/priority-strategies-quarantine-borders.html#a2\">Relat\u00f3rio do painel consultivo de especialistas em testes e triagem da COVID-19<\/a>, dizendo \u201cOs canadenses est\u00e3o fazendo a sua parte na vacina\u00e7\u00e3o; agora \u00e9 hora de fornecer orienta\u00e7\u00f5es claras, oportunas e seguras sobre a reabertura de viagens e o reencontro de fam\u00edlias e amigos.\u201d<\/p>\n<p>&nbsp;<\/p>\n<p><strong><u>Not\u00edcias e lembretes GBTA<\/u><\/strong><\/p>\n<p><strong>Ou\u00e7a os candidatos ao conselho de administra\u00e7\u00e3o da GBTA em 15 de junho: <\/strong>Reserve um tempo para participar do F\u00f3rum Global de Candidatos virtual para ouvir aqueles que concorrem \u00e0s vagas abertas no conselho. Os candidatos compartilhar\u00e3o suas vis\u00f5es para o GBTA antes do in\u00edcio da vota\u00e7\u00e3o, em 21 de junho. <a href=\"https:\/\/gbta.org\/pt\/calendar\/all-programs\/eventid\/1196\/e\/global-candidate-forum-15-jun-2021\/\">Registre-se aqui<\/a> para esta importante sess\u00e3o.<\/p>\n<p><strong>Prefeitura da GBTA LATAM acontece nesta quinta-feira: <\/strong>Durante esta reuni\u00e3o de 10 de junho, voc\u00ea ouvir\u00e1 uma atualiza\u00e7\u00e3o de Nidia Quintero, vice-presidente do comit\u00ea de Diversidade, Equidade e Inclus\u00e3o (DE&amp;I) da GBTA. Participe e saiba porque o DEI deve ser prioridade na sua empresa. <a href=\"https:\/\/gbta.org\/pt\/calendar\/all-programs\/eventid\/1178\/e\/gbta-latam-town-hall-10-jun-2021\/?_ga=2.247765892.2098529178.1622773628-1780588418.1595976199\">Registre-se aqui<\/a>.<\/p>\n<p>&nbsp;<\/p>\n<p>Tenha uma \u00f3tima semana e mantenha-se saud\u00e1vel,<\/p>\n<p>Suzanne<\/p>","protected":false},"excerpt":{"rendered":"<p>Ol\u00e1 a todos \u2013 Tanta coisa est\u00e1 acontecendo no degelo das fronteiras congeladas por COVID \u2013 gostaria de me concentrar na Europa esta semana. O Conselho e o Parlamento da UE concordaram recentemente em introduzir \u201ccertificados Covid digitais da UE\u201d para facilitar a livre circula\u00e7\u00e3o na Europa a partir de 1\u00ba de julho.<\/p>","protected":false},"author":25,"featured_media":0,"comment_status":"open","ping_status":"open","sticky":false,"template":"","format":"standard","meta":{"_acf_changed":false,"_seopress_robots_primary_cat":"none","_seopress_titles_title":"","_seopress_titles_desc":"","_seopress_robots_index":"","om_disable_all_campaigns":false,"_relevanssi_hide_post":"","_relevanssi_hide_content":"","_relevanssi_pin_for_all":"","_relevanssi_pin_keywords":"","_relevanssi_unpin_keywords":"","_relevanssi_related_keywords":"","_relevanssi_related_include_ids":"","_relevanssi_related_exclude_ids":"","_relevanssi_related_no_append":"","_relevanssi_related_not_related":"","_relevanssi_related_posts":"2477,1439,2017,1620,1171,2480","_relevanssi_noindex_reason":"","_kad_blocks_custom_css":"","_kad_blocks_head_custom_js":"","_kad_blocks_body_custom_js":"","_kad_blocks_footer_custom_js":"","_kad_post_transparent":"","_kad_post_title":"","_kad_post_layout":"","_kad_post_sidebar_id":"","_kad_post_content_style":"","_kad_post_vertical_padding":"","_kad_post_feature":"","_kad_post_feature_position":"","_kad_post_header":false,"_kad_post_footer":false,"footnotes":"","_links_to":"","_links_to_target":""},"categories":[1401,105,106,37],"tags":[],"class_list":["post-2540","post","type-post","status-publish","format-standard","hentry","category-diversity-equity-inclusion","category-europe-and-uk","category-latin-america","category-research-and-travel-trends"],"acf":[],"featured_image_src_large":false,"author_info":{"display_name":"jcampbell","author_link":"https:\/\/gbta.org\/pt\/author\/jcampbell\/"},"comment_info":"","category_info":[{"term_id":1401,"name":"Diversity, Equity &amp; Inclusion","slug":"diversity-equity-inclusion","term_group":0,"term_taxonomy_id":1401,"taxonomy":"category","description":"","parent":0,"count":40,"filter":"raw","cat_ID":1401,"category_count":40,"category_description":"","cat_name":"Diversity, Equity &amp; Inclusion","category_nicename":"diversity-equity-inclusion","category_parent":0},{"term_id":105,"name":"Europe and UK","slug":"europe-and-uk","term_group":0,"term_taxonomy_id":105,"taxonomy":"category","description":"","parent":0,"count":153,"filter":"raw","cat_ID":105,"category_count":153,"category_description":"","cat_name":"Europe and UK","category_nicename":"europe-and-uk","category_parent":0},{"term_id":106,"name":"Latin America","slug":"latin-america","term_group":0,"term_taxonomy_id":106,"taxonomy":"category","description":"","parent":0,"count":54,"filter":"raw","cat_ID":106,"category_count":54,"category_description":"","cat_name":"Latin America","category_nicename":"latin-america","category_parent":0},{"term_id":37,"name":"Research and Travel Trends","slug":"research-and-travel-trends","term_group":0,"term_taxonomy_id":37,"taxonomy":"category","description":"","parent":0,"count":966,"filter":"raw","cat_ID":37,"category_count":966,"category_description":"","cat_name":"Research and Travel Trends","category_nicename":"research-and-travel-trends","category_parent":0}],"tag_info":false,"taxonomy_info":{"category":[{"value":1401,"label":"Diversity, Equity &amp; Inclusion"},{"value":105,"label":"Europe and UK"},{"value":106,"label":"Latin America"},{"value":37,"label":"Research and Travel Trends"}]},"featured_image_src":null,"featured_image_src_square":null,"mfb_rest_fields":["featured_image_src_large","author_info","comment_info","category_info","tag_info","taxonomy_info","featured_image_src","featured_image_src_square"],"_links":{"self":[{"href":"https:\/\/gbta.org\/pt\/wp-json\/wp\/v2\/posts\/2540","targetHints":{"allow":["GET"]}}],"collection":[{"href":"https:\/\/gbta.org\/pt\/wp-json\/wp\/v2\/posts"}],"about":[{"href":"https:\/\/gbta.org\/pt\/wp-json\/wp\/v2\/types\/post"}],"author":[{"embeddable":true,"href":"https:\/\/gbta.org\/pt\/wp-json\/wp\/v2\/users\/25"}],"replies":[{"embeddable":true,"href":"https:\/\/gbta.org\/pt\/wp-json\/wp\/v2\/comments?post=2540"}],"version-history":[{"count":0,"href":"https:\/\/gbta.org\/pt\/wp-json\/wp\/v2\/posts\/2540\/revisions"}],"wp:attachment":[{"href":"https:\/\/gbta.org\/pt\/wp-json\/wp\/v2\/media?parent=2540"}],"wp:term":[{"taxonomy":"category","embeddable":true,"href":"https:\/\/gbta.org\/pt\/wp-json\/wp\/v2\/categories?post=2540"},{"taxonomy":"post_tag","embeddable":true,"href":"https:\/\/gbta.org\/pt\/wp-json\/wp\/v2\/tags?post=2540"}],"curies":[{"name":"wp","href":"https:\/\/api.w.org\/{rel}","templated":true}]}}