{"id":2541,"date":"2021-06-10T10:00:00","date_gmt":"2021-06-10T14:00:00","guid":{"rendered":"https:\/\/gbta.org\/gbta-calls-for-action-as-world-leaders-meet-at-g7-summit\/"},"modified":"2022-09-29T11:51:32","modified_gmt":"2022-09-29T15:51:32","slug":"gbta-calls-for-action-as-world-leaders-meet-at-g7-summit","status":"publish","type":"post","link":"https:\/\/gbta.org\/pt\/gbta-calls-for-action-as-world-leaders-meet-at-g7-summit\/","title":{"rendered":"GBTA pede a\u00e7\u00e3o enquanto l\u00edderes mundiais se re\u00fanem na C\u00fapula do G7"},"content":{"rendered":"<p><strong>Alexandria, VA&nbsp;<\/strong>\u2013 A Global Business Travel Association (GBTA), a maior associa\u00e7\u00e3o mundial de viagens de neg\u00f3cios, apela aos l\u00edderes mundiais dos pa\u00edses do G7 para liderarem conversa\u00e7\u00f5es para um regresso cont\u00ednuo das viagens internacionais para impulsionar a recupera\u00e7\u00e3o econ\u00f3mica global.<\/p>\n<p>A avia\u00e7\u00e3o e as viagens de neg\u00f3cios s\u00e3o fatores cr\u00edticos para o sucesso da economia global e das rela\u00e7\u00f5es internacionais. \u00c0 medida que emergimos da pandemia de Covid-19, uma abordagem internacional aos padr\u00f5es reconhecidos \u00e9 crucial para reiniciar as viagens.<\/p>\n<p>\u201cPrecisamos de um forte impulso pol\u00edtico e de uma a\u00e7\u00e3o decisiva a n\u00edvel internacional para desenvolver um roteiro para reabrir as viagens com seguran\u00e7a e restaurar a confian\u00e7a. A cimeira do G7 fornece essa plataforma\u201d, afirmou Suzanne Neufang, CEO \u2013 GBTA, acrescentando: \u201cA ind\u00fastria das viagens de neg\u00f3cios \u2013 como muitos outros sectores das nossas economias \u2013 sofreu com os v\u00e1rios bloqueios e restri\u00e7\u00f5es \u00e0 livre circula\u00e7\u00e3o de pessoas. Desde 1 de abril de 2020, os gastos globais com viagens de neg\u00f3cios ca\u00edram 68% durante o mesmo per\u00edodo de 2019. O reconhecimento global dos Certificados de Sa\u00fade Digitais \u00e9 necess\u00e1rio para um rein\u00edcio seguro e eficaz das viagens de neg\u00f3cios.\u201d<\/p>\n<p>Para reiniciar as viagens de neg\u00f3cios internacionais, a GBTA apela aos governos para que tomem medidas imediatas para alinhar a forma como os certificados de sa\u00fade para os resultados dos testes e vacinas da Covid-19 ser\u00e3o acreditados e mutuamente reconhecidos pelas autoridades dos pa\u00edses em todo o mundo. \u201cA defini\u00e7\u00e3o de uma estrutura acordada internacionalmente para a regulamenta\u00e7\u00e3o de certificados de sa\u00fade digitais Covid-19 seguros e confi\u00e1veis eliminar\u00e1 a complexidade para viajantes e companhias a\u00e9reas e acelerar\u00e1 o retorno seguro das viagens internacionais de neg\u00f3cios. Facilitar um quadro global de viagens \u00e9 uma oportunidade para os pa\u00edses do G7 mostrarem lideran\u00e7a, ao mesmo tempo que defendem o com\u00e9rcio internacional e o crescimento econ\u00f3mico\u201d, disse Neufang.<\/p>\n<p>Para refor\u00e7ar a necessidade de uma abordagem universal \u00fanica, a \u00faltima pesquisa da GBTA revela que tr\u00eas em cada quatro compradores e entrevistados acham que a emiss\u00e3o de certificados de sa\u00fade COVID 19 emitidos pelo governo \u00e9 \u201cmuito eficaz\u201d ou \u201ceficaz\u201d para ajudar no rein\u00edcio dos neg\u00f3cios viagem.<\/p>\n<p>A Uni\u00e3o Europeia est\u00e1 a finalizar um quadro para os estados membros seguirem um \u00fanico conjunto de regras e protocolos. Pa\u00edses, empresas e outras organiza\u00e7\u00f5es j\u00e1 est\u00e3o a desenvolver plataformas e aplica\u00e7\u00f5es, mas o factor cr\u00edtico \u00e9 que os governos devem chegar a acordo sobre o que ser\u00e1 mutuamente reconhecido para as viagens transfronteiri\u00e7as.<\/p>\n<p>O objectivo do G7, portanto, deve ser chegar a acordo sobre uma abordagem comum para:<\/p>\n<p>a. Verificando e compartilhando Certificados de Sa\u00fade Covid 19 em todos<\/p>\n<p>b. Garantir que estes Certificados de Sa\u00fade Covid 19 validados fluam perfeitamente nos processos existentes realizados pelas companhias a\u00e9reas e for\u00e7as fronteiri\u00e7as em todo o mundo.<\/p>\n<p>A ind\u00fastria global de viagens de neg\u00f3cios est\u00e1 empenhada em encontrar uma posi\u00e7\u00e3o comum tanto a n\u00edvel de empresa individual como atrav\u00e9s de um envolvimento mais amplo de associa\u00e7\u00f5es industriais. Os governos precisam de apoiar estes esfor\u00e7os e chegar a acordo sobre uma abordagem comum.<\/p>\n<p>&nbsp;<\/p>","protected":false},"excerpt":{"rendered":"<p>Alexandria, VA \u2013 A Global Business Travel Association (GBTA), a maior associa\u00e7\u00e3o de viagens de neg\u00f3cios do mundo, est\u00e1 pedindo aos l\u00edderes mundiais dos pa\u00edses do G7 que liderem as conversas para um retorno cont\u00ednuo das viagens internacionais para impulsionar a recupera\u00e7\u00e3o econ\u00f4mica global. A avia\u00e7\u00e3o e as viagens de neg\u00f3cios s\u00e3o fatores cr\u00edticos para o sucesso da economia global e internacional\u2026<\/p>","protected":false},"author":25,"featured_media":0,"comment_status":"open","ping_status":"open","sticky":false,"template":"","format":"standard","meta":{"_acf_changed":false,"_seopress_robots_primary_cat":"none","_seopress_titles_title":"","_seopress_titles_desc":"","_seopress_robots_index":"","om_disable_all_campaigns":false,"_relevanssi_hide_post":"","_relevanssi_hide_content":"","_relevanssi_pin_for_all":"","_relevanssi_pin_keywords":"","_relevanssi_unpin_keywords":"","_relevanssi_related_keywords":"","_relevanssi_related_include_ids":"","_relevanssi_related_exclude_ids":"","_relevanssi_related_no_append":"","_relevanssi_related_not_related":"","_relevanssi_related_posts":"2004,4069,1799,1816,1809,6093","_relevanssi_noindex_reason":"","_kad_blocks_custom_css":"","_kad_blocks_head_custom_js":"","_kad_blocks_body_custom_js":"","_kad_blocks_footer_custom_js":"","_kad_post_transparent":"","_kad_post_title":"","_kad_post_layout":"","_kad_post_sidebar_id":"","_kad_post_content_style":"","_kad_post_vertical_padding":"","_kad_post_feature":"","_kad_post_feature_position":"","_kad_post_header":false,"_kad_post_footer":false,"footnotes":"","_links_to":"","_links_to_target":""},"categories":[105,45,1438],"tags":[],"class_list":["post-2541","post","type-post","status-publish","format-standard","hentry","category-europe-and-uk","category-news-and-press-releases","category-procurement-and-policy"],"acf":[],"featured_image_src_large":false,"author_info":{"display_name":"jcampbell","author_link":"https:\/\/gbta.org\/pt\/author\/jcampbell\/"},"comment_info":"","category_info":[{"term_id":105,"name":"Europe and UK","slug":"europe-and-uk","term_group":0,"term_taxonomy_id":105,"taxonomy":"category","description":"","parent":0,"count":153,"filter":"raw","cat_ID":105,"category_count":153,"category_description":"","cat_name":"Europe and UK","category_nicename":"europe-and-uk","category_parent":0},{"term_id":45,"name":"News and Press Releases","slug":"news-and-press-releases","term_group":0,"term_taxonomy_id":45,"taxonomy":"category","description":"","parent":0,"count":541,"filter":"raw","cat_ID":45,"category_count":541,"category_description":"","cat_name":"News and Press Releases","category_nicename":"news-and-press-releases","category_parent":0},{"term_id":1438,"name":"Procurement and Policy","slug":"procurement-and-policy","term_group":0,"term_taxonomy_id":1438,"taxonomy":"category","description":"","parent":0,"count":38,"filter":"raw","cat_ID":1438,"category_count":38,"category_description":"","cat_name":"Procurement and Policy","category_nicename":"procurement-and-policy","category_parent":0}],"tag_info":false,"taxonomy_info":{"category":[{"value":105,"label":"Europe and UK"},{"value":45,"label":"News and Press Releases"},{"value":1438,"label":"Procurement and Policy"}]},"featured_image_src":null,"featured_image_src_square":null,"mfb_rest_fields":["featured_image_src_large","author_info","comment_info","category_info","tag_info","taxonomy_info","featured_image_src","featured_image_src_square"],"_links":{"self":[{"href":"https:\/\/gbta.org\/pt\/wp-json\/wp\/v2\/posts\/2541","targetHints":{"allow":["GET"]}}],"collection":[{"href":"https:\/\/gbta.org\/pt\/wp-json\/wp\/v2\/posts"}],"about":[{"href":"https:\/\/gbta.org\/pt\/wp-json\/wp\/v2\/types\/post"}],"author":[{"embeddable":true,"href":"https:\/\/gbta.org\/pt\/wp-json\/wp\/v2\/users\/25"}],"replies":[{"embeddable":true,"href":"https:\/\/gbta.org\/pt\/wp-json\/wp\/v2\/comments?post=2541"}],"version-history":[{"count":0,"href":"https:\/\/gbta.org\/pt\/wp-json\/wp\/v2\/posts\/2541\/revisions"}],"wp:attachment":[{"href":"https:\/\/gbta.org\/pt\/wp-json\/wp\/v2\/media?parent=2541"}],"wp:term":[{"taxonomy":"category","embeddable":true,"href":"https:\/\/gbta.org\/pt\/wp-json\/wp\/v2\/categories?post=2541"},{"taxonomy":"post_tag","embeddable":true,"href":"https:\/\/gbta.org\/pt\/wp-json\/wp\/v2\/tags?post=2541"}],"curies":[{"name":"wp","href":"https:\/\/api.w.org\/{rel}","templated":true}]}}