{"id":2544,"date":"2021-06-14T10:00:00","date_gmt":"2021-06-14T14:00:00","guid":{"rendered":"https:\/\/gbta.org\/check-in-with-suzanne-15\/"},"modified":"2022-09-29T11:40:34","modified_gmt":"2022-09-29T15:40:34","slug":"check-in-with-suzanne-15","status":"publish","type":"post","link":"https:\/\/gbta.org\/pt\/check-in-with-suzanne-15\/","title":{"rendered":"Check-in com Suzanne"},"content":{"rendered":"<p>Ol\u00e1 pessoal -<\/p>\n<p>&nbsp;<\/p>\n<p>Nada \u00e9 mais importante na nossa ind\u00fastria do que reiniciar as viagens de neg\u00f3cios com seguran\u00e7a a n\u00edvel internacional.<\/p>\n<p>Assim, com a reuni\u00e3o presencial do G7 conclu\u00edda no fim de semana passado, gostaria de inform\u00e1-los sobre a busca ativa da GBTA nos \u00faltimos dias para encorajar fortemente estes e outros governos da UE a (a) abrir fronteiras para viajantes de neg\u00f3cios que representam pouco risco e ( b) coordenar esfor\u00e7os para facilitar a passagem das fronteiras e o seu reconhecimento pelas suas autoridades.<\/p>\n<ul>\n<li>Antes da reuni\u00e3o do G7 da semana passada, continu\u00e1mos a sensibilizar os Estados-Membros e emitimos um apelo \u00e0 ac\u00e7\u00e3o aos l\u00edderes governamentais. Voc\u00ea pode <a href=\"https:\/\/gbta.org\/pt\/blog\/gbta-calls-for-action-as-world-leaders-meet-at-g7-summit\/\">veja o comunicado aqui<\/a>.<\/li>\n<li>Na semana passada, Lotten Fowler, da Associa\u00e7\u00e3o Sueca de Viagens de Neg\u00f3cios, juntou-se a n\u00f3s numa reuni\u00e3o com um adido sueco da UE para apresentar a nossa posi\u00e7\u00e3o sobre a implementa\u00e7\u00e3o do Certificado Digital Covid da UE e a flexibiliza\u00e7\u00e3o das restri\u00e7\u00f5es \u00e0 entrada de indiv\u00edduos vacinados na UE. Reunimos informa\u00e7\u00f5es sobre os pr\u00f3ximos passos e um cronograma para a implementa\u00e7\u00e3o do certificado covid na Su\u00e9cia e em outros estados membros da UE. <a href=\"https:\/\/gbta.org\/pt\/blog\/global-business-travel-association-welcomes-agreement-between-the-eu-council-and-parliament\/\">Clique aqui para saber mais.<\/a><\/li>\n<\/ul>\n<p>E depois da reuni\u00e3o do G7, fic\u00e1mos muito satisfeitos por ver que o G7 tomou de facto uma posi\u00e7\u00e3o relativamente ao impulso da nossa ind\u00fastria \u2013 reconhecendo a import\u00e2ncia das viagens internacionais e acrescentando: \u201cReconhecemos que ser\u00e1 necess\u00e1rio um conjunto de normas comuns para viagens, incluindo interoperabilidade e reconhecimento m\u00fatuo de aplica\u00e7\u00f5es digitais, requisitos de testes, reconhecimento do estado de vacina\u00e7\u00e3o, incluindo isen\u00e7\u00f5es e crit\u00e9rios compar\u00e1veis para quando medidas de resposta podem ser necess\u00e1rias.\u201d <a href=\"https:\/\/www.g7uk.org\/wp-content\/uploads\/2021\/06\/Carbis-Bay-G7-Summit-Communique-PDF-430KB-25-pages-3.pdf\">Clique aqui<\/a> para ler o comunicado completo.<\/p>\n<p>E enquanto nossa associa\u00e7\u00e3o passa por nosso importante ciclo de governan\u00e7a de elei\u00e7\u00f5es para o conselho de administra\u00e7\u00e3o nas pr\u00f3ximas semanas, \u00e9 importante lembrar que n\u00f3s \u2013 a equipe e os volunt\u00e1rios \u2013 servimos voc\u00eas, nossos membros do GBTA e os participantes do ecossistema da ind\u00fastria. Continuaremos a trabalhar para impulsionar esta importante ind\u00fastria para os principais decisores pol\u00edticos mundiais, para torn\u00e1-la o motor econ\u00f3mico e vibrante que era antes da pandemia.<\/p>\n<p>&nbsp;<\/p>\n<p><strong><u>Novidades para conhecer<\/u><\/strong><\/p>\n<p><strong>EUA e Reino Unido tomam medidas na dire\u00e7\u00e3o certa:<\/strong> Antes da Cimeira do G7 do fim de semana passado, o primeiro-ministro do Reino Unido, Boris Johnson, e o presidente dos EUA, Joe Biden, anunciaram um novo <a href=\"https:\/\/www.businesstravelnews.com\/Global\/US-UK-Commit-to-Task-Force-on-Restarting-Travel?utm_source=newsletter&amp;utm_medium=email&amp;utm_campaign=eltrdaily&amp;oly_enc_id=2193B3357467C0V\">grupo de trabalho conjunto<\/a> desenvolver recomenda\u00e7\u00f5es para a abertura de viagens entre os dois pa\u00edses.<\/p>\n<p><strong>CEOs pedem reabertura de viagens a\u00e9reas transatl\u00e2nticas: <\/strong>Em seu <a href=\"https:\/\/www.businesstravelnews.com\/Global\/CEOs-Call-for-Transatlantic-Air-Travel-Reopening?utm_source=newsletter&amp;utm_medium=email&amp;utm_campaign=eltrdaily&amp;oly_enc_id=2193B3357467C0V\">apelo conjunto para reabrir<\/a>, os CEO das cinco transportadoras que oferecem servi\u00e7os de passageiros entre o Reino Unido e os EUA citaram os custos das restri\u00e7\u00f5es para as economias de ambos os pa\u00edses e tamb\u00e9m apelaram ao Reino Unido para adicionar os EUA \u00e0 lista verde do pa\u00eds.<\/p>\n<p><strong>\u201cDia de A\u00e7\u00e3o\u201d de Viagens no Reino Unido marcado para 23 de junho: <\/strong>Grupos da ind\u00fastria de viagens usar\u00e3o o <a href=\"https:\/\/www.businesstravelnewseurope.com\/Management\/Travel-day-of-action-called-for-23-June?utm_source=newsletter&amp;utm_medium=email&amp;utm_campaign=eltrbtneurope\">dia de a\u00e7\u00e3o<\/a> para pressionar o governo do Reino Unido a apoiar um retorno seguro \u00e0s viagens internacionais, antes da data de 28 de junho, quando se espera que o governo decida sobre os pr\u00f3ximos passos para as viagens internacionais.<\/p>\n<p><strong>O Canad\u00e1 d\u00e1 um passo na dire\u00e7\u00e3o certa: <\/strong>O governo canadense anunciou que, a partir de julho, os canadenses totalmente vacinados e os residentes permanentes que cruzarem a fronteira com o Canad\u00e1 ir\u00e3o <a href=\"https:\/\/beta.ctvnews.ca\/national\/politics\/2021\/6\/9\/1_5462527.amp.html\">n\u00e3o ser\u00e1 mais obrigado a ficar em um hotel<\/a> durante parte do per\u00edodo de quarentena. Os viajantes ainda ter\u00e3o que apresentar um teste negativo antes da partida, fazer um teste COVID-19 ao chegar ao Canad\u00e1 e se isolar at\u00e9 que o resultado do teste mais recente d\u00ea negativo.<\/p>\n<p><strong>Apelo \u00e0 a\u00e7\u00e3o no Canad\u00e1: <\/strong>A Associa\u00e7\u00e3o da Ind\u00fastria do Turismo do Canad\u00e1 lan\u00e7ou uma nova campanha \u2013 #OpenTheBorder \u2013 pressionando o governo para come\u00e7ar a reabrir a fronteira entre o Canad\u00e1 e os EUA. Os membros da GBTA Canad\u00e1 s\u00e3o incentivados a<a href=\"https:\/\/www.openuscanborder.ca\/home\"> escreva ao seu membro do Parlamento<\/a> para dizer-lhes que fa\u00e7am a sua parte para reabrir com seguran\u00e7a a fronteira Canad\u00e1-EUA.<\/p>\n<p>&nbsp;<\/p>\n<p><strong><u>Not\u00edcias e lembretes GBTA<\/u><\/strong><\/p>\n<p><strong>A Junta Eleitoral da GBTA est\u00e1 em andamento a partir de 21 de junho!<\/strong> Se voc\u00ea \u00e9 membro, fique atento \u00e0 sua c\u00e9dula eleitoral em nosso 3 independente<sup>rd<\/sup> Servi\u00e7os Eleitorais do partido. E se a sua ades\u00e3o expirou \u2013 nunca houve melhor altura para renovar \u2013 para fazer valer o seu voto! <a href=\"https:\/\/gbta.org\/pt\/elections-2021\/?_ga=2.116766086.1630345772.1623698026-1780588418.1595976199\">Clique aqui<\/a> para ler sobre a lista ativa de candidatos.<\/p>\n<p><strong>C\u00e2mara Municipal da GBTA Europa \u00e9 nesta quinta-feira: <\/strong>Participe desta importante reuni\u00e3o onde o tema principal ser\u00e1 \u201cDesafios da informa\u00e7\u00e3o durante a era Covid\u201d. Voc\u00ea pode <a href=\"https:\/\/gbta.org\/pt\/calendar\/all-programs\/eventid\/1163\/e\/gbta-europe-town-hall-17-jun-2021\/\">Registre-se aqui<\/a>.<\/p>\n<p><strong>Reserve a data \u2013 Reuni\u00e3o Anual de Neg\u00f3cios da GBTA e C\u00fapula Virtual Semestral em 20 de julho: <\/strong>As inscri\u00e7\u00f5es ser\u00e3o lan\u00e7adas esta semana para esta importante sess\u00e3o virtual onde voc\u00ea ouvir\u00e1 uma atualiza\u00e7\u00e3o sobre o GBTA, conhecer\u00e1 os resultados da elei\u00e7\u00e3o do conselho de administra\u00e7\u00e3o e participar\u00e1 de sess\u00f5es educacionais relevantes e oportunas.<\/p>\n<p><strong>Conselho Consultivo da GBTA LATAM d\u00e1 as boas-vindas aos novos membros: <\/strong>Junte-se a mim nas boas-vindas <a href=\"https:\/\/gbta.org\/pt\/blog\/gbta-strengthens-advisory-board-in-latin-america\/\">os sete novos membros<\/a> que servir\u00e3o at\u00e9 2023! Este conselho recentemente nomeado faz parte do objetivo da GBTA de reaproximar-se da regi\u00e3o LATAM e enfrentar desafios espec\u00edficos da regi\u00e3o.<\/p>\n<p>\u00c0 medida que mais e mais viajantes viajam para os c\u00e9us, trens, aluguel de carros e hot\u00e9is neste ver\u00e3o, a GBTA continuar\u00e1 a defender vigorosamente em seu nome para garantir a recupera\u00e7\u00e3o das viagens de neg\u00f3cios com rapidez e seguran\u00e7a.<\/p>\n<p>&nbsp;<\/p>\n<p>Suzanne<\/p>\n<p>&nbsp;<\/p>","protected":false},"excerpt":{"rendered":"<p>Ol\u00e1 a todos \u2013 Nada \u00e9 mais importante em nosso setor do que reiniciar as viagens de neg\u00f3cios com seguran\u00e7a em uma base internacional. Ent\u00e3o, com a reuni\u00e3o cara a cara do G7 concluindo no \u00faltimo fim de semana, eu queria que voc\u00ea soubesse da busca ativa do GBTA nos \u00faltimos dias para encorajar fortemente esses e outros governos da UE a (a)\u2026<\/p>","protected":false},"author":25,"featured_media":0,"comment_status":"open","ping_status":"open","sticky":false,"template":"","format":"standard","meta":{"_acf_changed":false,"_seopress_robots_primary_cat":"none","_seopress_titles_title":"","_seopress_titles_desc":"","_seopress_robots_index":"","om_disable_all_campaigns":false,"_relevanssi_hide_post":"","_relevanssi_hide_content":"","_relevanssi_pin_for_all":"","_relevanssi_pin_keywords":"","_relevanssi_unpin_keywords":"","_relevanssi_related_keywords":"","_relevanssi_related_include_ids":"","_relevanssi_related_exclude_ids":"","_relevanssi_related_no_append":"","_relevanssi_related_not_related":"","_relevanssi_related_posts":"2477,1439,2017,1620,1171,2480","_relevanssi_noindex_reason":"","_kad_blocks_custom_css":"","_kad_blocks_head_custom_js":"","_kad_blocks_body_custom_js":"","_kad_blocks_footer_custom_js":"","_kad_post_transparent":"","_kad_post_title":"","_kad_post_layout":"","_kad_post_sidebar_id":"","_kad_post_content_style":"","_kad_post_vertical_padding":"","_kad_post_feature":"","_kad_post_feature_position":"","_kad_post_header":false,"_kad_post_footer":false,"footnotes":"","_links_to":"","_links_to_target":""},"categories":[114,1437,106,37],"tags":[],"class_list":["post-2544","post","type-post","status-publish","format-standard","hentry","category-airlines-and-aviation","category-covid-19","category-latin-america","category-research-and-travel-trends"],"acf":[],"featured_image_src_large":false,"author_info":{"display_name":"jcampbell","author_link":"https:\/\/gbta.org\/pt\/author\/jcampbell\/"},"comment_info":"","category_info":[{"term_id":114,"name":"Airlines and Aviation","slug":"airlines-and-aviation","term_group":0,"term_taxonomy_id":114,"taxonomy":"category","description":"","parent":0,"count":355,"filter":"raw","cat_ID":114,"category_count":355,"category_description":"","cat_name":"Airlines and Aviation","category_nicename":"airlines-and-aviation","category_parent":0},{"term_id":1437,"name":"COVID-19","slug":"covid-19","term_group":0,"term_taxonomy_id":1437,"taxonomy":"category","description":"","parent":0,"count":124,"filter":"raw","cat_ID":1437,"category_count":124,"category_description":"","cat_name":"COVID-19","category_nicename":"covid-19","category_parent":0},{"term_id":106,"name":"Latin America","slug":"latin-america","term_group":0,"term_taxonomy_id":106,"taxonomy":"category","description":"","parent":0,"count":54,"filter":"raw","cat_ID":106,"category_count":54,"category_description":"","cat_name":"Latin America","category_nicename":"latin-america","category_parent":0},{"term_id":37,"name":"Research and Travel Trends","slug":"research-and-travel-trends","term_group":0,"term_taxonomy_id":37,"taxonomy":"category","description":"","parent":0,"count":966,"filter":"raw","cat_ID":37,"category_count":966,"category_description":"","cat_name":"Research and Travel Trends","category_nicename":"research-and-travel-trends","category_parent":0}],"tag_info":false,"taxonomy_info":{"category":[{"value":114,"label":"Airlines and Aviation"},{"value":1437,"label":"COVID-19"},{"value":106,"label":"Latin America"},{"value":37,"label":"Research and Travel Trends"}]},"featured_image_src":null,"featured_image_src_square":null,"mfb_rest_fields":["featured_image_src_large","author_info","comment_info","category_info","tag_info","taxonomy_info","featured_image_src","featured_image_src_square"],"_links":{"self":[{"href":"https:\/\/gbta.org\/pt\/wp-json\/wp\/v2\/posts\/2544","targetHints":{"allow":["GET"]}}],"collection":[{"href":"https:\/\/gbta.org\/pt\/wp-json\/wp\/v2\/posts"}],"about":[{"href":"https:\/\/gbta.org\/pt\/wp-json\/wp\/v2\/types\/post"}],"author":[{"embeddable":true,"href":"https:\/\/gbta.org\/pt\/wp-json\/wp\/v2\/users\/25"}],"replies":[{"embeddable":true,"href":"https:\/\/gbta.org\/pt\/wp-json\/wp\/v2\/comments?post=2544"}],"version-history":[{"count":0,"href":"https:\/\/gbta.org\/pt\/wp-json\/wp\/v2\/posts\/2544\/revisions"}],"wp:attachment":[{"href":"https:\/\/gbta.org\/pt\/wp-json\/wp\/v2\/media?parent=2544"}],"wp:term":[{"taxonomy":"category","embeddable":true,"href":"https:\/\/gbta.org\/pt\/wp-json\/wp\/v2\/categories?post=2544"},{"taxonomy":"post_tag","embeddable":true,"href":"https:\/\/gbta.org\/pt\/wp-json\/wp\/v2\/tags?post=2544"}],"curies":[{"name":"wp","href":"https:\/\/api.w.org\/{rel}","templated":true}]}}