{"id":2551,"date":"2021-06-29T10:00:00","date_gmt":"2021-06-29T14:00:00","guid":{"rendered":"https:\/\/gbta.org\/check-in-with-suzanne-17\/"},"modified":"2022-09-29T11:46:29","modified_gmt":"2022-09-29T15:46:29","slug":"check-in-with-suzanne-17","status":"publish","type":"post","link":"https:\/\/gbta.org\/pt\/check-in-with-suzanne-17\/","title":{"rendered":"Check-in com Suzanne"},"content":{"rendered":"<p>Oi pessoal -<\/p>\n<p>O ciclo de vida de uma associa\u00e7\u00e3o como a nossa depende de uma forte participa\u00e7\u00e3o dos membros, patrocinadores dedicados, programas relevantes e boa governa\u00e7\u00e3o. E assim, o meu tema desta semana combina tudo isso \u2013 em torno das nossas elei\u00e7\u00f5es. Esta \u00e9 uma esp\u00e9cie de li\u00e7\u00e3o c\u00edvica do GBTA.<\/p>\n<p><strong>Qual \u00e9 o pano de fundo?<\/strong><\/p>\n<p>H\u00e1 apenas algumas semanas, o Conselho solicitou mais informa\u00e7\u00f5es sobre a participa\u00e7\u00e3o agregada dos eleitores nas duas vota\u00e7\u00f5es do Estatuto da primavera. Embora cada uma dessas vota\u00e7\u00f5es de altera\u00e7\u00e3o tenha cumprido o limite exigido de 10% para a participa\u00e7\u00e3o dos eleitores eleg\u00edveis \u2013 com esmagadoras respostas \u201csim\u201d em cada uma \u2013 a taxa de participa\u00e7\u00e3o global de 16% e 11% poderia ter sido melhor. A pedido do Conselho, disponibilizamos essas informa\u00e7\u00f5es detalhadas sobre a participa\u00e7\u00e3o dos eleitores (por pa\u00eds e tipo de membro) a todos os candidatos que concorrem a assentos vagos no Conselho. E agora tamb\u00e9m gostaria de compartilhar um resumo das informa\u00e7\u00f5es sobre a participa\u00e7\u00e3o dos eleitores com voc\u00eas \u2013 nossos membros e patrocinadores \u2013 com a inten\u00e7\u00e3o de estimular mais de voc\u00eas a se envolverem ativamente na vota\u00e7\u00e3o e a compartilharem sua voz.<\/p>\n<p>&nbsp;<\/p>\n<p><strong>Por que estamos compartilhando essas informa\u00e7\u00f5es este ano? <\/strong><\/p>\n<p>A vota\u00e7\u00e3o online \u00e9 bastante nova no GBTA. E esta \u00e9 a primeira vez que o GBTA solicita acesso a dados mais detalhados sobre a participa\u00e7\u00e3o dos eleitores em qualquer elei\u00e7\u00e3o. Estamos compartilhando-o para garantir transpar\u00eancia e condi\u00e7\u00f5es equitativas entre todos os candidatos, bem como para conscientizar nossa base de membros.<\/p>\n<p><strong>&nbsp;<\/strong><\/p>\n<p><strong>Quais s\u00e3o os detalhes sobre as vota\u00e7\u00f5es do estatuto da primavera?<\/strong><\/p>\n<ul>\n<li>Dezesseis por cento (16%) dos membros eleg\u00edveis (somente diretos) votaram na vota\u00e7\u00e3o do Conjunto 1 do Estatuto.<\/li>\n<li>Onze por cento (11%) (Diretos e Aliados) votaram na vota\u00e7\u00e3o do Conjunto 2 do Estatuto.<\/li>\n<li>Entendemos que isso est\u00e1 dentro da norma das associa\u00e7\u00f5es comerciais do nosso tamanho e escopo:\n<ul>\n<li>Nossos 3<sup>rd<\/sup> O parceiro de servi\u00e7os eleitorais do partido indica que esta faixa est\u00e1 entre seus clientes de associa\u00e7\u00e3o com melhor desempenho.<\/li>\n<li>MCI, a empresa de terceiriza\u00e7\u00e3o e consultoria de associa\u00e7\u00e3o com quem a GBTA contratou uma extensa auditoria em 2020, indica que os clientes de sua associa\u00e7\u00e3o variam entre as taxas de participa\u00e7\u00e3o de 7-41%. (27% \u00e9 a m\u00e9dia do cliente)<\/li>\n<li>A ACTE, cujos ativos a GBTA adquiriu no final do ano passado, tinha uma taxa m\u00e9dia de participa\u00e7\u00e3o votante dos membros de 13-20%, dependendo da regi\u00e3o.<\/li>\n<\/ul>\n<\/li>\n<\/ul>\n<p>&nbsp;<\/p>\n<p>O resumo por regi\u00e3o para cada uma das vota\u00e7\u00f5es do Estatuto da GBTA \u00e9 detalhado abaixo:<\/p>\n<table width=\"495\">\n<tbody>\n<tr>\n<td colspan=\"3\" rowspan=\"3\" width=\"212\"><strong>Direto\/Aliado<\/strong><\/p>\n<p><strong>Associa\u00e7\u00e3o por regi\u00e3o <\/strong><\/p>\n<p><strong>no momento das vota\u00e7\u00f5es do estatuto&nbsp;<\/strong><\/td>\n<td width=\"71\"><\/td>\n<td width=\"71\"><strong>&nbsp;&nbsp;&nbsp; M\u00e9dia %<\/strong><\/td>\n<td width=\"71\"><\/td>\n<td width=\"71\"><\/td>\n<\/tr>\n<tr>\n<td colspan=\"3\" width=\"212\"><strong>membro votante por regi\u00e3o<\/strong><\/td>\n<td width=\"71\"><\/td>\n<\/tr>\n<tr>\n<td width=\"71\"><\/td>\n<td width=\"71\"><strong><u>voto 1<\/u><\/strong><\/td>\n<td width=\"71\"><\/td>\n<td width=\"71\"><strong><u>voto 2<\/u><\/strong><\/td>\n<\/tr>\n<tr>\n<td width=\"77\">EMEA<\/td>\n<td width=\"64\">40%<\/td>\n<td width=\"71\"><\/td>\n<td width=\"71\"><\/td>\n<td width=\"71\">7.66%<\/td>\n<td width=\"71\"><\/td>\n<td width=\"71\">6.62%<\/td>\n<\/tr>\n<tr>\n<td width=\"77\">N\u00d3S<\/td>\n<td width=\"64\">53%<\/td>\n<td width=\"71\"><\/td>\n<td width=\"71\"><\/td>\n<td width=\"71\">21.67%<\/td>\n<td width=\"71\"><\/td>\n<td width=\"71\">14.84%<\/td>\n<\/tr>\n<tr>\n<td width=\"77\">LATAM<\/td>\n<td width=\"64\">0.72%<\/td>\n<td width=\"71\"><\/td>\n<td width=\"71\"><\/td>\n<td width=\"71\">4.70%<\/td>\n<td width=\"71\"><\/td>\n<td width=\"71\">0.5%<\/td>\n<\/tr>\n<tr>\n<td width=\"77\">APAC<\/td>\n<td width=\"64\">1.30%<\/td>\n<td width=\"71\"><\/td>\n<td width=\"71\"><\/td>\n<td width=\"71\">15.87%<\/td>\n<td width=\"71\"><\/td>\n<td width=\"71\">1.0%<\/td>\n<\/tr>\n<tr>\n<td width=\"77\">Canad\u00e1<\/td>\n<td width=\"64\">5%<\/td>\n<td width=\"71\"><\/td>\n<td width=\"71\"><\/td>\n<td width=\"71\">19.18%<\/td>\n<td width=\"71\"><\/td>\n<td width=\"71\">14.29%<\/td>\n<\/tr>\n<\/tbody>\n<\/table>\n<p>&nbsp;<\/p>\n<p><strong>Quais s\u00e3o as principais conclus\u00f5es?<\/strong><\/p>\n<p>Embora seja \u201csuficientemente bom\u201d, n\u00e3o estamos satisfeitos com a participa\u00e7\u00e3o m\u00e9dia dos eleitores de 11-16% \u2013 e queremos garantir que a superaremos nas pr\u00f3ximas semanas, enquanto as elei\u00e7\u00f5es para o conselho est\u00e3o em andamento. Queremos tamb\u00e9m que cada regi\u00e3o desempenhe um papel importante na decis\u00e3o do futuro da nossa associa\u00e7\u00e3o.<\/p>\n<p>Com o maior n\u00famero de candidatos (24) j\u00e1 concorrendo nas elei\u00e7\u00f5es da GBTA este ano \u2013 e o grupo de candidatos com maior diversidade geogr\u00e1fica na hist\u00f3ria da GBTA \u2013 acreditamos que h\u00e1 muito entusiasmo sobre o futuro da associa\u00e7\u00e3o neste momento.<\/p>\n<p>Na verdade, nosso objetivo \u00e9 chegar a 25% de participa\u00e7\u00e3o m\u00e9dia dos eleitores eleg\u00edveis at\u00e9 19 de julho, quando essas elei\u00e7\u00f5es para o conselho terminarem. O envolvimento dos membros faz da nossa associa\u00e7\u00e3o um corpo profissional vibrante e em evolu\u00e7\u00e3o \u2013 cada voto dos membros conta. \u00c9 hora de votar!<\/p>\n<p>&nbsp;<\/p>\n<p><strong>Concurso eleitoral \u201cSaia do voto\u201d<\/strong><\/p>\n<ul>\n<li>Estamos realizando um concurso entre as cinco regi\u00f5es designadas do GBTA para incentivar o voto ativo dos membros (Europa, Canad\u00e1, LATAM, APAC, EUA).<\/li>\n<li>Todos os membros votantes participar\u00e3o de um sorteio aleat\u00f3rio para ter a chance de ganhar um dos cinco vouchers GBTA equivalentes a $1.000 USD.*<\/li>\n<li>Os vencedores tamb\u00e9m ganhar\u00e3o $1.000 USD em vouchers GBTA para seus <em>cap\u00edtulo ou entidade regional<\/em> (sua \u201cbase\u201d) para serem direcionados \u00e0s metas educacionais da unidade.<\/li>\n<li>Antes do final de julho, os Servi\u00e7os Eleitorais escolher\u00e3o aleatoriamente os cinco vencedores entre todos os eleitores. A GBTA anunciar\u00e1 os vencedores em um Daily News Brief.<\/li>\n<\/ul>\n<p><em>*Os vouchers GBTA podem ser usados para qualquer despesa direta do GBTA, incluindo conven\u00e7\u00f5es, confer\u00eancias regionais, educa\u00e7\u00e3o ou associa\u00e7\u00e3o. Os vouchers expirar\u00e3o 2 anos ap\u00f3s a emiss\u00e3o.<\/em><\/p>\n<p><strong>&nbsp;<\/strong><\/p>\n<p><strong>Ent\u00e3o \u2013 como voc\u00ea vota na elei\u00e7\u00e3o do conselho do GBTA?<\/strong><\/p>\n<p>As elei\u00e7\u00f5es foram abertas em <strong>Segunda-feira, 21 de junho e fechar\u00e1 segunda-feira, 19 de julho<\/strong> \u00e0s 17h EDT. Os membros dever\u00e3o ter recebido um e-mail dos Servi\u00e7os Eleitorais \u2013 um voto\/e-mail por membro. Se voc\u00ea n\u00e3o recebeu seu e-mail, entre em contato com Shane Downey da GBTA em <a href=\"mailto:sdowney@gbta.org\">sdowney@gbta.org<\/a>.<\/p>\n<p>Os resultados das elei\u00e7\u00f5es ser\u00e3o anunciados na ter\u00e7a-feira, 20 de julho, na Reuni\u00e3o Anual Virtual de Neg\u00f3cios e na C\u00fapula Semestral. Tenha certeza de <a href=\"https:\/\/gbta.swoogo.com\/summitabm\/home\">registro<\/a> e obtenha os resultados em primeira m\u00e3o.<\/p>\n<p><strong>Quais cargos no conselho est\u00e3o abertos?<\/strong><\/p>\n<ul>\n<li>Presidente<\/li>\n<li>Vice presidente<\/li>\n<li>Um (1) Membro Direto Geral<\/li>\n<li>Um (1) Membro Direto Regional Europeu<\/li>\n<li>Um (1) Membro Direto Regional Canadense<\/li>\n<li>Tr\u00eas (3) membros aliados em geral<\/li>\n<\/ul>\n<p><strong>Quem pode votar e por que \u00e9 t\u00e3o importante que os membros votem este ano?<\/strong><\/p>\n<p>Os membros da GBTA votaram em dois conjuntos de altera\u00e7\u00f5es no estatuto nos \u00faltimos meses para mudar a forma como a associa\u00e7\u00e3o \u00e9 governada. Agora, pela primeira vez na hist\u00f3ria, os membros Aliados e Diretos do GBTA t\u00eam a oportunidade de participar do processo eleitoral e votar em CADA uma das posi\u00e7\u00f5es abertas.<\/p>\n<p>Ap\u00f3s as mudan\u00e7as no Estatuto Social, h\u00e1 um n\u00famero sem precedentes de vagas abertas e uma nova representa\u00e7\u00e3o global em jogo. Esta \u00e9 uma oportunidade para os membros determinarem o futuro da GBTA, fazerem ouvir a sua voz e ajudarem a moldar o futuro da GBTA votando nos candidatos que voc\u00ea acredita que melhor liderar\u00e3o a nossa organiza\u00e7\u00e3o.<\/p>\n<p><strong>Por que o Conselho do GBTA \u00e9 t\u00e3o importante?<\/strong><\/p>\n<p>O Conselho de Administra\u00e7\u00e3o da GBTA atua como \u00f3rg\u00e3o dirigente e \u00e9 respons\u00e1vel por estabelecer o foco e a dire\u00e7\u00e3o da associa\u00e7\u00e3o, desempenhando um papel fundamental na forma\u00e7\u00e3o da nossa ind\u00fastria.<\/p>\n<p>&nbsp;<\/p>\n<p><strong><u>Novidades para conhecer<\/u><\/strong><\/p>\n<p><strong>Recupera\u00e7\u00e3o de viagens de neg\u00f3cios do projeto de executivos financeiros dos EUA: <\/strong>Dentro <a href=\"https:\/\/www.businesstravelnews.com\/Procurement\/Survey-US-Financial-Execs-Project-Business-Travel-Rebound?utm_source=newsletter&amp;utm_medium=email&amp;utm_campaign=eltrdaily&amp;oly_enc_id=2193B3357467C0V\">uma pesquisa recente<\/a>, 34 por cento indicaram que ou as suas organiza\u00e7\u00f5es j\u00e1 tinham atingido n\u00edveis pr\u00e9-pand\u00e9micos de viagens de neg\u00f3cios ou o fariam at\u00e9 ao final do ano, com outros 29 a projectarem que o fariam nos pr\u00f3ximos 12 meses. Estes s\u00e3o dados promissores, uma vez que estes inquiridos constituem l\u00edderes-chave dentro das empresas \u2013 CEO, CFOs, controladores e outros executivos de n\u00edvel s\u00e9nior \u2013 que det\u00eam poderes de elabora\u00e7\u00e3o de pol\u00edticas e or\u00e7amentos. Enquanto isso\u2026 a Secret\u00e1ria de Com\u00e9rcio dos EUA, Gina Raimondo, anunciou: \u201cEstou fazendo tudo que posso como defensora <a href=\"https:\/\/www.businesstravelnews.com\/Transportation\/US-Commerce-Secretary-Calls-Corp-Travel-Restart-Top-Priority-Details-Few?utm_source=newsletter&amp;utm_medium=email&amp;utm_campaign=eltrdaily&amp;oly_enc_id=2193B3357467C0V\">abrir corredores importantes para viagens de neg\u00f3cios internacionais<\/a>\u201d, sem oferecer detalhes, mas dizendo \u201cTenho esperan\u00e7a de que ap\u00f3s o Dia do Trabalho veremos um bom aumento nas viagens de neg\u00f3cios e internacionais\u201d.<\/p>\n<p><strong>As restri\u00e7\u00f5es COVID da regi\u00e3o europeia est\u00e3o espalhadas pelo mapa: <\/strong>Na semana passada, o governo do Reino Unido <a href=\"https:\/\/www.bbc.com\/news\/live\/uk-57592006\">adicionou mais pa\u00edses \u00e0 sua lista verde<\/a> e a Su\u00ed\u00e7a anunciaram que \u00e9 <a href=\"https:\/\/www.businesstravelnewseurope.com\/Air-Travel\/Switzerland-to-loosen-entry-restrictions?utm_source=newsletter&amp;utm_medium=email&amp;utm_campaign=eltrbtneurope\">relaxando restri\u00e7\u00f5es de entrada<\/a> e permitir\u00e1 a entrada de pessoas que viajam do espa\u00e7o Schengen sem necessidade de quarentena. Entretanto, o Governo da Su\u00e9cia <a href=\"https:\/\/www.businesstravelnewseurope.com\/Air-Travel\/Sweden-extends-entry-ban?utm_source=newsletter&amp;utm_medium=email&amp;utm_campaign=eltrbtneurope\">estendeu sua proibi\u00e7\u00e3o de entrada<\/a> em viagens de pa\u00edses da UE\/EEE at\u00e9 31 de agosto, exceto aqueles que est\u00e3o totalmente vacinados, podem apresentar um resultado negativo no teste COVID-19 ou um certificado confirmando a recupera\u00e7\u00e3o da COVID-19.<\/p>\n<p><strong>Mais avan\u00e7os na LATAM: <\/strong>A LATAM Airlines anunciou na semana passada que ir\u00e1 <a href=\"https:\/\/www.aviacionline.com\/2021\/06\/latam-will-resume-its-flights-to-paris\/\">reiniciar voos para Paris<\/a> no dia 3 de julho, com tr\u00eas voos semanais entre Santiago do Chile, S\u00e3o Paulo e Paris, com planos de aumentar em breve sua presen\u00e7a na Espanha. E o Aeroporto Internacional de Tocumen, no Panam\u00e1, viu <a href=\"https:\/\/www.aviacionline.com\/2021\/06\/panama-passenger-traffic-at-tocumen-airport-grew-24-in-may\/\">um aumento de 24% no tr\u00e1fego de passageiros no m\u00eas passado<\/a> \u2013 145.014 viajantes a mais que no m\u00eas anterior.<\/p>\n<p>&nbsp;<\/p>\n<p><strong><u>Not\u00edcias e lembretes GBTA<\/u><\/strong><\/p>\n<p><strong>GBTA Fran\u00e7a hospeda primeiro evento presencial: <\/strong>Numa \u201cvit\u00f3ria\u201d para o rein\u00edcio das viagens de neg\u00f3cios, 95 participantes, incluindo 35 compradores, reuniram-se para aprender com especialistas da Egencia, Air France, Accor e outros sobre o rein\u00edcio das viagens de neg\u00f3cios e reuni\u00f5es e eventos. O dia terminou com um coquetel de networking com muita intera\u00e7\u00e3o pessoal! Obrigado ao Conselho Consultivo da GBTA Fran\u00e7a e a Val\u00e9rie Goll\u00e9ty, gerente regional da GBTA Fran\u00e7a, por organizarem um evento t\u00e3o not\u00e1vel.<\/p>\n<p><strong>GBTA LATAM adiciona Guadalupe \u201cLupita\u201d Gomez \u00e0 equipe: <\/strong>Junte-se a mim para dar as boas-vindas a Lupita, que vem para a GBTA com mais de 35 anos de experi\u00eancia no setor de viagens de neg\u00f3cios e trabalhar\u00e1 com Candela Fernandez Wyngaard para ajudar a fortalecer nossos esfor\u00e7os no M\u00e9xico e em toda a regi\u00e3o LATAM. Se voc\u00ea quiser enviar uma mensagem de ol\u00e1 para ela, ela pode ser contatada em: <a href=\"mailto:lgomez@gbta.org\">lgomez@gbta.org<\/a>.<\/p>\n<p>Finalmente, h\u00e1 dois lembretes importantes sobre os quais pe\u00e7o que voc\u00ea tome medidas:<\/p>\n<ul>\n<li><strong>Elei\u00e7\u00e3o do Conselho de Administra\u00e7\u00e3o: <\/strong>Tenha certeza que sua voz \u00e9 ouvida. Por favor, dedique alguns minutos para votar na quest\u00e3o muito importante <a href=\"https:\/\/gbta.org\/pt\/elections-2021\/?_ga=2.23791290.1823992641.1624640829-1780588418.1595976199\">Elei\u00e7\u00e3o do Conselho de Administra\u00e7\u00e3o<\/a>.<\/li>\n<li><strong>C\u00fapula Virtual Semestral e Reuni\u00e3o Anual de Neg\u00f3cios: <\/strong><a href=\"https:\/\/gbta.org\/pt\/gbta-annual-business-meeting-mid-year-virtual-summit\/\">Registre-se hoje<\/a> para esta importante sess\u00e3o de 20 de julho para ouvir os resultados da elei\u00e7\u00e3o do Conselho de Administra\u00e7\u00e3o e aprender mais sobre quest\u00f5es e solu\u00e7\u00f5es em torno da recupera\u00e7\u00e3o de crises, novas melhores pr\u00e1ticas p\u00f3s-COVID e excel\u00eancia operacional, e o futuro das viagens e do bem-estar.<\/li>\n<\/ul>\n<p>&nbsp;<\/p>\n<p>Suzanne<\/p>\n<p>&nbsp;<\/p>\n<p>&nbsp;<\/p>\n<p>&nbsp;<\/p>","protected":false},"excerpt":{"rendered":"<p>Ol\u00e1 a todos \u2013 O ciclo de vida de uma associa\u00e7\u00e3o como a nossa depende de uma forte participa\u00e7\u00e3o dos membros, patrocinadores dedicados, programas relevantes e boa governan\u00e7a. E assim, meu t\u00f3pico desta semana combina tudo isso \u2013 em torno de nossas elei\u00e7\u00f5es. Esta \u00e9 uma li\u00e7\u00e3o c\u00edvica do GBTA. Qual \u00e9 o fundo? H\u00e1 poucas semanas, o Conselho\u2026<\/p>","protected":false},"author":25,"featured_media":0,"comment_status":"open","ping_status":"open","sticky":false,"template":"","format":"standard","meta":{"_acf_changed":false,"_seopress_robots_primary_cat":"none","_seopress_titles_title":"","_seopress_titles_desc":"","_seopress_robots_index":"","om_disable_all_campaigns":false,"_relevanssi_hide_post":"","_relevanssi_hide_content":"","_relevanssi_pin_for_all":"","_relevanssi_pin_keywords":"","_relevanssi_unpin_keywords":"","_relevanssi_related_keywords":"","_relevanssi_related_include_ids":"","_relevanssi_related_exclude_ids":"","_relevanssi_related_no_append":"","_relevanssi_related_not_related":"","_relevanssi_related_posts":"2477,1439,2017,1620,1171,2480","_relevanssi_noindex_reason":"","_kad_blocks_custom_css":"","_kad_blocks_head_custom_js":"","_kad_blocks_body_custom_js":"","_kad_blocks_footer_custom_js":"","_kad_post_transparent":"","_kad_post_title":"","_kad_post_layout":"","_kad_post_sidebar_id":"","_kad_post_content_style":"","_kad_post_vertical_padding":"","_kad_post_feature":"","_kad_post_feature_position":"","_kad_post_header":false,"_kad_post_footer":false,"footnotes":"","_links_to":"","_links_to_target":""},"categories":[1437,106,1152,45],"tags":[],"class_list":["post-2551","post","type-post","status-publish","format-standard","hentry","category-covid-19","category-latin-america","category-meetings-and-events","category-news-and-press-releases"],"acf":[],"featured_image_src_large":false,"author_info":{"display_name":"jcampbell","author_link":"https:\/\/gbta.org\/pt\/author\/jcampbell\/"},"comment_info":"","category_info":[{"term_id":1437,"name":"COVID-19","slug":"covid-19","term_group":0,"term_taxonomy_id":1437,"taxonomy":"category","description":"","parent":0,"count":124,"filter":"raw","cat_ID":1437,"category_count":124,"category_description":"","cat_name":"COVID-19","category_nicename":"covid-19","category_parent":0},{"term_id":106,"name":"Latin America","slug":"latin-america","term_group":0,"term_taxonomy_id":106,"taxonomy":"category","description":"","parent":0,"count":54,"filter":"raw","cat_ID":106,"category_count":54,"category_description":"","cat_name":"Latin America","category_nicename":"latin-america","category_parent":0},{"term_id":1152,"name":"Meetings and Events","slug":"meetings-and-events","term_group":0,"term_taxonomy_id":1152,"taxonomy":"category","description":"","parent":0,"count":57,"filter":"raw","cat_ID":1152,"category_count":57,"category_description":"","cat_name":"Meetings and Events","category_nicename":"meetings-and-events","category_parent":0},{"term_id":45,"name":"News and Press Releases","slug":"news-and-press-releases","term_group":0,"term_taxonomy_id":45,"taxonomy":"category","description":"","parent":0,"count":542,"filter":"raw","cat_ID":45,"category_count":542,"category_description":"","cat_name":"News and Press Releases","category_nicename":"news-and-press-releases","category_parent":0}],"tag_info":false,"taxonomy_info":{"category":[{"value":1437,"label":"COVID-19"},{"value":106,"label":"Latin America"},{"value":1152,"label":"Meetings and Events"},{"value":45,"label":"News and Press Releases"}]},"featured_image_src":null,"featured_image_src_square":null,"mfb_rest_fields":["featured_image_src_large","author_info","comment_info","category_info","tag_info","taxonomy_info","featured_image_src","featured_image_src_square"],"_links":{"self":[{"href":"https:\/\/gbta.org\/pt\/wp-json\/wp\/v2\/posts\/2551","targetHints":{"allow":["GET"]}}],"collection":[{"href":"https:\/\/gbta.org\/pt\/wp-json\/wp\/v2\/posts"}],"about":[{"href":"https:\/\/gbta.org\/pt\/wp-json\/wp\/v2\/types\/post"}],"author":[{"embeddable":true,"href":"https:\/\/gbta.org\/pt\/wp-json\/wp\/v2\/users\/25"}],"replies":[{"embeddable":true,"href":"https:\/\/gbta.org\/pt\/wp-json\/wp\/v2\/comments?post=2551"}],"version-history":[{"count":0,"href":"https:\/\/gbta.org\/pt\/wp-json\/wp\/v2\/posts\/2551\/revisions"}],"wp:attachment":[{"href":"https:\/\/gbta.org\/pt\/wp-json\/wp\/v2\/media?parent=2551"}],"wp:term":[{"taxonomy":"category","embeddable":true,"href":"https:\/\/gbta.org\/pt\/wp-json\/wp\/v2\/categories?post=2551"},{"taxonomy":"post_tag","embeddable":true,"href":"https:\/\/gbta.org\/pt\/wp-json\/wp\/v2\/tags?post=2551"}],"curies":[{"name":"wp","href":"https:\/\/api.w.org\/{rel}","templated":true}]}}