{"id":2554,"date":"2021-07-05T10:00:00","date_gmt":"2021-07-05T14:00:00","guid":{"rendered":"https:\/\/gbta.org\/check-in-with-suzanne-18\/"},"modified":"2022-09-29T11:36:28","modified_gmt":"2022-09-29T15:36:28","slug":"check-in-with-suzanne-18","status":"publish","type":"post","link":"https:\/\/gbta.org\/pt\/check-in-with-suzanne-18\/","title":{"rendered":"Check-in com Suzanne"},"content":{"rendered":"<p>Ei, pessoal -<\/p>\n<p>Apenas uma nota r\u00e1pida esta semana para destacar intera\u00e7\u00f5es mais positivas no nosso caminho para a recupera\u00e7\u00e3o como associa\u00e7\u00e3o.<\/p>\n<p>Na sexta-feira passada eu me conheci \u2013 na vida real! \u2013 com os nossos parceiros da associa\u00e7\u00e3o alem\u00e3 de viagens de neg\u00f3cios, VDR \u2013 Hans-Ingo Biehl, diretor executivo, e Christoph Carnier, presidente do conselho. A GBTA tem uma parceria longa e bem-sucedida com a VDR em programas e defesa alem\u00e3es e pan-europeus. Esperamos ampliar essa parceria em benef\u00edcio dos membros locais, regionais e internacionais no futuro. E mais imediatamente, estamos trabalhando juntos no 4<sup>\u00ba<\/sup> planos trimestrais para a confer\u00eancia GBTA Europa \u2013 fique atento para alguns an\u00fancios importantes em breve.<\/p>\n<p>Com a not\u00edcia na semana passada de que a CWT est\u00e1 se unindo novamente \u00e0 GBTA, temos mais sinais de que, com o apoio de nossos membros, patrocinadores e diretoria, estamos no caminho certo: <a href=\"https:\/\/gbta.org\/pt\/blog\/cwt-re-joins-the-global-business-travel-association-gbta\/\">https:\/\/gbta.org\/blog\/cwt-re-joins-the-global-business-travel-association-gbta\/<\/a>)<\/p>\n<p>A GBTA continua o \u00e1rduo trabalho de reabertura das viagens internacionais. Reunir-me-ei com o gabinete do embaixador da UE nos EUA na pr\u00f3xima semana para discutir o impacto que o encerramento das viagens internacionais est\u00e1 a ter na ind\u00fastria. Tamb\u00e9m precisamos da sua ajuda, para os membros dos EUA, se ainda n\u00e3o o fez, use o Centro de A\u00e7\u00e3o de Base do GBTA e envie uma mensagem ao seu membro do Congresso dizendo-lhes que precisamos de um plano de a\u00e7\u00e3o para acabar com a proibi\u00e7\u00e3o dos EUA de viagens internacionais. <a href=\"https:\/\/p2a.co\/NdRclPD\">https:\/\/p2a.co\/NdRclPD<\/a><\/p>\n<p>E um agradecimento aos muitos membros individuais que retornaram recentemente. Adoro as notas que estou recebendo de voc\u00ea sobre o que est\u00e1 motivando voc\u00ea, e tamb\u00e9m fico feliz em ajudar com quaisquer \u201cdores de reintegra\u00e7\u00e3o\u201d que voc\u00ea esteja enfrentando tecnicamente... ent\u00e3o me escreva a qualquer momento sobre o que voc\u00ea est\u00e1 procurando do GBTA no futuro \u2026 2021@gbta.org<\/p>\n<p>&nbsp;<\/p>\n<p><strong><u>Novidades para conhecer<\/u><\/strong><\/p>\n<p><strong>Certificado digital COVID da UE j\u00e1 dispon\u00edvel: <\/strong>Todos os Estados-Membros dever\u00e3o agora poder <a href=\"https:\/\/www.euronews.com\/travel\/2021\/07\/01\/digital-covid-certificate-eu-wide-travel-pass-officially-comes-into-force\">emitir e aceitar o passe<\/a> mas o governo deu aos pa\u00edses que ainda n\u00e3o est\u00e3o preparados \u2013 incluindo a Irlanda, que foi adiada por ataques cibern\u00e9ticos \u2013 at\u00e9 12 de Agosto para se ligarem \u00e0 rede do sistema e estarem tecnicamente preparados. Prev\u00ea-se que isto possa servir como um modelo de coopera\u00e7\u00e3o a n\u00edvel global.<\/p>\n<p><strong>A mesa redonda canadense de viagens e turismo continua pressionando para reabrir: <\/strong>A Mesa Redonda, da qual o GBTA \u00e9 membro, realiza confer\u00eancias de imprensa regulares na esperan\u00e7a de <a href=\"https:\/\/www.travelweek.ca\/news\/its-time-to-un-scare-the-public-roundtable-has-urgent-message-thats-relevant-for-the-entire-travel-industry\/?utm_source=Daily&amp;amp;utm_medium=Lead_Story&amp;amp;utm_campaign=News&amp;vgo_ee=zJxmqsvUf3hhGaYpaVWvucPHscJHbbOnxyOvPlnI2kE%3D\">persuadir o governo canadense a aliviar as restri\u00e7\u00f5es<\/a>. Na confer\u00eancia de imprensa da semana passada, Vito Curalli, diretor executivo da Hilton Worldwide e membro do Conselho Consultivo da GBTA Canad\u00e1, disse que \u201co Canad\u00e1 n\u00e3o pode se dar ao luxo de ficar para tr\u00e1s enquanto outros pa\u00edses ao redor do mundo come\u00e7am a reabrir\u201d. De acordo com um estudo recente da Mastercard, um quinto dos pa\u00edses estudados regressou a pelo menos 90% de n\u00edveis pr\u00e9-pandemia para reservas de voos dom\u00e9sticos, enquanto outros pa\u00edses, incluindo o Canad\u00e1, ficam para tr\u00e1s.<\/p>\n<p><strong>Argentina anuncia restri\u00e7\u00f5es dr\u00e1sticas em voos internacionais: <\/strong>A Argentina j\u00e1 havia estabelecido um limite di\u00e1rio de chegada de 2.000 passageiros em voos internacionais, mas o \u00faltimo decreto emitido pelo governo <a href=\"https:\/\/www.iata.org\/en\/pressroom\/pr\/2021-06-28-02\/\">reduz o limite para apenas 600 passageiros<\/a> autorizado a chegar em voos internacionais por dia, com efeito imediato.<\/p>\n<p>&nbsp;<\/p>\n<p><strong><u>Not\u00edcias e lembretes GBTA<\/u><\/strong><\/p>\n<p><strong>Profissional de Lideran\u00e7a Global<sup>\u00ae<\/sup> (GLP) O programa come\u00e7a em 21 de julho: <\/strong>Como anunciei h\u00e1 alguns meses, estamos muito entusiasmados com a parceria com a Darden School of Business da Universidade da Virg\u00ednia neste valioso curso \u2013 o \u00fanico desse tipo para profissionais de viagens focados em neg\u00f3cios e habilidades de lideran\u00e7a. O <em>Finan\u00e7as para executivos n\u00e3o financeiros<\/em> o curso acontece virtualmente de 21 a 23 de julho e <a href=\"https:\/\/gbta.org\/pt\/professional-development\/scholarship-opportunities\/\">Bolsas GBTA<\/a> Est\u00e3o dispon\u00edveis. <a href=\"https:\/\/gbta.org\/pt\/professional-development\/programs-by-format\/global-leadership-professional-program-glp\/\">Clique aqui para se cadastrar<\/a>.<\/p>\n<p><strong>Novo! Bootcamp de gerenciamento de riscos em viagens: <\/strong>A GBTA fez parceria com a Global Secure Accreditation para oferecer este novo curso de treinamento para ajudar os profissionais de viagens e compras a explorar o gerenciamento de riscos de viagens no contexto das pr\u00f3ximas diretrizes da ISO 31030. Para mais informa\u00e7\u00f5es e datas do bootcamp, <a href=\"https:\/\/gbta.org\/pt\/professional-development\/guide-to-iso-31030-implementation\/\">Clique aqui<\/a>.<\/p>\n<p>Voc\u00ea continuar\u00e1 ouvindo isso de mim at\u00e9 19 de julho (quando a vota\u00e7\u00e3o termina)... lembre-se de votar no <a href=\"https:\/\/gbta.org\/pt\/elections-2021\/?_ga=2.148820407.1676906133.1625084003-1780588418.1595976199\">Elei\u00e7\u00e3o do Conselho de Administra\u00e7\u00e3o da GBTA<\/a>. Votar \u00e9 uma das partes mais importantes de ser membro da nossa Associa\u00e7\u00e3o.<\/p>\n<p>&nbsp;<\/p>\n<p>Suzanne<\/p>\n<p>&nbsp;<\/p>","protected":false},"excerpt":{"rendered":"<p>Ol\u00e1 a todos \u2013 Apenas uma nota r\u00e1pida esta semana para destacar intera\u00e7\u00f5es mais positivas no nosso caminho para a recupera\u00e7\u00e3o como associa\u00e7\u00e3o. Na sexta-feira passada eu me conheci \u2013 na vida real! \u2013 com os nossos parceiros da associa\u00e7\u00e3o alem\u00e3 de viagens de neg\u00f3cios, VDR \u2013 Hans-Ingo Biehl, diretor executivo, e Christoph Carnier, presidente do conselho. GBTA teve um ...<\/p>","protected":false},"author":25,"featured_media":0,"comment_status":"open","ping_status":"open","sticky":false,"template":"","format":"standard","meta":{"_acf_changed":false,"_seopress_robots_primary_cat":"none","_seopress_titles_title":"","_seopress_titles_desc":"","_seopress_robots_index":"","om_disable_all_campaigns":false,"_relevanssi_hide_post":"","_relevanssi_hide_content":"","_relevanssi_pin_for_all":"","_relevanssi_pin_keywords":"","_relevanssi_unpin_keywords":"","_relevanssi_related_keywords":"","_relevanssi_related_include_ids":"","_relevanssi_related_exclude_ids":"","_relevanssi_related_no_append":"","_relevanssi_related_not_related":"","_relevanssi_related_posts":"2477,1439,2017,1620,1171,2480","_relevanssi_noindex_reason":"","_kad_blocks_custom_css":"","_kad_blocks_head_custom_js":"","_kad_blocks_body_custom_js":"","_kad_blocks_footer_custom_js":"","_kad_post_transparent":"","_kad_post_title":"","_kad_post_layout":"","_kad_post_sidebar_id":"","_kad_post_content_style":"","_kad_post_vertical_padding":"","_kad_post_feature":"","_kad_post_feature_position":"","_kad_post_header":false,"_kad_post_footer":false,"footnotes":"","_links_to":"","_links_to_target":""},"categories":[1437,45],"tags":[],"class_list":["post-2554","post","type-post","status-publish","format-standard","hentry","category-covid-19","category-news-and-press-releases"],"acf":[],"featured_image_src_large":false,"author_info":{"display_name":"jcampbell","author_link":"https:\/\/gbta.org\/pt\/author\/jcampbell\/"},"comment_info":"","category_info":[{"term_id":1437,"name":"COVID-19","slug":"covid-19","term_group":0,"term_taxonomy_id":1437,"taxonomy":"category","description":"","parent":0,"count":124,"filter":"raw","cat_ID":1437,"category_count":124,"category_description":"","cat_name":"COVID-19","category_nicename":"covid-19","category_parent":0},{"term_id":45,"name":"News and Press Releases","slug":"news-and-press-releases","term_group":0,"term_taxonomy_id":45,"taxonomy":"category","description":"","parent":0,"count":540,"filter":"raw","cat_ID":45,"category_count":540,"category_description":"","cat_name":"News and Press Releases","category_nicename":"news-and-press-releases","category_parent":0}],"tag_info":false,"taxonomy_info":{"category":[{"value":1437,"label":"COVID-19"},{"value":45,"label":"News and Press Releases"}]},"featured_image_src":null,"featured_image_src_square":null,"mfb_rest_fields":["featured_image_src_large","author_info","comment_info","category_info","tag_info","taxonomy_info","featured_image_src","featured_image_src_square"],"_links":{"self":[{"href":"https:\/\/gbta.org\/pt\/wp-json\/wp\/v2\/posts\/2554","targetHints":{"allow":["GET"]}}],"collection":[{"href":"https:\/\/gbta.org\/pt\/wp-json\/wp\/v2\/posts"}],"about":[{"href":"https:\/\/gbta.org\/pt\/wp-json\/wp\/v2\/types\/post"}],"author":[{"embeddable":true,"href":"https:\/\/gbta.org\/pt\/wp-json\/wp\/v2\/users\/25"}],"replies":[{"embeddable":true,"href":"https:\/\/gbta.org\/pt\/wp-json\/wp\/v2\/comments?post=2554"}],"version-history":[{"count":0,"href":"https:\/\/gbta.org\/pt\/wp-json\/wp\/v2\/posts\/2554\/revisions"}],"wp:attachment":[{"href":"https:\/\/gbta.org\/pt\/wp-json\/wp\/v2\/media?parent=2554"}],"wp:term":[{"taxonomy":"category","embeddable":true,"href":"https:\/\/gbta.org\/pt\/wp-json\/wp\/v2\/categories?post=2554"},{"taxonomy":"post_tag","embeddable":true,"href":"https:\/\/gbta.org\/pt\/wp-json\/wp\/v2\/tags?post=2554"}],"curies":[{"name":"wp","href":"https:\/\/api.w.org\/{rel}","templated":true}]}}