{"id":2583,"date":"2021-08-24T10:00:00","date_gmt":"2021-08-24T14:00:00","guid":{"rendered":"https:\/\/gbta.org\/check-in-with-suzanne-25\/"},"modified":"2022-09-29T10:52:26","modified_gmt":"2022-09-29T14:52:26","slug":"check-in-with-suzanne-25","status":"publish","type":"post","link":"https:\/\/gbta.org\/pt\/check-in-with-suzanne-25\/","title":{"rendered":"Check-in com Suzanne"},"content":{"rendered":"<p><span data-contrast=\"auto\">Uma visita ao&nbsp;<\/span><a href=\"https:\/\/hub.gbta.org\/home\"><span data-contrast=\"none\">Hub GBTA<\/span><\/a><span data-contrast=\"auto\">&nbsp;e voc\u00ea ver\u00e1 que h\u00e1 muita discuss\u00e3o entre os membros em torno de um t\u00f3pico em particular: sustentabilidade. A sustentabilidade sempre esteve na agenda da ind\u00fastria de viagens de neg\u00f3cios ao longo dos anos. Agora assumiu um significado novo e oportuno, alimentado pelos desenvolvimentos relacionados com a pandemia da COVID-19.&nbsp;<\/span><span data-ccp-props=\"{&quot;201341983&quot;:0,&quot;335559739&quot;:160,&quot;335559740&quot;:240}\">&nbsp;<\/span><\/p>\n<p><span data-contrast=\"auto\">UMA&nbsp;<\/span><a href=\"https:\/\/www2.deloitte.com\/us\/en\/insights\/focus\/transportation\/future-of-business-travel-post-covid.html?id=us:2ps:3gl:di7303:rbt:pm:080321:ad3:kwd-14005870:business%20travel&amp;gclid=CjwKCAjwgviIBhBkEiwA10D2jwTlrcOP-lYLgnnE7SDY6DKhySvws8Ox7MIojFAUXQ1-dcz7OTY6txoCfIYQAvD_BwE\"><span data-contrast=\"none\">estudo recente da Deloitte<\/span><\/a><span data-contrast=\"auto\">&nbsp;diz que \u201c\u00e9<\/span><span data-contrast=\"none\">a sustentabilidade passou para o mainstream corporativo, com mais de 400 empresas assinando um compromisso no F\u00f3rum Econ\u00f3mico Mundial de Davos de 2021 para descarbonizar at\u00e9 2050. Este n\u00famero inclui algumas das maiores empresas do mundo, e empresas mais pequenas est\u00e3o a assumir compromissos semelhantes.\u201d E ouvi esse aumento de foco em primeira m\u00e3o \u2013 eu<\/span><span data-contrast=\"auto\">m tr\u00eas conversas recentes com CEOs da ind\u00fastria de viagens, o sentido de import\u00e2ncia em torno da quest\u00e3o da sustentabilidade foi palp\u00e1vel. A hora de nos unirmos e avan\u00e7armos como ind\u00fastria \u00e9 agora.<\/span><span data-ccp-props=\"{&quot;201341983&quot;:0,&quot;335559739&quot;:160,&quot;335559740&quot;:240}\">&nbsp;<\/span><\/p>\n<p><span data-contrast=\"auto\">A sustentabilidade \u00e9 uma \u00e1rea de foco principal na Conven\u00e7\u00e3o de Novembro da GBTA. Entre a programa\u00e7\u00e3o, o Comit\u00ea de Sustentabilidade e Responsabilidade da GBTA realizar\u00e1 um workshop que ajudar\u00e1 os gestores de viagens a come\u00e7ar. Isto inclui enfrentar as barreiras da implementa\u00e7\u00e3o da sustentabilidade num programa de viagens, o papel fundamental que os dados podem desempenhar e como alinhar a pol\u00edtica de viagens com os objetivos de sustentabilidade da empresa. Se a sustentabilidade faz parte da agenda da sua empresa ou da pol\u00edtica de viagens, ou apenas algo pelo qual voc\u00ea \u00e9 pessoalmente apaixonado, encorajo voc\u00ea a participar.&nbsp;<\/span><span data-ccp-props=\"{&quot;201341983&quot;:0,&quot;335559739&quot;:160,&quot;335559740&quot;:240}\">&nbsp;<\/span><\/p>\n<p><span data-contrast=\"auto\">o&nbsp;<\/span><a href=\"https:\/\/gbta.org\/pt\/membership-communities\/global-committees\/sustainability-responsibility-committee\/\"><span data-contrast=\"none\">Comit\u00ea de Sustentabilidade e Responsabilidade GBTA<\/span><\/a><span data-contrast=\"auto\">&nbsp;fornece lideran\u00e7a e recursos para ajudar nossos membros a equilibrar o impacto social, econ\u00f4mico e ambiental de seus programas de viagens de neg\u00f3cios. Interesse em aderir? Os membros do GBTA podem&nbsp;<\/span><a href=\"https:\/\/form.jotform.com\/61684921004957\"><span data-contrast=\"none\">aplicar durante todo o ano<\/span><\/a><span data-contrast=\"auto\">.) Se voc\u00ea \u00e9 um comprador de viagens, tamb\u00e9m deve verificar o&nbsp;<\/span><a href=\"https:\/\/ssat.gbta.org\/Home\/Landing\/\"><span data-contrast=\"none\">Autoavalia\u00e7\u00e3o de sustentabilidade<\/span><\/a><span data-contrast=\"none\">,&nbsp;<\/span><span data-contrast=\"auto\">o que lhe dar\u00e1 uma melhor&nbsp;<\/span><span data-contrast=\"auto\">compreens\u00e3o de sua posi\u00e7\u00e3o em termos de iniciativas de sustentabilidade em seu programa de viagens.<\/span><span data-ccp-props=\"{&quot;201341983&quot;:0,&quot;335559739&quot;:160,&quot;335559740&quot;:240}\">&nbsp;<\/span><\/p>\n<p><span data-contrast=\"auto\">H\u00e1 muito a considerar quando se trata de sustentabilidade e sua import\u00e2ncia na ind\u00fastria de viagens. E muito mais por vir sobre o assunto durante a Conven\u00e7\u00e3o GBTA, fique ligado. C<\/span><span data-contrast=\"none\">Estamos ansiosos para avan\u00e7ar a conversa juntos.<\/span><span data-ccp-props=\"{&quot;201341983&quot;:0,&quot;335559739&quot;:160,&quot;335559740&quot;:240}\">&nbsp;<\/span><\/p>\n<p><span data-contrast=\"auto\">Suzanne<\/span><span data-ccp-props=\"{&quot;201341983&quot;:0,&quot;335559739&quot;:160,&quot;335559740&quot;:240}\">&nbsp;<\/span><\/p>\n<p><span data-ccp-props=\"{&quot;201341983&quot;:0,&quot;335559739&quot;:160,&quot;335559740&quot;:259}\">&nbsp;<\/span><\/p>\n<p><b><span data-contrast=\"auto\">Not\u00edcias para saber<\/span><\/b><span data-ccp-props=\"{&quot;201341983&quot;:0,&quot;335559739&quot;:160,&quot;335559740&quot;:259}\">&nbsp;<\/span><\/p>\n<p><b><span data-contrast=\"auto\">Hospitalidade e crescimento de companhias a\u00e9reas na Am\u00e9rica Latina<\/span><\/b><span data-ccp-props=\"{&quot;201341983&quot;:0,&quot;335559739&quot;:160,&quot;335559740&quot;:259}\">&nbsp;<\/span><\/p>\n<p><span data-contrast=\"auto\">Ambos&nbsp;<\/span><a href=\"https:\/\/www.northstarmeetingsgroup.com\/News\/Hotels-and-Resorts\/Hyatt-to-acquire-Apple-Leisure-Group-AMResorts\"><span data-contrast=\"none\">Hot\u00e9is Hyatt<\/span><\/a><span data-contrast=\"auto\">&nbsp;e&nbsp;<\/span><a href=\"https:\/\/www.aviacionline.com\/2021\/08\/95846\/\"><span data-contrast=\"none\">Grupo LATAM Airlines<\/span><\/a><span data-contrast=\"auto\">&nbsp;experimentou um grande crescimento na Am\u00e9rica Latina recentemente. A Hyatt Hotels est\u00e1 programada para adquirir o Apple Leisure Group, que oferece servi\u00e7os de viagens, hospitalidade e gerenciamento de resorts de luxo. O grupo LATAM, por outro lado, alcan\u00e7ou a. acordo com a Airbus para adicionar 28 avi\u00f5es adicionais \u00e0s 42 aeronaves de fuselagem estreita j\u00e1 acordadas. Este novo pedido solidifica o grupo LATAM como a maior frota da Am\u00e9rica Latina.<\/span><span data-ccp-props=\"{&quot;201341983&quot;:0,&quot;335559739&quot;:160,&quot;335559740&quot;:259}\">&nbsp;<\/span><\/p>\n<p><b><span data-contrast=\"auto\">62% dos programas de viagens europeus s\u00e3o agora considerados \u201csustent\u00e1veis\u201d<\/span><\/b><span data-ccp-props=\"{&quot;201341983&quot;:0,&quot;335559739&quot;:160,&quot;335559740&quot;:259}\">&nbsp;<\/span><\/p>\n<p><span data-contrast=\"auto\">De acordo com o mesmo estudo, outros 23% de compradores de viagens est\u00e3o a planear iniciar um programa de viagens sustent\u00e1veis para os seus neg\u00f3cios. Stephen Swift, gerente de viagens, EMEA e APAC da Ford Motor Company conta&nbsp;<\/span><a href=\"https:\/\/www.businesstravelnewseurope.com\/Management\/Two-thirds-of-European-travel-programmes-now-sustainable-says-poll?utm_source=newsletter&amp;utm_medium=email&amp;utm_campaign=eltrbtneurope\"><span data-contrast=\"none\">BTN Europa<\/span><\/a><span data-contrast=\"auto\">, \u201cEstamos concentrando nosso programa de viagens em op\u00e7\u00f5es de viagens sustent\u00e1veis para apoiar isso: hot\u00e9is com pol\u00edticas verdes claras e publicadas e escolhendo frotas a\u00e9reas modernas e mais eficientes em termos de combust\u00edvel e compartilhamento de viagens sempre que poss\u00edvel.\u201d<\/span><span data-ccp-props=\"{&quot;201341983&quot;:0,&quot;335559739&quot;:160,&quot;335559740&quot;:259}\">&nbsp;<\/span><\/p>\n<p><b><span data-contrast=\"auto\">Mascarar-se enquanto voa<\/span><\/b><span data-ccp-props=\"{&quot;201341983&quot;:0,&quot;335559739&quot;:160,&quot;335559740&quot;:259}\">&nbsp;<\/span><\/p>\n<p><span data-contrast=\"auto\">Na semana passada vimos Finnair&nbsp;<\/span><a href=\"https:\/\/www.businesstravelnewseurope.com\/Air-Travel\/Finnair-tightens-mask-requirement?utm_source=newsletter&amp;utm_medium=email&amp;utm_campaign=eltrbtneurope\"><span data-contrast=\"none\">refor\u00e7ando seus requisitos de m\u00e1scara<\/span><\/a><span data-contrast=\"auto\">&nbsp;para passageiros. A empresa limitou o uso de m\u00e1scaras de tecido, exigindo que os passageiros usem m\u00e1scaras cir\u00fargicas, respiradores FFP2 ou FFPS, ou m\u00e1scaras padr\u00e3o N95. Se voc\u00ea estiver viajando para a Conven\u00e7\u00e3o GBTA 2021 em novembro, mantenha-se atualizado com os protocolos e requisitos do COVID-19 durante sua viagem e&nbsp;<\/span><a href=\"https:\/\/convention.gbta.org\/About\/COVID-19-Response-Protocols\"><span data-contrast=\"none\">Pol\u00edticas COVID-19 da GBTA<\/span><\/a><span data-contrast=\"auto\">&nbsp;tamb\u00e9m para conven\u00e7\u00e3o.<\/span><span data-ccp-props=\"{&quot;201341983&quot;:0,&quot;335559739&quot;:160,&quot;335559740&quot;:259}\">&nbsp;<\/span><\/p>\n<p>&nbsp;<\/p>\n<p><span data-contrast=\"auto\">Not\u00edcias e lembretes GBTA<\/span><span data-ccp-props=\"{&quot;201341983&quot;:0,&quot;335559739&quot;:160,&quot;335559740&quot;:259}\">&nbsp;<\/span><\/p>\n<p><b><span data-contrast=\"auto\">Women in Tech, grava\u00e7\u00e3o do epis\u00f3dio 5 agora dispon\u00edvel<\/span><\/b><span data-ccp-props=\"{&quot;201341983&quot;:0,&quot;335559739&quot;:160,&quot;335559740&quot;:259}\">&nbsp;<\/span><\/p>\n<p><span data-contrast=\"auto\">Confira a \u00faltima edi\u00e7\u00e3o da s\u00e9rie Women in Tech do GBTA Tech Committee, apresentada por Francesca Dapiran. Nossos anfitri\u00f5es abordam a quest\u00e3o do equil\u00edbrio de g\u00eanero na estrutura da empresa durante a discuss\u00e3o com Ami Taylor, da SAP Concur, e Claire Osborne, da Travelport. A chave \u00e9 encarar este conceito n\u00e3o necessariamente como um problema que precisa de ser resolvido, mas sim como uma oportunidade que pode beneficiar todos os envolvidos.&nbsp;<\/span><a href=\"https:\/\/www.youtube.com\/watch?v=d_tCeX-fo8M&amp;ab_channel=GBTATV\"><span data-contrast=\"none\">Assista agora<\/span><\/a><span data-ccp-props=\"{&quot;201341983&quot;:0,&quot;335559739&quot;:160,&quot;335559740&quot;:259}\">&nbsp;<\/span><\/p>\n<p><b><span data-contrast=\"auto\">Prefeitura da GBTA LATAM em 26 de agosto<\/span><\/b><span data-ccp-props=\"{&quot;201341983&quot;:0,&quot;335559739&quot;:160,&quot;335559740&quot;:259}\">&nbsp;<\/span><\/p>\n<p><span data-contrast=\"auto\">O novo Conselho Consultivo da LATAM apresentar\u00e1 sua nova estrat\u00e9gia e planos para o GBTA na Am\u00e9rica Latina. Sintonize para compartilhar suas id\u00e9ias diretamente com esses l\u00edderes.&nbsp;<\/span><a href=\"https:\/\/gbta.org\/pt\/EventCalendar\/EventRegistrationStep1\/?eventcd=26DL0821\"><span data-contrast=\"none\">Clique aqui<\/span><\/a><span data-contrast=\"auto\">&nbsp;para se inscrever nesta sess\u00e3o ART das 10h MEX \/ 12h.<\/span><span data-ccp-props=\"{&quot;201341983&quot;:0,&quot;335559739&quot;:160,&quot;335559740&quot;:259}\">&nbsp;<\/span><\/p>\n<p><b><span data-contrast=\"auto\">Guia para implementa\u00e7\u00e3o ISO31030&nbsp;<\/span><\/b><span data-ccp-props=\"{&quot;201341983&quot;:0,&quot;335559739&quot;:160,&quot;335559740&quot;:259}\">&nbsp;<\/span><\/p>\n<p><span data-contrast=\"auto\">Participe do Bootcamp de gerenciamento de riscos de viagens da GBTA: Compreendendo e implementando ISO31030. Este curso virtual de um dia, ministrado por especialistas em gerenciamento de risco de viagens Global Secure Accreditation em conjunto com a GBTA e o Anvil Group, foi projetado para fornecer orienta\u00e7\u00e3o pr\u00e1tica a qualquer pessoa envolvida na constru\u00e7\u00e3o e gerenciamento de programas de viagens corporativas. Saiba mais sobre o curso e palestrantes em destaque&nbsp;<\/span><a href=\"https:\/\/gbta.org\/pt\/professional-development\/online-training-opportunities\/guide-to-iso-31030-implementation\/\"><span data-contrast=\"none\">aqui.<\/span><\/a><span data-ccp-props=\"{&quot;201341983&quot;:0,&quot;335559739&quot;:160,&quot;335559740&quot;:259}\">&nbsp;<\/span><\/p>","protected":false},"excerpt":{"rendered":"<p>Uma visita ao GBTA Hub e voc\u00ea ver\u00e1 que h\u00e1 muita discuss\u00e3o dos membros em torno de um t\u00f3pico em particular: sustentabilidade. A sustentabilidade sempre esteve na agenda da ind\u00fastria de viagens de neg\u00f3cios ao longo dos anos. Agora, assumiu um significado novo e oportuno, alimentado por desenvolvimentos relacionados \u00e0 pandemia do COVID-19. Um estudo recente da Deloitte diz que \u201ca sustentabilidade mudou\u2026<\/p>","protected":false},"author":25,"featured_media":0,"comment_status":"open","ping_status":"open","sticky":false,"template":"","format":"standard","meta":{"_acf_changed":false,"_seopress_robots_primary_cat":"none","_seopress_titles_title":"","_seopress_titles_desc":"","_seopress_robots_index":"","om_disable_all_campaigns":false,"_relevanssi_hide_post":"","_relevanssi_hide_content":"","_relevanssi_pin_for_all":"","_relevanssi_pin_keywords":"","_relevanssi_unpin_keywords":"","_relevanssi_related_keywords":"","_relevanssi_related_include_ids":"","_relevanssi_related_exclude_ids":"","_relevanssi_related_no_append":"","_relevanssi_related_not_related":"","_relevanssi_related_posts":"2477,1439,2017,1620,1171,2480","_relevanssi_noindex_reason":"","_kad_blocks_custom_css":"","_kad_blocks_head_custom_js":"","_kad_blocks_body_custom_js":"","_kad_blocks_footer_custom_js":"","_kad_post_transparent":"","_kad_post_title":"","_kad_post_layout":"","_kad_post_sidebar_id":"","_kad_post_content_style":"","_kad_post_vertical_padding":"","_kad_post_feature":"","_kad_post_feature_position":"","_kad_post_header":false,"_kad_post_footer":false,"footnotes":"","_links_to":"","_links_to_target":""},"categories":[247,114,105,106,280],"tags":[],"class_list":["post-2583","post","type-post","status-publish","format-standard","hentry","category-accommodations","category-airlines-and-aviation","category-europe-and-uk","category-latin-america","category-sustainability"],"acf":[],"featured_image_src_large":false,"author_info":{"display_name":"jcampbell","author_link":"https:\/\/gbta.org\/pt\/author\/jcampbell\/"},"comment_info":"","category_info":[{"term_id":247,"name":"Accommodations","slug":"accommodations","term_group":0,"term_taxonomy_id":247,"taxonomy":"category","description":"","parent":0,"count":214,"filter":"raw","cat_ID":247,"category_count":214,"category_description":"","cat_name":"Accommodations","category_nicename":"accommodations","category_parent":0},{"term_id":114,"name":"Airlines and Aviation","slug":"airlines-and-aviation","term_group":0,"term_taxonomy_id":114,"taxonomy":"category","description":"","parent":0,"count":355,"filter":"raw","cat_ID":114,"category_count":355,"category_description":"","cat_name":"Airlines and Aviation","category_nicename":"airlines-and-aviation","category_parent":0},{"term_id":105,"name":"Europe and UK","slug":"europe-and-uk","term_group":0,"term_taxonomy_id":105,"taxonomy":"category","description":"","parent":0,"count":153,"filter":"raw","cat_ID":105,"category_count":153,"category_description":"","cat_name":"Europe and UK","category_nicename":"europe-and-uk","category_parent":0},{"term_id":106,"name":"Latin America","slug":"latin-america","term_group":0,"term_taxonomy_id":106,"taxonomy":"category","description":"","parent":0,"count":54,"filter":"raw","cat_ID":106,"category_count":54,"category_description":"","cat_name":"Latin America","category_nicename":"latin-america","category_parent":0},{"term_id":280,"name":"Sustainability","slug":"sustainability","term_group":0,"term_taxonomy_id":280,"taxonomy":"category","description":"","parent":0,"count":130,"filter":"raw","cat_ID":280,"category_count":130,"category_description":"","cat_name":"Sustainability","category_nicename":"sustainability","category_parent":0}],"tag_info":false,"taxonomy_info":{"category":[{"value":247,"label":"Accommodations"},{"value":114,"label":"Airlines and Aviation"},{"value":105,"label":"Europe and UK"},{"value":106,"label":"Latin America"},{"value":280,"label":"Sustainability"}]},"featured_image_src":null,"featured_image_src_square":null,"mfb_rest_fields":["featured_image_src_large","author_info","comment_info","category_info","tag_info","taxonomy_info","featured_image_src","featured_image_src_square"],"_links":{"self":[{"href":"https:\/\/gbta.org\/pt\/wp-json\/wp\/v2\/posts\/2583","targetHints":{"allow":["GET"]}}],"collection":[{"href":"https:\/\/gbta.org\/pt\/wp-json\/wp\/v2\/posts"}],"about":[{"href":"https:\/\/gbta.org\/pt\/wp-json\/wp\/v2\/types\/post"}],"author":[{"embeddable":true,"href":"https:\/\/gbta.org\/pt\/wp-json\/wp\/v2\/users\/25"}],"replies":[{"embeddable":true,"href":"https:\/\/gbta.org\/pt\/wp-json\/wp\/v2\/comments?post=2583"}],"version-history":[{"count":0,"href":"https:\/\/gbta.org\/pt\/wp-json\/wp\/v2\/posts\/2583\/revisions"}],"wp:attachment":[{"href":"https:\/\/gbta.org\/pt\/wp-json\/wp\/v2\/media?parent=2583"}],"wp:term":[{"taxonomy":"category","embeddable":true,"href":"https:\/\/gbta.org\/pt\/wp-json\/wp\/v2\/categories?post=2583"},{"taxonomy":"post_tag","embeddable":true,"href":"https:\/\/gbta.org\/pt\/wp-json\/wp\/v2\/tags?post=2583"}],"curies":[{"name":"wp","href":"https:\/\/api.w.org\/{rel}","templated":true}]}}