{"id":2584,"date":"2021-08-26T10:00:00","date_gmt":"2021-08-26T14:00:00","guid":{"rendered":"https:\/\/gbta.org\/business-travel-continues-moving-forward-but-uncertainty-around-variants-impacts-more-accelerated-recovery\/"},"modified":"2022-09-29T10:55:54","modified_gmt":"2022-09-29T14:55:54","slug":"business-travel-continues-moving-forward-but-uncertainty-around-variants-impacts-more-accelerated-recovery","status":"publish","type":"post","link":"https:\/\/gbta.org\/pt\/business-travel-continues-moving-forward-but-uncertainty-around-variants-impacts-more-accelerated-recovery\/","title":{"rendered":"As viagens de neg\u00f3cios continuam avan\u00e7ando, mas a incerteza em torno das variantes afeta a recupera\u00e7\u00e3o mais acelerada"},"content":{"rendered":"<p><b><span data-contrast=\"none\">Alexandria, VA&nbsp;<\/span><\/b><span data-contrast=\"none\">\u2013&nbsp;<\/span><span data-contrast=\"none\">A ind\u00fastria de viagens de neg\u00f3cios<\/span><span data-contrast=\"none\">&nbsp;<\/span><span data-contrast=\"none\">continua a relatar uma<\/span><span data-contrast=\"none\">&nbsp;<\/span><span data-contrast=\"none\">disposi\u00e7\u00e3o e otimismo quanto ao retorno \u00e0s viagens de neg\u00f3cios<\/span><span data-contrast=\"none\">.&nbsp;<\/span><span data-contrast=\"none\">No entanto,<\/span><span data-contrast=\"none\">&nbsp;<\/span><span data-contrast=\"none\">a ascens\u00e3o da variante Delta<\/span><span data-contrast=\"none\">&nbsp;<\/span><span data-contrast=\"none\">e outras variantes tornou-se um motivo de incerteza e preocupa\u00e7\u00e3o crescente no m\u00eas passado.<\/span><span data-contrast=\"none\">&nbsp;<\/span><span data-contrast=\"none\">Isso \u00e9 de acordo com a \u00faltima pesquisa do The<\/span><span data-contrast=\"none\">&nbsp;Global Business Travel Association (GBTA) \u2013 a maior associa\u00e7\u00e3o de viagens de neg\u00f3cios do mundo e l\u00edder mundial em educa\u00e7\u00e3o, pesquisa, networking e advocacia para a ind\u00fastria<\/span><span data-contrast=\"none\">.&nbsp;<\/span><span data-ccp-props=\"{&quot;201341983&quot;:0,&quot;335559739&quot;:160,&quot;335559740&quot;:259}\">&nbsp;<\/span><\/p>\n<p><span data-contrast=\"none\">este<\/span><span data-contrast=\"none\">&nbsp;<\/span><span data-contrast=\"none\">vota\u00e7\u00e3o<\/span><span data-contrast=\"none\">&nbsp;<\/span><span data-contrast=\"none\">\u00e9<\/span><span data-contrast=\"none\">&nbsp;<\/span><span data-contrast=\"none\">dia 22<\/span><span data-contrast=\"none\">&nbsp;<\/span><span data-contrast=\"none\">em um<\/span><span data-contrast=\"none\">&nbsp;<\/span><span data-contrast=\"none\">Series<\/span><span data-contrast=\"none\">&nbsp;<\/span><span data-contrast=\"none\">rastreamento<\/span><span data-contrast=\"none\">&nbsp;<\/span><span data-contrast=\"none\">o pulso de&nbsp;<\/span><span data-contrast=\"auto\">A ades\u00e3o da GBTA aos compradores globais de viagens<\/span><span data-contrast=\"auto\">,&nbsp;<\/span><span data-contrast=\"auto\">fornecedores<\/span><span data-contrast=\"none\">&nbsp;<\/span><span data-contrast=\"none\">e outras partes interessadas sobre como o<\/span><span data-contrast=\"none\">&nbsp;<\/span><span data-contrast=\"none\">ind\u00fastria de viagens de neg\u00f3cios em geral \u00e9<\/span><span data-contrast=\"none\">&nbsp;<\/span><span data-contrast=\"none\">navega\u00e7\u00e3o<\/span><span data-contrast=\"none\">&nbsp;<\/span><span data-contrast=\"none\">o retorno a viagem<\/span><span data-contrast=\"none\">,<\/span><span data-contrast=\"none\">&nbsp;p\u00f3s pandemia.<\/span><span data-contrast=\"none\">&nbsp;<\/span><span data-contrast=\"auto\">Esta \u00faltima enquete tamb\u00e9m<\/span><span data-contrast=\"auto\">&nbsp;<\/span><span data-contrast=\"auto\">perguntas inclu\u00eddas<\/span><span data-contrast=\"auto\">&nbsp;<\/span><span data-contrast=\"auto\">sobre a variante Delta e outras variantes e suas<\/span><span data-contrast=\"auto\">&nbsp;<\/span><span data-contrast=\"auto\">potencial<\/span><span data-contrast=\"auto\">&nbsp;<\/span><span data-contrast=\"auto\">impacto nas viagens de neg\u00f3cios.<\/span><span data-ccp-props=\"{&quot;201341983&quot;:0,&quot;335559739&quot;:160,&quot;335559740&quot;:259}\">&nbsp;<\/span><\/p>\n<p><span data-contrast=\"auto\">\u201c<\/span><span data-contrast=\"auto\">As viagens de neg\u00f3cios continuam a fazer<\/span><span data-contrast=\"auto\">&nbsp;<\/span><span data-contrast=\"auto\">progresso<\/span><span data-contrast=\"auto\">&nbsp;<\/span><span data-contrast=\"auto\">e espetaculo<\/span><span data-contrast=\"auto\">&nbsp;<\/span><span data-contrast=\"auto\">pequenos ganhos no caminho para a recupera\u00e7\u00e3o. A variante Delta introduziu um pequeno desvio<\/span><span data-contrast=\"auto\">,<\/span><span data-contrast=\"auto\">&nbsp;pelo menos para o curto prazo<\/span><span data-contrast=\"auto\">.&nbsp;<\/span><span data-contrast=\"auto\">Com o apoio da mitiga\u00e7\u00e3o de risco adequada, os viajantes continuam<\/span><span data-contrast=\"auto\">&nbsp;<\/span><span data-contrast=\"auto\">voltando aos neg\u00f3cios<\/span><span data-contrast=\"auto\">&nbsp;<\/span><span data-contrast=\"auto\">durante uma pandemia que n\u00e3o est\u00e1 indo embora t\u00e3o rapidamente quanto o esperado<\/span><span data-contrast=\"auto\">,<\/span><span data-contrast=\"auto\">\u201d disse Suzanne Neufang, CEO da GBTA.<\/span><span data-contrast=\"auto\">&nbsp;\u201c<\/span><span data-contrast=\"auto\">A ind\u00fastria continua a ser resiliente<\/span><span data-contrast=\"auto\">,<\/span><span data-contrast=\"auto\">&nbsp;adapt\u00e1vel<\/span><span data-contrast=\"auto\">&nbsp;<\/span><span data-contrast=\"auto\">e comprometido<\/span><span data-contrast=\"auto\">&nbsp;<\/span><span data-contrast=\"auto\">para avan\u00e7ar para viagens de neg\u00f3cios seguras e respons\u00e1veis para funcion\u00e1rios e empresas em todo o mundo.<\/span><span data-contrast=\"auto\">\u201d<\/span><span data-ccp-props=\"{&quot;201341983&quot;:0,&quot;335559739&quot;:160,&quot;335559740&quot;:259}\">&nbsp;<\/span><\/p>\n<p><b><span data-contrast=\"auto\">S\u00f3lido<\/span><\/b><b><span data-contrast=\"auto\">&nbsp;<\/span><\/b><b><span data-contrast=\"auto\">indicadores no caminho para a recupera\u00e7\u00e3o de viagens de neg\u00f3cios<\/span><\/b><span data-ccp-props=\"{&quot;201341983&quot;:0,&quot;335559739&quot;:160,&quot;335559740&quot;:259}\">&nbsp;<\/span><\/p>\n<ul>\n<li data-leveltext=\"\uf0b7\" data-font=\"Symbol\" data-listid=\"1\" data-aria-posinset=\"1\" data-aria-level=\"1\"><span data-contrast=\"auto\">VONTADE DE VIAJAR, VIAGENS DOM\u00c9STICAS CONTINUAM. Na pesquisa de agosto, sete em cada dez (72%) compradores de viagens GBTA sentiram que seus funcion\u00e1rios est\u00e3o &#039;dispostos&#039; ou &#039;muito dispostos&#039; a viajar a neg\u00f3cios no ambiente atual (bastante consistente com o 77% em julho). E as viagens de neg\u00f3cios dom\u00e9sticas n\u00e3o essenciais continuam sendo permitidas com mais frequ\u00eancia. Em termos de viagens nos \u00faltimos 30 dias, o 60% informou que \u00e9 \u201c\u00e0s vezes\u201d ou \u201cgeralmente\u201d permitido.<\/span><\/li>\n<li data-leveltext=\"\uf0b7\" data-font=\"Symbol\" data-listid=\"1\" data-aria-posinset=\"2\" data-aria-level=\"1\"><span data-contrast=\"auto\">MAIS VIAGEM \u00c0 FRENTE. Mais da metade dos membros e partes interessadas do GBTA relatam que esperam que as viagens de neg\u00f3cios tenham um aumento significativo (8%) ou moderado (47%) no per\u00edodo de setembro a novembro de 2021. Os entrevistados da Europa (75%) s\u00e3o mais propensos do que os da Am\u00e9rica do Norte (51%) a esperar que as viagens de neg\u00f3cios tenham um aumento significativo ou moderado neste per\u00edodo.<\/span><span data-ccp-props=\"{&quot;134233279&quot;:true,&quot;201341983&quot;:0,&quot;335559739&quot;:160,&quot;335559740&quot;:259}\">&nbsp;<\/span><\/li>\n<li data-leveltext=\"\uf0b7\" data-font=\"Symbol\" data-listid=\"1\" data-aria-posinset=\"3\" data-aria-level=\"1\"><span data-contrast=\"auto\">GASTOS TICKET, RESERVAS EST\u00c1VEIS. Quando os compradores de viagens e os profissionais de compras foram questionados sobre como os gastos com viagens da empresa haviam mudado em compara\u00e7\u00e3o com o m\u00eas anterior, mais da metade (56%) relatou que os gastos de sua empresa aumentaram \u201cum pouco\u201d para \u201cmuito\u201d. Quando os fornecedores de viagens e as empresas de gerenciamento de viagens foram questionados sobre suas reservas na semana anterior, quase metade (46%) relatou que suas reservas permaneceram as mesmas.<\/span><\/li>\n<\/ul>\n<ul>\n<li data-leveltext=\"\uf0b7\" data-font=\"Symbol\" data-listid=\"1\" data-aria-posinset=\"4\" data-aria-level=\"1\"><span data-contrast=\"auto\">PEQUENOS GANHOS. Os entrevistados relataram um ligeiro aumento na reabertura de viagens internacionais e dom\u00e9sticas em rela\u00e7\u00e3o ao m\u00eas anterior. Na pesquisa atual, o 78% n\u00e3o havia aberto viagens internacionais, comparado ao 86% em julho. Quarenta e um por cento n\u00e3o reabriram as viagens dom\u00e9sticas, contra 50% no m\u00eas passado. Menos entrevistados (51%) relataram que continuam a suspender ou cancelar todas as viagens de neg\u00f3cios, independentemente do local (abaixo do 60% na pesquisa de julho).<\/span><span data-ccp-props=\"{&quot;134233279&quot;:true,&quot;201341983&quot;:0,&quot;335559739&quot;:160,&quot;335559740&quot;:259}\">&nbsp;<\/span><\/li>\n<\/ul>\n<ul>\n<li data-leveltext=\"\uf0b7\" data-font=\"Symbol\" data-listid=\"1\" data-aria-posinset=\"1\" data-aria-level=\"1\"><span data-contrast=\"auto\">MANTENDO O CURSO. Apesar das crescentes preocupa\u00e7\u00f5es com a variante Delta, apenas 21% das partes interessadas do GBTA dizem que sua empresa introduziu novas restri\u00e7\u00f5es a viagens de neg\u00f3cios n\u00e3o essenciais neste momento. Quase metade (49%) disse que \u00e9 improv\u00e1vel que sua empresa introduza novas restri\u00e7\u00f5es, enquanto um em cada quatro (25%) est\u00e1 considerando introduzir novas restri\u00e7\u00f5es. Os entrevistados da Europa (66%) s\u00e3o mais propensos do que os da Am\u00e9rica do Norte (45%) a relatar que sua empresa provavelmente n\u00e3o introduzir\u00e1 novas restri\u00e7\u00f5es a viagens de neg\u00f3cios n\u00e3o essenciais especificamente como resultado da variante Delta (ou outras variantes) e\/ou da n\u00famero crescente de casos de COVID-19 em muitos pa\u00edses.<\/span><span data-ccp-props=\"{&quot;134233279&quot;:true,&quot;201341983&quot;:0,&quot;335559738&quot;:160,&quot;335559739&quot;:160,&quot;335559740&quot;:259}\">&nbsp;<\/span><\/li>\n<\/ul>\n<p><b><span data-contrast=\"auto\">Rise of Delta e outras variantes desviam o progresso da recupera\u00e7\u00e3o em julho<\/span><\/b><span data-ccp-props=\"{&quot;201341983&quot;:0,&quot;335559738&quot;:160,&quot;335559739&quot;:160,&quot;335559740&quot;:259}\">&nbsp;<\/span><\/p>\n<ul>\n<li data-leveltext=\"\uf0b7\" data-font=\"Symbol\" data-listid=\"2\" data-aria-posinset=\"2\" data-aria-level=\"1\"><span data-contrast=\"auto\">O OTIMISMO DEMORA. Um ter\u00e7o (34%) dos fornecedores e empresas de gest\u00e3o de viagens entrevistados dizem estar otimistas sobre as perspectivas financeiras das empresas do setor de viagens de neg\u00f3cios, mas menos em compara\u00e7\u00e3o com um m\u00eas atr\u00e1s. Um em cada quatro (38%) diz que se sente \u201cnem otimista nem pessimista\u201d, no entanto, um em cada quatro (26%) diz se sentir pessimista sobre as perspectivas financeiras do setor.<\/span><\/li>\n<li data-leveltext=\"\uf0b7\" data-font=\"Symbol\" data-listid=\"2\" data-aria-posinset=\"3\" data-aria-level=\"1\"><span data-contrast=\"auto\">PREOCUPA\u00c7\u00d5ES DE IMPACTO NO NEG\u00d3CIO. As partes interessadas do GBTA est\u00e3o \u201cpreocupadas\u201d ou \u201cmuito preocupadas\u201d com o impacto na receita que a variante Delta representa para as empresas quando se trata de receita no setor de viagens de neg\u00f3cios (85%), emprego\/recontrata\u00e7\u00e3o (79%) e a seguran\u00e7a das viagens de neg\u00f3cios ( 78%). Quarenta e quatro por cento sentiram que teria um impacto \u201cmuito negativo\u201d, enquanto o 37% indicou que teria um impacto negativo \u201cmoderado\u201d. Em termos de reservas, um em cada tr\u00eas (31%) relatou uma diminui\u00e7\u00e3o, em compara\u00e7\u00e3o com a semana anterior, contra 3% na pesquisa de julho.&nbsp;<\/span><span data-ccp-props=\"{&quot;134233279&quot;:true,&quot;201341983&quot;:0,&quot;335559739&quot;:160,&quot;335559740&quot;:259}\">&nbsp;<\/span><\/li>\n<li data-leveltext=\"\uf0b7\" data-font=\"Symbol\" data-listid=\"2\" data-aria-posinset=\"4\" data-aria-level=\"1\"><span data-contrast=\"auto\">EM ESPERA NO M\u00caS PASSADO, EM ESPERA ESTE M\u00caS. Oito em cada dez compradores\/profissionais de compras de viagens que trabalham para empresas que ainda n\u00e3o retomaram viagens de neg\u00f3cios n\u00e3o essenciais relatam que sua empresa provavelmente atrasar\u00e1 a retomada de viagens de neg\u00f3cios dom\u00e9sticas n\u00e3o essenciais (81%) e internacionais (79%) devido \u00e0 Delta variante (e outras variantes). As viagens de neg\u00f3cios para grandes, m\u00e9dias e pequenas reuni\u00f5es, eventos ou confer\u00eancias tamb\u00e9m foram citadas com mais frequ\u00eancia como canceladas ou suspensas devido \u00e0s variantes do COVID-19.&nbsp;<\/span><span data-ccp-props=\"{&quot;134233279&quot;:true,&quot;201341983&quot;:0,&quot;335559739&quot;:160,&quot;335559740&quot;:259}\">&nbsp;<\/span><\/li>\n<\/ul>\n<p><b><span data-contrast=\"auto\">Pol\u00edticas de vacina\u00e7\u00e3o em viagens e protocolos de seguran\u00e7a dos funcion\u00e1rios<\/span><\/b><span data-ccp-props=\"{&quot;201341983&quot;:0,&quot;335559739&quot;:160,&quot;335559740&quot;:259}\">&nbsp;<\/span><\/p>\n<ul>\n<li data-leveltext=\"\uf0b7\" data-font=\"Symbol\" data-listid=\"3\" data-aria-posinset=\"1\" data-aria-level=\"1\"><span data-contrast=\"auto\">VAXXED PARA VIAJAR?<\/span><span data-contrast=\"auto\">&nbsp;<\/span><span data-contrast=\"auto\">Quase metade dos entrevistados disse que os requisitos de vacinas para desempenhar as principais fun\u00e7\u00f5es de neg\u00f3cios normalmente n\u00e3o s\u00e3o necess\u00e1rios. Aproximadamente um em cada cinco<\/span><span data-contrast=\"auto\">&nbsp;<\/span><span data-contrast=\"auto\">relataram que sua empresa exige que os funcion\u00e1rios recebam uma vacina COVID-19 para viajar no pa\u00eds a neg\u00f3cios<\/span><span data-contrast=\"auto\">&nbsp;(<\/span><span data-contrast=\"auto\">21<\/span><span data-contrast=\"auto\">%)<\/span><span data-contrast=\"auto\">, conhe\u00e7a os clientes cara a cara (22%)<\/span><span data-contrast=\"auto\">,<\/span><span data-contrast=\"auto\">&nbsp;trabalhar no escrit\u00f3rio (20%) e participar de grandes reuni\u00f5es, confer\u00eancias ou eventos (22%)<\/span><span data-contrast=\"auto\">.<\/span><span data-contrast=\"auto\">&nbsp;No entanto, aproximadamente um em cada quatro relata que n\u00e3o tem certeza sobre o desempenho de sua empresa.<\/span><span data-contrast=\"auto\">&nbsp;<\/span><span data-contrast=\"auto\">requisitos da vacina<\/span><span data-contrast=\"auto\">&nbsp;<\/span><span data-contrast=\"auto\">para viagens para fun\u00e7\u00f5es-chave de neg\u00f3cios.<\/span><span data-ccp-props=\"{&quot;134233279&quot;:true,&quot;201341983&quot;:0,&quot;335559739&quot;:200,&quot;335559740&quot;:259}\">&nbsp;<\/span><\/li>\n<\/ul>\n<p><span data-contrast=\"none\">Os entrevistados da Europa (66%) s\u00e3o mais propensos do que os da Am\u00e9rica do Norte (52%) a relatar que sua empresa n\u00e3o exigir\u00e1 que os funcion\u00e1rios recebam uma vacina COVID-19 antes de poderem se reunir com clientes e clientes pessoalmente<\/span><span data-contrast=\"none\">.&nbsp;<\/span><span data-contrast=\"none\">Sessenta e dois por cento na Europa s\u00e3o mais propensos do que os da Am\u00e9rica do Norte (49%) a relatar que sua empresa n\u00e3o exigir\u00e1 que os funcion\u00e1rios recebam uma vacina COVID-19 antes que possam participar de grandes reuni\u00f5es ou eventos (mais de 500 participantes).<\/span><span data-ccp-props=\"{&quot;201341983&quot;:0,&quot;335559685&quot;:720,&quot;335559739&quot;:200,&quot;335559740&quot;:259}\">&nbsp;<\/span><\/p>\n<ul>\n<li data-leveltext=\"\uf0b7\" data-font=\"Symbol\" data-listid=\"3\" data-aria-posinset=\"2\" data-aria-level=\"1\"><span data-contrast=\"auto\">PRIORIZANDO A SEGURAN\u00c7A<\/span><span data-contrast=\"auto\">.&nbsp;<\/span><span data-contrast=\"auto\">A maioria dos entrevistados (79%) informa que sua empresa possui procedimentos para rastreamento de contatos caso um funcion\u00e1rio seja infectado pelo COVID-19. Apenas um em cada cinco (21%) informa que sua empresa n\u00e3o possui procedimentos para rastreamento de contatos<\/span><span data-contrast=\"auto\">.<\/span><span data-ccp-props=\"{&quot;134233279&quot;:true,&quot;201341983&quot;:0,&quot;335559739&quot;:200,&quot;335559740&quot;:259}\">&nbsp;<\/span><\/li>\n<\/ul>\n<p><span data-contrast=\"auto\">Voc\u00ea pode ver mais detalhes e os principais destaques<\/span><span data-contrast=\"auto\">&nbsp;<\/span><span data-contrast=\"auto\">do GBTA<\/span><span data-contrast=\"auto\">&nbsp;<\/span><span data-contrast=\"auto\">Enquete de agosto de 2021<\/span><span data-contrast=\"auto\">&nbsp;<\/span><span data-contrast=\"auto\">aqui<\/span><span data-contrast=\"auto\">.&nbsp;<\/span><span data-contrast=\"auto\">Verifica\u00e7\u00e3o de sa\u00edda<\/span><span data-contrast=\"auto\">&nbsp;<\/span><span data-contrast=\"auto\">toda a s\u00e9rie de enquetes<\/span><span data-contrast=\"auto\">&nbsp;<\/span><a href=\"https:\/\/gbta.org\/pt\/research-tools\/covid-19-member-polls\/\"><span data-contrast=\"none\">aqui<\/span><\/a><span data-contrast=\"auto\">.<\/span><span data-ccp-props=\"{&quot;201341983&quot;:0,&quot;335559739&quot;:160,&quot;335559740&quot;:259}\">&nbsp;<\/span><\/p>","protected":false},"excerpt":{"rendered":"<p>Alexandria, VA \u2013 A ind\u00fastria de viagens de neg\u00f3cios continua a relatar uma disposi\u00e7\u00e3o e otimismo geral sobre o retorno \u00e0s viagens de neg\u00f3cios. No entanto, o aumento da variante Delta e de outras variantes tornou-se motivo de incerteza e aumento de preocupa\u00e7\u00e3o no \u00faltimo m\u00eas. Isto est\u00e1 de acordo com a \u00faltima pesquisa da The Global Business Travel Association (GBTA) \u2013 a maior associa\u00e7\u00e3o mundial de viagens de neg\u00f3cios e l\u00edder mundial em educa\u00e7\u00e3o, pesquisa, networking e defesa do setor. Esta pesquisa \u00e9 a 22\u00aa de uma s\u00e9rie que acompanha o pulso da ades\u00e3o da GBTA ao mundo\u2026<\/p>","protected":false},"author":25,"featured_media":0,"comment_status":"open","ping_status":"open","sticky":false,"template":"","format":"standard","meta":{"_acf_changed":false,"_seopress_robots_primary_cat":"none","_seopress_titles_title":"","_seopress_titles_desc":"","_seopress_robots_index":"","om_disable_all_campaigns":false,"_relevanssi_hide_post":"","_relevanssi_hide_content":"","_relevanssi_pin_for_all":"","_relevanssi_pin_keywords":"","_relevanssi_unpin_keywords":"","_relevanssi_related_keywords":"","_relevanssi_related_include_ids":"","_relevanssi_related_exclude_ids":"","_relevanssi_related_no_append":"","_relevanssi_related_not_related":"","_relevanssi_related_posts":"1813,1894,5843,1797,1971,2621","_relevanssi_noindex_reason":"","_kad_blocks_custom_css":"","_kad_blocks_head_custom_js":"","_kad_blocks_body_custom_js":"","_kad_blocks_footer_custom_js":"","_kad_post_transparent":"","_kad_post_title":"","_kad_post_layout":"","_kad_post_sidebar_id":"","_kad_post_content_style":"","_kad_post_vertical_padding":"","_kad_post_feature":"","_kad_post_feature_position":"","_kad_post_header":false,"_kad_post_footer":false,"footnotes":"","_links_to":"","_links_to_target":""},"categories":[45,37],"tags":[301],"class_list":["post-2584","post","type-post","status-publish","format-standard","hentry","category-news-and-press-releases","category-research-and-travel-trends","tag-poll"],"acf":[],"featured_image_src_large":false,"author_info":{"display_name":"jcampbell","author_link":"https:\/\/gbta.org\/pt\/author\/jcampbell\/"},"comment_info":"","category_info":[{"term_id":45,"name":"News and Press Releases","slug":"news-and-press-releases","term_group":0,"term_taxonomy_id":45,"taxonomy":"category","description":"","parent":0,"count":540,"filter":"raw","cat_ID":45,"category_count":540,"category_description":"","cat_name":"News and Press Releases","category_nicename":"news-and-press-releases","category_parent":0},{"term_id":37,"name":"Research and Travel Trends","slug":"research-and-travel-trends","term_group":0,"term_taxonomy_id":37,"taxonomy":"category","description":"","parent":0,"count":966,"filter":"raw","cat_ID":37,"category_count":966,"category_description":"","cat_name":"Research and Travel Trends","category_nicename":"research-and-travel-trends","category_parent":0}],"tag_info":[{"term_id":301,"name":"poll","slug":"poll","term_group":0,"term_taxonomy_id":301,"taxonomy":"post_tag","description":"","parent":0,"count":36,"filter":"raw"}],"taxonomy_info":{"category":[{"value":45,"label":"News and Press Releases"},{"value":37,"label":"Research and Travel Trends"}],"post_tag":[{"value":301,"label":"poll"}]},"featured_image_src":null,"featured_image_src_square":null,"mfb_rest_fields":["featured_image_src_large","author_info","comment_info","category_info","tag_info","taxonomy_info","featured_image_src","featured_image_src_square"],"_links":{"self":[{"href":"https:\/\/gbta.org\/pt\/wp-json\/wp\/v2\/posts\/2584","targetHints":{"allow":["GET"]}}],"collection":[{"href":"https:\/\/gbta.org\/pt\/wp-json\/wp\/v2\/posts"}],"about":[{"href":"https:\/\/gbta.org\/pt\/wp-json\/wp\/v2\/types\/post"}],"author":[{"embeddable":true,"href":"https:\/\/gbta.org\/pt\/wp-json\/wp\/v2\/users\/25"}],"replies":[{"embeddable":true,"href":"https:\/\/gbta.org\/pt\/wp-json\/wp\/v2\/comments?post=2584"}],"version-history":[{"count":0,"href":"https:\/\/gbta.org\/pt\/wp-json\/wp\/v2\/posts\/2584\/revisions"}],"wp:attachment":[{"href":"https:\/\/gbta.org\/pt\/wp-json\/wp\/v2\/media?parent=2584"}],"wp:term":[{"taxonomy":"category","embeddable":true,"href":"https:\/\/gbta.org\/pt\/wp-json\/wp\/v2\/categories?post=2584"},{"taxonomy":"post_tag","embeddable":true,"href":"https:\/\/gbta.org\/pt\/wp-json\/wp\/v2\/tags?post=2584"}],"curies":[{"name":"wp","href":"https:\/\/api.w.org\/{rel}","templated":true}]}}