{"id":2597,"date":"2021-09-14T10:01:00","date_gmt":"2021-09-14T14:01:00","guid":{"rendered":"https:\/\/gbta.org\/check-in-with-suzanne-28\/"},"modified":"2022-09-29T10:35:59","modified_gmt":"2022-09-29T14:35:59","slug":"check-in-with-suzanne-28","status":"publish","type":"post","link":"https:\/\/gbta.org\/pt\/check-in-with-suzanne-28\/","title":{"rendered":"Check-in com Suzanne"},"content":{"rendered":"<p>Na semana passada, apresentei o tema recupera\u00e7\u00e3o de viagens de neg\u00f3cios em uma confer\u00eancia de clientes do Citi para um p\u00fablico de profissionais seniores de compras de organiza\u00e7\u00f5es FTSE200. Tamb\u00e9m fez a apresenta\u00e7\u00e3o Ulrika Ros\u00e9n, gerente de viagens e reuni\u00f5es da Tetra Pak, uma empresa l\u00edder global em processamento e embalagem de alimentos, que disse que sua empresa n\u00e3o parou de viajar durante a pandemia. Ela disse que a empresa tem mais viajantes em conformidade agora do que antes da pandemia \u2013 porque os viajantes a neg\u00f3cios n\u00e3o podem mais viajar no piloto autom\u00e1tico. Isso atingiu o alvo.<\/p>\n<p>Mesmo os viajantes experientes est\u00e3o a ter de se adaptar \u00e0 nova realidade \u2013 uma realidade de maior complexidade e novas considera\u00e7\u00f5es, desde restri\u00e7\u00f5es fronteiri\u00e7as a requisitos de viagem e precau\u00e7\u00f5es de seguran\u00e7a. As organiza\u00e7\u00f5es j\u00e1 est\u00e3o repensando as viagens de neg\u00f3cios e tamb\u00e9m se adaptando. E certamente haver\u00e1 mais por vir, gra\u00e7as \u00e0 pandemia.<\/p>\n<p>E por falar em seguran\u00e7a, tenho ouvido seus coment\u00e1rios no Check-In da semana passada sobre por que o GBTA n\u00e3o est\u00e1 apenas obrigando vacina\u00e7\u00f5es para os participantes da Conven\u00e7\u00e3o deste ano... O simples fato \u00e9 que o estado da Fl\u00f3rida n\u00e3o permite isso legalmente. .<\/p>\n<p>Estamos tomando as precau\u00e7\u00f5es mais abrangentes poss\u00edveis para nosso evento no local - voc\u00ea pode ler todas as&nbsp;<a href=\"https:\/\/convention.gbta.org\/About\/COVID-19-Response-Protocols\">detalhes aqui<\/a>. De acordo com as recomenda\u00e7\u00f5es do CDC, isso inclui que o GBTA exigir\u00e1 que todos os participantes da Conven\u00e7\u00e3o apresentem prova de um teste COVID-19 negativo realizado nos \u00faltimos tr\u00eas dias antes de sua entrada na Conven\u00e7\u00e3o. Os participantes podem cancelar a exig\u00eancia de testes antes da chegada, apresentando voluntariamente comprovante de vacina\u00e7\u00e3o completa. E todos ser\u00e3o obrigados a usar m\u00e1scaras enquanto estiverem no local. E um sinal positivo \u00e9 que a nossa ind\u00fastria \u00e9 vacinada. Em uma pesquisa recente da ind\u00fastria GBTA COVID-19, 90% relatou estar parcialmente ou totalmente vacinado. Al\u00e9m disso, continuamos a acompanhar os mandatos e desafios do estado para ver se outras op\u00e7\u00f5es se tornam legalmente dispon\u00edveis at\u00e9 novembro.<\/p>\n<p>E, por fim, gostaria de reservar um momento para reconhecer outro evento que teve um grande impacto em nossa ind\u00fastria e em tantas vidas. S\u00e1bado marcou o sombrio 20\u00ba anivers\u00e1rio dos tr\u00e1gicos acontecimentos de 11 de setembro<sup>\u00ba<\/sup>&nbsp;nos E.U.A. Viajantes de neg\u00f3cios e profissionais do setor a\u00e9reo estavam entre as vidas preciosas perdidas nos voos da United Airlines e da American Airlines naquele dia. Que possamos sempre nos lembrar deles \u2013 e das muitas, muitas pessoas que ajudaram a reconstruir o ecossistema de viagens e que criaram um futuro mais seguro para a nossa ind\u00fastria desde aquele dia.<\/p>\n<p>&nbsp;<\/p>\n<p>Suzanne<\/p>\n<p>&nbsp;<\/p>\n<p><b><span data-contrast=\"none\">Not\u00edcias para saber<\/span><\/b><span data-ccp-props=\"{&quot;201341983&quot;:0,&quot;335559739&quot;:160,&quot;335559740&quot;:259}\">&nbsp;<\/span><\/p>\n<p><b><span data-contrast=\"none\">TakeTwo Travel Solutions \u2013 TMC lan\u00e7ada pelo antigo CTM Duo<\/span><\/b><span data-ccp-props=\"{&quot;201341983&quot;:0,&quot;335559739&quot;:160,&quot;335559740&quot;:259}\">&nbsp;<\/span><\/p>\n<p><span data-contrast=\"none\">A nova start-up TMC TakeTwo Travel Solutions foi lan\u00e7ada pelo ex-CEO da CTM, Chris Thelen, e pela ex-gerente geral do Reino Unido, Julie Cope. A vis\u00e3o da TakeTwo \u00e9 fornecer servi\u00e7os personalizados de alto n\u00edvel,&nbsp;<\/span><a href=\"https:\/\/www.businesstravelnewseurope.com\/Management\/Former-CTM-duo-launch-premium-TMC-for-SMEs\"><span data-contrast=\"none\">Thelen diz \u00e0 BTN Europa<\/span><\/a><span data-contrast=\"none\">, \u201cTodos podem ter uma \u00f3tima tecnologia agora \u2013 h\u00e1 tanta coisa por a\u00ed \u2013 mas voc\u00ea precisa ter a estrutura, estrat\u00e9gia e vis\u00e3o certas, e \u00e9 sobre como voc\u00ea combina isso com servi\u00e7os, pessoas e relacionamentos.\u201d<\/span><span data-ccp-props=\"{&quot;201341983&quot;:0,&quot;335559739&quot;:160,&quot;335559740&quot;:259}\">&nbsp;<\/span><\/p>\n<p><b><span data-contrast=\"none\">Iberostar Hotels &amp; Resorts abre novo local de turismo respons\u00e1vel em Lima&nbsp;<\/span><\/b><span data-ccp-props=\"{&quot;201341983&quot;:0,&quot;335551550&quot;:1,&quot;335551620&quot;:1,&quot;335559739&quot;:160,&quot;335559740&quot;:259}\">&nbsp;<\/span><\/p>\n<p><span data-contrast=\"none\">Ap\u00f3s uma forte presen\u00e7a de 25 anos na Am\u00e9rica Latina, o grupo hoteleiro maiorquino escolheu o Peru como o novo destino para refor\u00e7ar o seu portf\u00f3lio na Am\u00e9rica. O novo&nbsp;<\/span><a href=\"https:\/\/www.rli.uk.com\/iberostar-group-to-strengthen-americas-presence\/\"><span data-contrast=\"none\">Iberostar Sele\u00e7\u00e3o Miraflores<\/span><\/a><span data-contrast=\"none\">&nbsp;ser\u00e1 o primeiro hotel livre de pl\u00e1stico descart\u00e1vel em Lima, refletindo o compromisso do Grupo Iberostar em promover o turismo respons\u00e1vel.&nbsp;<\/span><span data-ccp-props=\"{&quot;201341983&quot;:0,&quot;335559739&quot;:160,&quot;335559740&quot;:259}\">&nbsp;<\/span><\/p>\n<p><b><span data-contrast=\"none\">Atraso nos testes r\u00e1pidos no Canad\u00e1<\/span><\/b><span data-ccp-props=\"{&quot;201341983&quot;:0,&quot;335551550&quot;:1,&quot;335551620&quot;:1,&quot;335559739&quot;:160,&quot;335559740&quot;:259}\">&nbsp;<\/span><\/p>\n<p><span data-contrast=\"none\">Em algumas regi\u00f5es do mundo, os testes r\u00e1pidos s\u00e3o uma ferramenta comumente usada, mas no Canad\u00e1 esses testes s\u00e3o poucos e distantes entre si. O programa StaySafe em Ont\u00e1rio oferece testes de COVID-19 do tipo \u201cfa\u00e7a voc\u00ea mesmo\u201d, que s\u00e3o muito utilizados e apoiados pelos habitantes locais. Mas em outras partes do Canad\u00e1, os testes n\u00e3o est\u00e3o sendo implementados em grande escala.&nbsp;<\/span><span data-ccp-props=\"{&quot;201341983&quot;:0,&quot;335551550&quot;:1,&quot;335551620&quot;:1,&quot;335559739&quot;:160,&quot;335559740&quot;:259}\">&nbsp;<\/span><\/p>\n<p><span data-ccp-props=\"{&quot;201341983&quot;:0,&quot;335559739&quot;:160,&quot;335559740&quot;:259}\">&nbsp;<\/span><\/p>\n<p><b><span data-contrast=\"none\">Not\u00edcias e lembretes GBTA<\/span><\/b><span data-ccp-props=\"{&quot;201341983&quot;:0,&quot;335559739&quot;:160,&quot;335559740&quot;:259}\">&nbsp;<\/span><\/p>\n<p><b><span data-contrast=\"none\">Masterclass GBTA Fran\u00e7a<\/span><\/b><span data-ccp-props=\"{&quot;201341983&quot;:0,&quot;335551550&quot;:1,&quot;335551620&quot;:1,&quot;335559739&quot;:160,&quot;335559740&quot;:259}\">&nbsp;<\/span><\/p>\n<p><span data-contrast=\"none\">Organizada pela GBTA France, esta Masterclass foi projetada para profissionais de viagens de neg\u00f3cios e MICE. Contar\u00e1 com compradores e fornecedores especializados que lan\u00e7ar\u00e3o luz sobre o setor e compartilhar\u00e3o as melhores pr\u00e1ticas para viagens de neg\u00f3cios em 2021.<\/span><span data-ccp-props=\"{&quot;201341983&quot;:0,&quot;335551550&quot;:1,&quot;335551620&quot;:1,&quot;335559739&quot;:160,&quot;335559740&quot;:259}\">&nbsp;<\/span><\/p>\n<p><b><span data-contrast=\"auto\">Fundamentos da gest\u00e3o estrat\u00e9gica de reuni\u00f5es<\/span><\/b><span data-ccp-props=\"{&quot;201341983&quot;:0,&quot;335559739&quot;:160,&quot;335559740&quot;:259}\">&nbsp;<\/span><\/p>\n<p><span data-contrast=\"auto\">Pioneiros e l\u00edderes em reuni\u00f5es, compras e gerenciamento de viagens colaboraram para criar um roteiro e compartilhar as melhores pr\u00e1ticas sobre como criar e gerenciar um programa eficaz de gerenciamento de reuni\u00f5es estrat\u00e9gicas para sua empresa.<\/span><span data-ccp-props=\"{&quot;201341983&quot;:0,&quot;335559739&quot;:160,&quot;335559740&quot;:259}\">&nbsp;<\/span><\/p>","protected":false},"excerpt":{"rendered":"<p>Na semana passada, apresentei o tema da recupera\u00e7\u00e3o de viagens de neg\u00f3cios em uma Citi Client Conference para uma audi\u00eancia de profissionais de compras seniores das organiza\u00e7\u00f5es FTSE200. Tamb\u00e9m apresentou Ulrika Ros\u00e9n, gerente de viagens e reuni\u00f5es da Tetra Pak, empresa l\u00edder global em processamento e embalagem de alimentos, que disse que sua empresa n\u00e3o parou de viajar durante a pandemia. Ela disse que a empresa tem mais viajantes complacentes agora do que antes da pandemia \u2013 porque os viajantes de neg\u00f3cios n\u00e3o podem mais viajar no piloto autom\u00e1tico. Isso atingiu a casa. Mesmo os viajantes experientes est\u00e3o tendo que se adaptar \u00e0 nova realidade \u2013 uma de mais complexidade e\u2026<\/p>","protected":false},"author":25,"featured_media":0,"comment_status":"open","ping_status":"open","sticky":false,"template":"","format":"standard","meta":{"_acf_changed":false,"_seopress_robots_primary_cat":"none","_seopress_titles_title":"","_seopress_titles_desc":"","_seopress_robots_index":"","om_disable_all_campaigns":false,"_relevanssi_hide_post":"","_relevanssi_hide_content":"","_relevanssi_pin_for_all":"","_relevanssi_pin_keywords":"","_relevanssi_unpin_keywords":"","_relevanssi_related_keywords":"","_relevanssi_related_include_ids":"","_relevanssi_related_exclude_ids":"","_relevanssi_related_no_append":"","_relevanssi_related_not_related":"","_relevanssi_related_posts":"2477,1439,2017,1620,1171,2480","_relevanssi_noindex_reason":"","_kad_blocks_custom_css":"","_kad_blocks_head_custom_js":"","_kad_blocks_body_custom_js":"","_kad_blocks_footer_custom_js":"","_kad_post_transparent":"","_kad_post_title":"","_kad_post_layout":"","_kad_post_sidebar_id":"","_kad_post_content_style":"","_kad_post_vertical_padding":"","_kad_post_feature":"","_kad_post_feature_position":"","_kad_post_header":false,"_kad_post_footer":false,"footnotes":"","_links_to":"","_links_to_target":""},"categories":[1437,106],"tags":[],"class_list":["post-2597","post","type-post","status-publish","format-standard","hentry","category-covid-19","category-latin-america"],"acf":[],"featured_image_src_large":false,"author_info":{"display_name":"jcampbell","author_link":"https:\/\/gbta.org\/pt\/author\/jcampbell\/"},"comment_info":"","category_info":[{"term_id":1437,"name":"COVID-19","slug":"covid-19","term_group":0,"term_taxonomy_id":1437,"taxonomy":"category","description":"","parent":0,"count":124,"filter":"raw","cat_ID":1437,"category_count":124,"category_description":"","cat_name":"COVID-19","category_nicename":"covid-19","category_parent":0},{"term_id":106,"name":"Latin America","slug":"latin-america","term_group":0,"term_taxonomy_id":106,"taxonomy":"category","description":"","parent":0,"count":54,"filter":"raw","cat_ID":106,"category_count":54,"category_description":"","cat_name":"Latin America","category_nicename":"latin-america","category_parent":0}],"tag_info":false,"taxonomy_info":{"category":[{"value":1437,"label":"COVID-19"},{"value":106,"label":"Latin America"}]},"featured_image_src":null,"featured_image_src_square":null,"mfb_rest_fields":["featured_image_src_large","author_info","comment_info","category_info","tag_info","taxonomy_info","featured_image_src","featured_image_src_square"],"_links":{"self":[{"href":"https:\/\/gbta.org\/pt\/wp-json\/wp\/v2\/posts\/2597","targetHints":{"allow":["GET"]}}],"collection":[{"href":"https:\/\/gbta.org\/pt\/wp-json\/wp\/v2\/posts"}],"about":[{"href":"https:\/\/gbta.org\/pt\/wp-json\/wp\/v2\/types\/post"}],"author":[{"embeddable":true,"href":"https:\/\/gbta.org\/pt\/wp-json\/wp\/v2\/users\/25"}],"replies":[{"embeddable":true,"href":"https:\/\/gbta.org\/pt\/wp-json\/wp\/v2\/comments?post=2597"}],"version-history":[{"count":0,"href":"https:\/\/gbta.org\/pt\/wp-json\/wp\/v2\/posts\/2597\/revisions"}],"wp:attachment":[{"href":"https:\/\/gbta.org\/pt\/wp-json\/wp\/v2\/media?parent=2597"}],"wp:term":[{"taxonomy":"category","embeddable":true,"href":"https:\/\/gbta.org\/pt\/wp-json\/wp\/v2\/categories?post=2597"},{"taxonomy":"post_tag","embeddable":true,"href":"https:\/\/gbta.org\/pt\/wp-json\/wp\/v2\/tags?post=2597"}],"curies":[{"name":"wp","href":"https:\/\/api.w.org\/{rel}","templated":true}]}}