{"id":2609,"date":"2021-10-12T10:01:00","date_gmt":"2021-10-12T14:01:00","guid":{"rendered":"https:\/\/gbta.org\/check-in-with-suzanne-32\/"},"modified":"2022-09-29T09:44:02","modified_gmt":"2022-09-29T13:44:02","slug":"check-in-with-suzanne-32","status":"publish","type":"post","link":"https:\/\/gbta.org\/pt\/check-in-with-suzanne-32\/","title":{"rendered":"Check-in com Suzanne"},"content":{"rendered":"<p><span data-contrast=\"auto\">A educa\u00e7\u00e3o, a aprendizagem e o desenvolvimento profissional por vezes n\u00e3o recebem o cr\u00e9dito que merecem pelo quanto fazem para nos informar, inspirar, envolver e promover. Mas na GBTA, eles n\u00e3o s\u00e3o her\u00f3is desconhecidos \u2013 eles s\u00e3o as estrelas.&nbsp;&nbsp;<\/span><span data-ccp-props=\"{&quot;201341983&quot;:0,&quot;335559739&quot;:160,&quot;335559740&quot;:240}\">&nbsp;<\/span><\/p>\n<p><span data-contrast=\"auto\">Quando se trata de volume, amplitude e relev\u00e2ncia, a GBTA tem profundo orgulho em liderar o setor em programas de aprendizagem e desenvolvimento durante todo o ano, projetados especificamente para profissionais de viagens de neg\u00f3cios. Continuamos a ouvir nossos membros em todo o mundo para oferecer o que desejam e precisam.&nbsp;<\/span><span data-ccp-props=\"{&quot;201341983&quot;:0,&quot;335559739&quot;:160,&quot;335559740&quot;:240}\">&nbsp;<\/span><\/p>\n<p><span data-contrast=\"auto\">Aqui est\u00e3o apenas alguns destaques recentes das MILHARES de oportunidades de aprendizagem GBTA dispon\u00edveis pessoalmente, virtualmente ao vivo e sob demanda:<\/span><span data-ccp-props=\"{&quot;201341983&quot;:0,&quot;335559739&quot;:160,&quot;335559740&quot;:240}\">&nbsp;<\/span><\/p>\n<ul>\n<li><span data-contrast=\"auto\">A s\u00e9rie de webinars colaborativos GBTA 2021 tem abordado t\u00f3picos emergentes e importantes em nosso setor hoje. O Colaborador de Junho assumiu&nbsp;<\/span><a href=\"https:\/\/gbta.org\/pt\/calendar\/all-programs\/eventid\/1183\/e\/collaboratory-on-sustainabilitythe-road-to-convention-2-jun-2021\/\"><span data-contrast=\"none\">Sustentabilidade<\/span><\/a><span data-contrast=\"auto\">\u2026 Palestrante Jenny Sabineu: \u201cComo podemos expandir medidas e m\u00e9todos para criar algumas mudan\u00e7as materiais reais?\u201d O Colaborat\u00f3rio de Setembro apresentou o&nbsp;<\/span><a href=\"https:\/\/www.youtube.com\/watch?v=QnUs8-13NLk\"><span data-contrast=\"none\">Futuro do Trabalho<\/span><\/a><b><span data-contrast=\"auto\">\u2026&nbsp;<\/span><\/b><span data-contrast=\"auto\">Palestrante Donna Rufo<\/span><b><span data-contrast=\"auto\">:&nbsp;<\/span><\/b><span data-contrast=\"auto\">\u201cNeste momento, \u00e9 muito mais do que gerir a empresa de gest\u00e3o de viagens e a pol\u00edtica.\u201d O webinar deste m\u00eas focou em Diversidade, Equidade e Inclus\u00e3o (DEI), incluindo como reformular a narrativa de \u201cdif\u00edcil\u201d para \u201cnecess\u00e1ria\u201d e incorporar os tr\u00eas C&#039;s da compaix\u00e3o: Conex\u00e3o, Comunica\u00e7\u00e3o, Colabora\u00e7\u00e3o. E no dia 22 de outubro, ainda d\u00e1 tempo de voc\u00ea assistir ao Collaboratory final no&nbsp;<\/span><a href=\"https:\/\/gbta.org\/pt\/EventCalendar\/EventRegistrationStep1\/?eventcd=19DL1021&amp;_ga=2.71507539.1739440921.1633549907-1820023432.1626104215\"><span data-contrast=\"none\">Reuni\u00f5es e eventos<\/span><\/a><span data-contrast=\"auto\">.<\/span><span data-ccp-props=\"{&quot;134233279&quot;:true,&quot;201341983&quot;:0,&quot;335559739&quot;:160,&quot;335559740&quot;:240}\">&nbsp;<\/span><\/li>\n<\/ul>\n<p><span data-contrast=\"auto\">Todos estes est\u00e3o dispon\u00edveis p\u00f3s-evento para membros sob demanda no&nbsp;<\/span><a href=\"https:\/\/hub.gbta.org\/home\"><span data-contrast=\"none\">Hub GBTA<\/span><\/a><span data-contrast=\"auto\">. Os programas e insights selecionados s\u00e3o realmente extraordin\u00e1rios e espero que voc\u00ea aproveite-os, mesmo que em pequenos peda\u00e7os. E tem mais\u2026<\/span><span data-ccp-props=\"{&quot;201341983&quot;:0,&quot;335559739&quot;:160,&quot;335559740&quot;:240}\">&nbsp;<\/span><\/p>\n<ul>\n<li data-leveltext=\"-\" data-font=\"Calibri\" data-listid=\"5\" data-aria-posinset=\"1\" data-aria-level=\"1\"><span data-contrast=\"auto\">No in\u00edcio deste m\u00eas, a LATAM se reuniu para a confer\u00eancia virtual de um dia da GBTA cobrindo as melhores pr\u00e1ticas e quest\u00f5es oportunas. No Canad\u00e1, o GBTA est\u00e1 realizando aprendizado presencial com curadoria na estrada para Vancouver, Montreal e Toronto.<\/span><\/li>\n<li data-leveltext=\"-\" data-font=\"Calibri\" data-listid=\"5\" data-aria-posinset=\"1\" data-aria-level=\"1\"><span data-contrast=\"auto\">E, finalmente, a maior extravag\u00e2ncia educacional presencial delas: a Conven\u00e7\u00e3o GBTA, de 17 a 19 de novembro em Orlando, com cinco palestras e 60 programas educacionais. Aqui est\u00e3o as sess\u00f5es educacionais com maior n\u00famero de visualiza\u00e7\u00f5es dos participantes no momento:<\/span><span data-ccp-props=\"{&quot;134233279&quot;:true,&quot;201341983&quot;:0,&quot;335559739&quot;:160,&quot;335559740&quot;:240}\">&nbsp;<\/span>\n<ul>\n<li data-leveltext=\"-\" data-font=\"Calibri\" data-listid=\"5\" data-aria-posinset=\"1\" data-aria-level=\"1\"><span data-contrast=\"none\">\u201cPreparando seus viajantes e voc\u00ea mesmo: gerenciando durante a crise\u201d<\/span><span data-ccp-props=\"{&quot;134233279&quot;:true,&quot;201341983&quot;:0,&quot;335559739&quot;:160,&quot;335559740&quot;:240}\">&nbsp;<\/span><\/li>\n<li data-leveltext=\"-\" data-font=\"Calibri\" data-listid=\"5\" data-aria-posinset=\"1\" data-aria-level=\"1\"><span data-contrast=\"none\">\u201cConstruindo um Programa de Viagens de Neg\u00f3cios Sustent\u00e1veis com Combust\u00edvel de Avia\u00e7\u00e3o Sustent\u00e1vel\u201d<\/span><span data-ccp-props=\"{&quot;134233279&quot;:true,&quot;201341983&quot;:0,&quot;335559739&quot;:160,&quot;335559740&quot;:240}\">&nbsp;<\/span><\/li>\n<li data-leveltext=\"-\" data-font=\"Calibri\" data-listid=\"5\" data-aria-posinset=\"1\" data-aria-level=\"1\"><span data-contrast=\"none\">\u201cTend\u00eancias tecnol\u00f3gicas \u2013 novos players e especialistas do setor\u201d<\/span><span data-ccp-props=\"{&quot;134233279&quot;:true,&quot;201341983&quot;:0,&quot;335559739&quot;:160,&quot;335559740&quot;:240}\">&nbsp;<\/span><\/li>\n<li data-leveltext=\"-\" data-font=\"Calibri\" data-listid=\"5\" data-aria-posinset=\"1\" data-aria-level=\"1\"><span data-contrast=\"none\">\u201cVamos estar seguros, vamos ser aceitos e vamos viajar!\u201d<\/span><span data-ccp-props=\"{&quot;134233279&quot;:true,&quot;201341983&quot;:0,&quot;335559739&quot;:160,&quot;335559740&quot;:240}\">&nbsp;<\/span><\/li>\n<li data-leveltext=\"-\" data-font=\"Calibri\" data-listid=\"5\" data-aria-posinset=\"1\" data-aria-level=\"1\"><span data-contrast=\"none\">\u201cParcerias com clientes hoteleiros e corporativos: trabalhe de maneira mais inteligente e n\u00e3o mais dif\u00edcil\u201d<\/span><span data-ccp-props=\"{&quot;134233279&quot;:true,&quot;201341983&quot;:0,&quot;335559739&quot;:160,&quot;335559740&quot;:240}\">&nbsp;<\/span><\/li>\n<\/ul>\n<\/li>\n<\/ul>\n<p><span data-contrast=\"auto\">&nbsp;<\/span><span data-contrast=\"auto\">Se voc\u00ea n\u00e3o puder comparecer pessoalmente \u00e0 Conven\u00e7\u00e3o este ano, n\u00e3o precisa perder. Inscreva-se no&nbsp;<\/span><a href=\"https:\/\/gbta.org\/pt\/home\/convention-replay\/\"><span data-contrast=\"none\">Repeti\u00e7\u00e3o da Conven\u00e7\u00e3o<\/span><\/a><span data-contrast=\"auto\">&nbsp;pacote e voc\u00ea ter\u00e1 acesso a 25 sess\u00f5es educacionais com curadoria da Conven\u00e7\u00e3o para aprendizado p\u00f3s-evento sob demanda.<\/span><span data-ccp-props=\"{&quot;201341983&quot;:0,&quot;335559739&quot;:160,&quot;335559740&quot;:240}\">&nbsp;<\/span><\/p>\n<ul>\n<li data-leveltext=\"-\" data-font=\"Calibri\" data-listid=\"5\" data-aria-posinset=\"1\" data-aria-level=\"1\"><span data-contrast=\"auto\">E para encerrar o ano, em dezembro, o&nbsp;<\/span><a href=\"https:\/\/europeconference.gbta.org\/Programme\/Sessions\"><span data-contrast=\"none\">Confer\u00eancia GBTA Berlim<\/span><\/a><span data-contrast=\"auto\">&nbsp;continuar\u00e1 o poder do aprendizado com sess\u00f5es educacionais e networking no local.<\/span><span data-ccp-props=\"{&quot;134233279&quot;:true,&quot;201341983&quot;:0,&quot;335559739&quot;:160,&quot;335559740&quot;:240}\">&nbsp;<\/span><\/li>\n<\/ul>\n<p><span data-contrast=\"auto\">Tempos de mudan\u00e7a e incerteza fazem da aprendizagem cont\u00ednua uma das melhores formas de adapta\u00e7\u00e3o para o futuro. Portanto, certifique-se de aproveitar as vantagens das ofertas educacionais do GBTA. Eles est\u00e3o aqui para ajud\u00e1-lo a entender melhor o neg\u00f3cio de viagens e manter os viajantes de neg\u00f3cios atendidos, seguros e bem, agora mais do que nunca.&nbsp;<\/span><span data-ccp-props=\"{&quot;201341983&quot;:0,&quot;335559739&quot;:160,&quot;335559740&quot;:240}\">&nbsp;<\/span><\/p>\n<p>E por falar em her\u00f3is desconhecidos, queremos que voc\u00ea reconhe\u00e7a o seu no GBTA! Como uma iniciativa do Conselho de Administra\u00e7\u00e3o, esta semana lan\u00e7aremos uma forma para voc\u00ea reconhecer os excelentes profissionais de viagens da GBTA em \u00e1reas de impacto. Assista para mais detalhes. Muitos de voc\u00eas trabalham duro em programas e projetos e queremos ouvir tudo sobre isso.<\/p>\n<p><span data-contrast=\"auto\">&nbsp;<\/span><span data-ccp-props=\"{&quot;201341983&quot;:0,&quot;335559739&quot;:160,&quot;335559740&quot;:259}\">&nbsp;<\/span><\/p>\n<p><span data-contrast=\"auto\">Suzanne<\/span><span data-ccp-props=\"{&quot;201341983&quot;:0,&quot;335559739&quot;:160,&quot;335559740&quot;:259}\">&nbsp;<\/span><\/p>\n<p><span data-ccp-props=\"{&quot;201341983&quot;:0,&quot;335559739&quot;:160,&quot;335559740&quot;:259}\">&nbsp;<\/span><\/p>\n<p><b><span data-contrast=\"none\">Not\u00edcias para saber<\/span><\/b><span data-ccp-props=\"{&quot;201341983&quot;:0,&quot;335559739&quot;:160,&quot;335559740&quot;:259}\">&nbsp;<\/span><\/p>\n<p><b><span data-contrast=\"auto\">Vacina\u00e7\u00f5es contra a COVID-19 obrigat\u00f3rias para funcion\u00e1rios e viajantes de transporte regulamentados pelo governo federal<\/span><\/b><span data-ccp-props=\"{&quot;201341983&quot;:0,&quot;335559739&quot;:160,&quot;335559740&quot;:259}\">&nbsp;<\/span><\/p>\n<p><span data-contrast=\"auto\">As vacinas s\u00e3o a nossa melhor linha de defesa contra a COVID-19 e suas variantes e no dia 6 de outubro<\/span><span data-contrast=\"auto\">\u00ba<\/span><span data-contrast=\"auto\">&nbsp;O primeiro-ministro Justin Trudeau e a vice-primeira-ministra Chrystia Freeland anunciaram que todos os empregadores no setor de transporte a\u00e9reo, ferrovi\u00e1rio e mar\u00edtimo regulamentado pelo governo federal devem estabelecer pol\u00edticas de vacina\u00e7\u00e3o at\u00e9 30 de outubro.<\/span><span data-contrast=\"auto\">\u00ba<\/span><span data-contrast=\"auto\">. Ao mesmo tempo, os viajantes que partem dos aeroportos canadenses e os viajantes dos trens VIA Rail e Rocky Mountaineer dever\u00e3o estar totalmente vacinados para poder viajar.&nbsp;<\/span><a href=\"https:\/\/www.canada.ca\/en\/transport-canada\/news\/2021\/10\/mandatory-covid-19-vaccination-requirements-for-federally-regulated-transportation-employees-and-travellers.html\"><span data-contrast=\"none\">Saiba mais sobre essas mudan\u00e7as de pol\u00edtica aqui &gt;&gt;<\/span><\/a><span data-ccp-props=\"{&quot;201341983&quot;:0,&quot;335559739&quot;:160,&quot;335559740&quot;:259}\">&nbsp;<\/span><\/p>\n<p><b><span data-contrast=\"auto\">Programa de reconhecimento facial para membros PreCheck da Delta<\/span><\/b><span data-ccp-props=\"{&quot;201341983&quot;:0,&quot;335559739&quot;:160,&quot;335559740&quot;:259}\">&nbsp;<\/span><\/p>\n<p><span data-contrast=\"auto\">No ano passado, a Delta come\u00e7ou a construir seu programa de reconhecimento facial \u201cdo meio-fio ao port\u00e3o\u201d em Detroit, com planos de expans\u00e3o para mais hubs.&nbsp;<\/span><a href=\"https:\/\/www.businesstravelnews.com\/Transportation\/Air\/Delta-to-Launch-Facial-Recognition-Program-for-PreCheck-Members-in-Atlanta\"><span data-contrast=\"none\">A transportadora anunciou recentemente<\/span><\/a><span data-contrast=\"auto\">&nbsp;que os membros do TSA Pre-Check no Aeroporto Internacional Hartsfield-Jackson de Atlanta agora poder\u00e3o passar pela seguran\u00e7a e outros pontos de verifica\u00e7\u00e3o no South Security Checkpoint de Atlanta ainda mais r\u00e1pido com o novo software de reconhecimento facial nas pr\u00f3ximas semanas.<\/span><span data-ccp-props=\"{&quot;201341983&quot;:0,&quot;335559739&quot;:160,&quot;335559740&quot;:259}\">&nbsp;<\/span><\/p>\n<p><b><span data-contrast=\"auto\">75 anos de Iberia voando pela Am\u00e9rica do Sul<\/span><\/b><span data-ccp-props=\"{&quot;201341983&quot;:0,&quot;335559739&quot;:160,&quot;335559740&quot;:259}\">&nbsp;<\/span><\/p>\n<p><span data-contrast=\"auto\">A companhia a\u00e9rea espanhola Iberia celebra o 75\u00ba<\/span><span data-contrast=\"auto\">\u00ba<\/span><span data-contrast=\"auto\">&nbsp;anivers\u00e1rio de seus primeiros voos para a Am\u00e9rica Latina. Em setembro de 1946, um Iberia DC-4 partiu do aeroporto de Barajas, em Madrid, com destino a Buenos Aires, estabelecendo os primeiros voos regulares entre a Europa e a Am\u00e9rica Latina. Para&nbsp;<\/span><a href=\"https:\/\/aviacionaldia.com\/en\/2021\/09\/iberia-celebrates-75-years-flying-to-latin-america.html\"><span data-contrast=\"none\">comemorar 75 anos de conex\u00f5es<\/span><\/a><span data-contrast=\"auto\">, a Iberia organizou um evento na Casa de Am\u00e9rica com oradores convidados, um document\u00e1rio e uma exposi\u00e7\u00e3o fotogr\u00e1fica dos \u00faltimos setenta e cinco anos da Iberia.&nbsp;<\/span><span data-ccp-props=\"{&quot;201341983&quot;:0,&quot;335559739&quot;:160,&quot;335559740&quot;:259}\">&nbsp;<\/span><\/p>\n<p><b><span data-contrast=\"auto\">Planejadores Europeus Recuperando Confian\u00e7a<\/span><\/b><span data-ccp-props=\"{&quot;201341983&quot;:0,&quot;335559739&quot;:160,&quot;335559740&quot;:259}\">&nbsp;<\/span><\/p>\n<p><span data-contrast=\"auto\">De acordo com um relat\u00f3rio da CVent, oito em cada 10 organizadores de eventos no Reino Unido e na Europa est\u00e3o atualmente contratando eventos presenciais, demonstrando crescente confian\u00e7a em reunir as pessoas. O novo CVent 2021 Planner Sourcing Report apresenta dados com foco na Europa que exploram eventos h\u00edbridos, fun\u00e7\u00f5es nacionais versus globais,&nbsp;<\/span><a href=\"https:\/\/www.businesstravelnewseurope.com\/Meetings\/Cvent-report-European-planners-regaining-confidence\"><span data-contrast=\"none\">e mais<\/span><\/a><span data-contrast=\"auto\">.<\/span><span data-ccp-props=\"{&quot;201341983&quot;:0,&quot;335559739&quot;:160,&quot;335559740&quot;:259}\">&nbsp;<\/span><\/p>\n<p><span data-ccp-props=\"{&quot;201341983&quot;:0,&quot;335559739&quot;:160,&quot;335559740&quot;:259}\">&nbsp;<\/span><\/p>\n<p><b><span data-contrast=\"none\">Not\u00edcias e lembretes GBTA<\/span><\/b><span data-ccp-props=\"{&quot;201341983&quot;:0,&quot;335559739&quot;:160,&quot;335559740&quot;:259}\">&nbsp;<\/span><\/p>\n<p><b><span data-contrast=\"none\">C\u00e2mara Municipal da GBTA Europe: O cen\u00e1rio em mudan\u00e7a \u2013 Navegando pelo Brexit e voltando aos neg\u00f3cios de forma sustent\u00e1vel<\/span><\/b><span data-ccp-props=\"{&quot;201341983&quot;:0,&quot;335559739&quot;:160,&quot;335559740&quot;:259}\">&nbsp;<\/span><\/p>\n<p><span data-contrast=\"none\">Os efeitos do Brexit est\u00e3o em constante evolu\u00e7\u00e3o, e lidar com estas novas restri\u00e7\u00f5es e requisitos \u00e9 uma considera\u00e7\u00e3o cr\u00edtica para os viajantes e gestores de viagens \u00e0 medida que a for\u00e7a de trabalho global regressa \u00e0s viagens de neg\u00f3cios. Junte-se a n\u00f3s para o nosso&nbsp;<\/span><a href=\"https:\/\/gbta.org\/pt\/calendar\/all-programs\/eventid\/1254\/e\/gbta-europe-town-hall-the-changing-landscape-navigating-brexit-and-getting-back-to-business-sustainably-12-oct-2021\/\"><span data-contrast=\"none\">Outubro C\u00e2mara Municipal da Europa<\/span><\/a><span data-contrast=\"none\">&nbsp;ouvir Jens Liltorp, o representante europeu no Conselho de Administra\u00e7\u00e3o da GBTA, discutir as \u00faltimas novidades com a GBTA, seguido de uma vis\u00e3o especializada sobre como gerenciar as crescentes demandas documentais para colocar os viajantes em movimento.<\/span><span data-ccp-props=\"{&quot;201341983&quot;:0,&quot;335559739&quot;:160,&quot;335559740&quot;:259}\">&nbsp;<\/span><\/p>\n<p><b><span data-contrast=\"auto\">Preparar. Seguro. Viagem. S\u00e9rie de workshops<\/span><\/b><span data-ccp-props=\"{&quot;201341983&quot;:0,&quot;335559739&quot;:160,&quot;335559740&quot;:259}\">&nbsp;<\/span><\/p>\n<p><span data-contrast=\"auto\">GBTA est\u00e1 oferecendo o Ready. Seguro. Viagem. S\u00e9rie de workshops como um programa pr\u00e1tico de um dia em quatro cidades canadenses,&nbsp;<\/span><a href=\"https:\/\/gbta.org\/pt\/calendar\/all-programs\/eventid\/1212\/e\/ready-safe-travel-workshop-series-vancouver-19-oct-2021\/\"><span data-contrast=\"none\">come\u00e7ando com Vancouver em 19 de outubro<\/span><span data-contrast=\"none\">\u00ba<\/span><\/a><span data-contrast=\"auto\">. O workshop ser\u00e1 uma forma cr\u00edtica de facilitar o retorno \u00e0s reuni\u00f5es, ao mesmo tempo em que se mant\u00e9m informado sobre as mudan\u00e7as na ind\u00fastria canadense, tend\u00eancias e evolu\u00e7\u00f5es para os pr\u00f3ximos dias e meses.<\/span><span data-ccp-props=\"{&quot;201341983&quot;:0,&quot;335559739&quot;:160,&quot;335559740&quot;:259}\">&nbsp;<\/span><\/p>\n<p><b><span data-contrast=\"none\">Evento especial virtual<\/span><\/b><span data-ccp-props=\"{&quot;201341983&quot;:0,&quot;335559739&quot;:160,&quot;335559740&quot;:259}\">&nbsp;<\/span><\/p>\n<p><span data-contrast=\"none\">Aproveite o Painel Regional LATAM, gratuito para membros ativos e a Confer\u00eancia presencial 2022. Este evento de um dia em espanhol explorar\u00e1 diferentes t\u00f3picos, incluindo o estado atual das viagens, o bem-estar dos viajantes e diferentes perspectivas para o pr\u00f3ximo ano em viagens de neg\u00f3cios. .&nbsp;<\/span><a href=\"https:\/\/mexicoconference.gbta.org\/Inicio?_ga=2.48185511.1848753890.1631712059-1662377632.1623420846\"><span data-contrast=\"none\">Saiba mais &gt;&gt;<\/span><\/a><span data-ccp-props=\"{&quot;201341983&quot;:0,&quot;335559739&quot;:160,&quot;335559740&quot;:259}\">&nbsp;<\/span><\/p>","protected":false},"excerpt":{"rendered":"<p>A educa\u00e7\u00e3o, o aprendizado e o desenvolvimento profissional \u00e0s vezes n\u00e3o recebem o cr\u00e9dito que merecem pelo quanto fazem para nos informar, inspirar, engajar e avan\u00e7ar. Mas no GBTA, eles n\u00e3o s\u00e3o her\u00f3is desconhecidos \u2013 eles s\u00e3o as estrelas. Quando se trata de volume, amplitude e relev\u00e2ncia, a GBTA se orgulha de liderar o setor em aprendizado e\u2026<\/p>","protected":false},"author":25,"featured_media":0,"comment_status":"open","ping_status":"open","sticky":false,"template":"","format":"standard","meta":{"_acf_changed":false,"_seopress_robots_primary_cat":"none","_seopress_titles_title":"","_seopress_titles_desc":"","_seopress_robots_index":"","om_disable_all_campaigns":false,"_relevanssi_hide_post":"","_relevanssi_hide_content":"","_relevanssi_pin_for_all":"","_relevanssi_pin_keywords":"","_relevanssi_unpin_keywords":"","_relevanssi_related_keywords":"","_relevanssi_related_include_ids":"","_relevanssi_related_exclude_ids":"","_relevanssi_related_no_append":"","_relevanssi_related_not_related":"","_relevanssi_related_posts":"2477,1439,2017,1620,1171,2480","_relevanssi_noindex_reason":"","_kad_blocks_custom_css":"","_kad_blocks_head_custom_js":"","_kad_blocks_body_custom_js":"","_kad_blocks_footer_custom_js":"","_kad_post_transparent":"","_kad_post_title":"","_kad_post_layout":"","_kad_post_sidebar_id":"","_kad_post_content_style":"","_kad_post_vertical_padding":"","_kad_post_feature":"","_kad_post_feature_position":"","_kad_post_header":false,"_kad_post_footer":false,"footnotes":"","_links_to":"","_links_to_target":""},"categories":[1401,106,280],"tags":[],"class_list":["post-2609","post","type-post","status-publish","format-standard","hentry","category-diversity-equity-inclusion","category-latin-america","category-sustainability"],"acf":[],"featured_image_src_large":false,"author_info":{"display_name":"jcampbell","author_link":"https:\/\/gbta.org\/pt\/author\/jcampbell\/"},"comment_info":"","category_info":[{"term_id":1401,"name":"Diversity, Equity &amp; Inclusion","slug":"diversity-equity-inclusion","term_group":0,"term_taxonomy_id":1401,"taxonomy":"category","description":"","parent":0,"count":40,"filter":"raw","cat_ID":1401,"category_count":40,"category_description":"","cat_name":"Diversity, Equity &amp; Inclusion","category_nicename":"diversity-equity-inclusion","category_parent":0},{"term_id":106,"name":"Latin America","slug":"latin-america","term_group":0,"term_taxonomy_id":106,"taxonomy":"category","description":"","parent":0,"count":54,"filter":"raw","cat_ID":106,"category_count":54,"category_description":"","cat_name":"Latin America","category_nicename":"latin-america","category_parent":0},{"term_id":280,"name":"Sustainability","slug":"sustainability","term_group":0,"term_taxonomy_id":280,"taxonomy":"category","description":"","parent":0,"count":130,"filter":"raw","cat_ID":280,"category_count":130,"category_description":"","cat_name":"Sustainability","category_nicename":"sustainability","category_parent":0}],"tag_info":false,"taxonomy_info":{"category":[{"value":1401,"label":"Diversity, Equity &amp; Inclusion"},{"value":106,"label":"Latin America"},{"value":280,"label":"Sustainability"}]},"featured_image_src":null,"featured_image_src_square":null,"mfb_rest_fields":["featured_image_src_large","author_info","comment_info","category_info","tag_info","taxonomy_info","featured_image_src","featured_image_src_square"],"_links":{"self":[{"href":"https:\/\/gbta.org\/pt\/wp-json\/wp\/v2\/posts\/2609","targetHints":{"allow":["GET"]}}],"collection":[{"href":"https:\/\/gbta.org\/pt\/wp-json\/wp\/v2\/posts"}],"about":[{"href":"https:\/\/gbta.org\/pt\/wp-json\/wp\/v2\/types\/post"}],"author":[{"embeddable":true,"href":"https:\/\/gbta.org\/pt\/wp-json\/wp\/v2\/users\/25"}],"replies":[{"embeddable":true,"href":"https:\/\/gbta.org\/pt\/wp-json\/wp\/v2\/comments?post=2609"}],"version-history":[{"count":0,"href":"https:\/\/gbta.org\/pt\/wp-json\/wp\/v2\/posts\/2609\/revisions"}],"wp:attachment":[{"href":"https:\/\/gbta.org\/pt\/wp-json\/wp\/v2\/media?parent=2609"}],"wp:term":[{"taxonomy":"category","embeddable":true,"href":"https:\/\/gbta.org\/pt\/wp-json\/wp\/v2\/categories?post=2609"},{"taxonomy":"post_tag","embeddable":true,"href":"https:\/\/gbta.org\/pt\/wp-json\/wp\/v2\/tags?post=2609"}],"curies":[{"name":"wp","href":"https:\/\/api.w.org\/{rel}","templated":true}]}}