{"id":2615,"date":"2021-10-26T10:01:00","date_gmt":"2021-10-26T14:01:00","guid":{"rendered":"https:\/\/gbta.org\/check-in-with-suzanne-34\/"},"modified":"2022-09-29T09:41:52","modified_gmt":"2022-09-29T13:41:52","slug":"check-in-with-suzanne-34","status":"publish","type":"post","link":"https:\/\/gbta.org\/pt\/check-in-with-suzanne-34\/","title":{"rendered":"Check-in com Suzanne"},"content":{"rendered":"<p><span data-contrast=\"none\">O que voc\u00ea valoriza? Com o que voc\u00ea se preocupa? Estamos ouvindo. Recentemente, mais de 500 membros fizeram ouvir suas vozes em uma pesquisa sobre a participa\u00e7\u00e3o presencial na Conven\u00e7\u00e3o GBTA no pr\u00f3ximo m\u00eas. Muitos compartilharam seu entusiasmo:&nbsp;<\/span><span data-ccp-props=\"{&quot;201341983&quot;:0,&quot;335559739&quot;:160,&quot;335559740&quot;:240}\">&nbsp;<\/span><\/p>\n<ul>\n<li data-leveltext=\"\uf0b7\" data-font=\"Symbol\" data-listid=\"8\" data-aria-posinset=\"1\" data-aria-level=\"1\"><span data-contrast=\"none\">\u201cPreciso me conectar pessoalmente com meus clientes potenciais e parceiros e impulsionar os neg\u00f3cios.\u201d<\/span><span data-ccp-props=\"{&quot;134233279&quot;:true,&quot;201341983&quot;:0,&quot;335559739&quot;:160,&quot;335559740&quot;:240}\">&nbsp;<\/span><\/li>\n<li data-leveltext=\"\uf0b7\" data-font=\"Symbol\" data-listid=\"8\" data-aria-posinset=\"2\" data-aria-level=\"1\"><span data-contrast=\"none\">\u201cVoltando a viajar e vendo o que as sess\u00f5es de discuss\u00e3o oferecer\u00e3o enquanto trabalhamos para encontrar nosso novo normal nas viagens de neg\u00f3cios.\u201d&nbsp;<\/span><span data-ccp-props=\"{&quot;134233279&quot;:true,&quot;201341983&quot;:0,&quot;335559739&quot;:160,&quot;335559740&quot;:240}\">&nbsp;<\/span><\/li>\n<li data-leveltext=\"\uf0b7\" data-font=\"Symbol\" data-listid=\"8\" data-aria-posinset=\"3\" data-aria-level=\"1\"><span data-contrast=\"none\">\u201c\u00c9 hora de ver nossa ind\u00fastria come\u00e7ar a florescer mais uma vez e, se n\u00e3o puder come\u00e7ar na GBTA, onde mais poder\u00e1?<\/span><span data-ccp-props=\"{&quot;134233279&quot;:true,&quot;201341983&quot;:0,&quot;335559739&quot;:160,&quot;335559740&quot;:240}\">&nbsp;<\/span><\/li>\n<li data-leveltext=\"\uf0b7\" data-font=\"Symbol\" data-listid=\"8\" data-aria-posinset=\"4\" data-aria-level=\"1\"><span data-contrast=\"none\">\u201cReunindo-me pessoalmente com colegas e em sess\u00f5es educacionais presenciais, aproveito ao m\u00e1ximo o aprendizado presencial - talvez porque estou virtualmente FORA!\u201d<\/span><span data-contrast=\"none\">\u202f<\/span><span data-ccp-props=\"{&quot;134233279&quot;:true,&quot;201341983&quot;:0,&quot;335559739&quot;:160,&quot;335559740&quot;:240}\">&nbsp;<\/span><\/li>\n<\/ul>\n<p><span data-contrast=\"none\">Tamb\u00e9m ouvimos com aten\u00e7\u00e3o aqueles que n\u00e3o comparecer\u00e3o \u00e0 Conven\u00e7\u00e3o este ano:<\/span><span data-ccp-props=\"{&quot;201341983&quot;:0,&quot;335559739&quot;:160,&quot;335559740&quot;:240}\">&nbsp;<\/span><\/p>\n<ul>\n<li data-leveltext=\"\uf0b7\" data-font=\"Symbol\" data-listid=\"9\" data-aria-posinset=\"5\" data-aria-level=\"1\"><span data-contrast=\"none\">\u201cFui inscrito neste evento, mas minha empresa ainda s\u00f3 permite viagens essenciais.\u201d<\/span><span data-ccp-props=\"{&quot;134233279&quot;:true,&quot;201341983&quot;:0,&quot;335559739&quot;:160,&quot;335559740&quot;:240}\">&nbsp;<\/span><\/li>\n<li data-leveltext=\"\uf0b7\" data-font=\"Symbol\" data-listid=\"9\" data-aria-posinset=\"6\" data-aria-level=\"1\"><span data-contrast=\"none\">\u201cMinha raz\u00e3o para n\u00e3o comparecer pessoalmente \u00e9 puramente devido a restri\u00e7\u00f5es or\u00e7ament\u00e1rias.\u201d<\/span><span data-contrast=\"none\">&nbsp;\u202f<\/span><span data-ccp-props=\"{&quot;134233279&quot;:true,&quot;201341983&quot;:0,&quot;335559739&quot;:160,&quot;335559740&quot;:240}\">&nbsp;<\/span><\/li>\n<li data-leveltext=\"\uf0b7\" data-font=\"Symbol\" data-listid=\"9\" data-aria-posinset=\"7\" data-aria-level=\"1\"><span data-contrast=\"none\">\u201cN\u00e3o estamos fora de perigo com a Covid. N\u00e3o acho que grandes reuni\u00f5es sejam seguras ainda.\u201d<\/span><span data-ccp-props=\"{&quot;134233279&quot;:true,&quot;201341983&quot;:0,&quot;335559739&quot;:160,&quot;335559740&quot;:240}\">&nbsp;<\/span><\/li>\n<\/ul>\n<p><span data-contrast=\"none\">Muitos tamb\u00e9m aplaudiram os protocolos de seguran\u00e7a em vigor na Conven\u00e7\u00e3o, enquanto poucos queriam que abandon\u00e1ssemos a exig\u00eancia da m\u00e1scara. Alguns queriam que exig\u00edssemos vacinas, mas isso n\u00e3o est\u00e1 ao nosso alcance. Nosso&nbsp;<\/span><span data-contrast=\"none\">uma associa\u00e7\u00e3o global diversificada e engajada faz parte do que diferencia a GBTA. Como membro, sua voz \u00e9 sempre ouvida. \u00c9 tamb\u00e9m o que informa os nossos esfor\u00e7os de Advocacy.<\/span><span data-ccp-props=\"{&quot;201341983&quot;:0,&quot;335559739&quot;:160,&quot;335559740&quot;:240}\">&nbsp;<\/span><\/p>\n<p><span data-contrast=\"none\">Todos os dias estamos empenhados em ajudar a fazer com que as viagens de neg\u00f3cios voltem a ser uma ind\u00fastria de $1,4 bili\u00f5es. Especialmente tendo em conta os tempos din\u00e2micos em que vivemos, tamb\u00e9m tomamos cuidado para n\u00e3o permitir que o bom se torne inimigo do perfeito. A voz dos membros da GBTA \u00e9 importante \u2013 desde contributos importantes para os decisores pol\u00edticos at\u00e9 aos nossos esfor\u00e7os globais como Associa\u00e7\u00e3o. E ser ouvido tamb\u00e9m significa&nbsp;<\/span><span data-contrast=\"none\">continuando a priorizar a comunica\u00e7\u00e3o transparente entre funcion\u00e1rios, nossos volunt\u00e1rios e membros.<\/span><span data-ccp-props=\"{&quot;201341983&quot;:0,&quot;335559739&quot;:160,&quot;335559740&quot;:240}\">&nbsp;<\/span><\/p>\n<p><span data-contrast=\"none\">As taxas de vacina\u00e7\u00e3o continuam a aumentar, as restri\u00e7\u00f5es fronteiri\u00e7as est\u00e3o a ser levantadas e as viagens de neg\u00f3cios est\u00e3o a aumentar. Se voc\u00ea e seus clientes estiverem voltando para l\u00e1, lembre-se de que voc\u00ea pode encontrar informa\u00e7\u00f5es sobre viagens e restri\u00e7\u00f5es de sa\u00fade para qualquer viagem ao redor do mundo visitando nosso&nbsp;<\/span><a href=\"https:\/\/gbta.org\/pt\/\"><span data-contrast=\"none\">local na rede Internet<\/span><\/a><span data-contrast=\"none\">&nbsp;e usando&nbsp;<\/span><a href=\"https:\/\/apply.joinsherpa.com\/map?affiliateId=americanairlines\"><span data-contrast=\"none\">a ferramenta de planejamento de viagens desenvolvida pela Sherpa<\/span><\/a><span data-contrast=\"none\">, oferecido a voc\u00ea em parceria pela American Airlines e GBTA. Para tornar ainda mais f\u00e1cil, confira este novo f\u00e1cil&nbsp;<\/span><a href=\"https:\/\/youtu.be\/6H4W_GqsG_A\"><span data-contrast=\"none\">v\u00eddeo tutorial<\/span><\/a><span data-contrast=\"none\">. Estou usando a ferramenta Sherpa na minha viagem de Nova York \u00e0 Alemanha em dezembro para participar do nosso evento GBTA em Berlim. Estou animado com mais viagens de neg\u00f3cios, mais conex\u00f5es e mais chances de ouvir.<\/span><span data-ccp-props=\"{&quot;201341983&quot;:0,&quot;335559739&quot;:160,&quot;335559740&quot;:240}\">&nbsp;<\/span><\/p>\n<p><span data-contrast=\"none\">Suzanne<\/span><span data-ccp-props=\"{&quot;201341983&quot;:0,&quot;335559739&quot;:160,&quot;335559740&quot;:240}\">&nbsp;<\/span><\/p>\n<p><span data-ccp-props=\"{&quot;201341983&quot;:0,&quot;335559739&quot;:160,&quot;335559740&quot;:259}\">&nbsp;<\/span><\/p>\n<p><span style=\"text-decoration: underline\"><b>Not\u00edcias para saber<\/b>&nbsp;<\/span><\/p>\n<p><b><span data-contrast=\"auto\">Perguntas respondidas sobre o novo passaporte de vacina do Canad\u00e1 para viagens internacionais<\/span><\/b><span data-ccp-props=\"{&quot;201341983&quot;:0,&quot;335559739&quot;:160,&quot;335559740&quot;:259}\">&nbsp;<\/span><\/p>\n<p><span data-contrast=\"auto\">Todas as prov\u00edncias e territ\u00f3rios concordaram em conformar-se a um&nbsp;<\/span><a href=\"https:\/\/www.travelweek.ca\/news\/questions-answered-about-canadas-new-vaccine-passport-for-international-travel\/\"><span data-contrast=\"none\">padr\u00e3o nacional para documentos comprovativos de vacina<\/span><\/a><span data-contrast=\"auto\">. Com um documento padronizado, ser\u00e1 mais f\u00e1cil para as autoridades de viagens nacionais e estrangeiras verificarem a situa\u00e7\u00e3o vacinal dos canadenses.<\/span><span data-ccp-props=\"{&quot;201341983&quot;:0,&quot;335559739&quot;:160,&quot;335559740&quot;:259}\">&nbsp;<\/span><\/p>\n<p><b><span data-contrast=\"auto\">Argentina elimina cotas de entrada para viajantes que chegam de avi\u00e3o<\/span><\/b><span data-ccp-props=\"{&quot;201341983&quot;:0,&quot;335559739&quot;:160,&quot;335559740&quot;:259}\">&nbsp;<\/span><\/p>\n<p><span data-contrast=\"auto\">Os limites de entrada para passageiros a\u00e9reos que chegam \u00e0 Argentina foram eliminados recentemente, e em apenas duas semanas o pa\u00eds atingiu metade da sua popula\u00e7\u00e3o totalmente vacinada. Foi anunciado por&nbsp;<\/span><a href=\"https:\/\/www.batimes.com.ar\/news\/argentina\/argentina-finally-scraps-entry-quotas-for-travellers-arriving-by-air.phtml\"><span data-contrast=\"none\">um comunicado oficial da ANAC<\/span><\/a><span data-contrast=\"auto\">&nbsp;(Administraci\u00f3n Nacional de Aviaci\u00f3n Civil), \u201cDe acordo com o estabelecido pela Decis\u00e3o Administrativa 951\/21 (de 1\u00ba de outubro), a partir de hoje n\u00e3o haver\u00e1 limite de qualquer esp\u00e9cie para quem chega a este pa\u00eds por via a\u00e9rea.\u201d<\/span><span data-ccp-props=\"{&quot;201341983&quot;:0,&quot;335559739&quot;:160,&quot;335559740&quot;:259}\">&nbsp;<\/span><\/p>\n<p><b><span data-contrast=\"auto\">Sixt adiciona carros h\u00edbridos e el\u00e9tricos \u00e0s op\u00e7\u00f5es de passeio<\/span><\/b><span data-ccp-props=\"{&quot;201341983&quot;:0,&quot;335559739&quot;:160,&quot;335559740&quot;:259}\">&nbsp;<\/span><\/p>\n<p><span data-contrast=\"auto\">\u00c0 medida que a sustentabilidade continua a ter uma import\u00e2ncia crescente no espa\u00e7o das viagens de neg\u00f3cios, a especialista em mobilidade Sixt adicionou agora&nbsp;<\/span><a href=\"https:\/\/www.businesstravelnewseurope.com\/Ground-Transport\/Sixt-adds-hybrid-and-electric-cars-to-ride-options\"><span data-contrast=\"none\">ve\u00edculos h\u00edbridos e el\u00e9tricos<\/span><\/a><span data-contrast=\"auto\">&nbsp;\u00e0s suas op\u00e7\u00f5es de reserva, oferecendo aos passageiros uma alternativa de baixo carbono.&nbsp;<\/span><span data-ccp-props=\"{&quot;201341983&quot;:0,&quot;335559739&quot;:160,&quot;335559740&quot;:259}\">&nbsp;<\/span><\/p>\n<p><b><span data-contrast=\"auto\">Novas regras de viagem dos EUA pro\u00edbem sobreviventes estrangeiros da Covid com uma \u00fanica dose<\/span><\/b><span data-ccp-props=\"{&quot;201341983&quot;:0,&quot;335559739&quot;:160,&quot;335559740&quot;:259}\">&nbsp;<\/span><\/p>\n<p><span data-contrast=\"auto\">o&nbsp;<\/span><a href=\"https:\/\/www.moneyweb.co.za\/news\/international\/new-us-travel-rules-bar-foreign-covid-survivors-with-one-shot\/\"><span data-contrast=\"none\">nova pol\u00edtica de viagens nos EUA<\/span><\/a><span data-contrast=\"auto\">&nbsp;bloquear\u00e1 viajantes estrangeiros que se recuperaram da Covid-19 e depois receberam uma dose de vacinas de duas doses, apesar de ser um padr\u00e3o que a Fran\u00e7a e a Comiss\u00e3o Europeia consideram a vacina\u00e7\u00e3o completa.<\/span><span data-ccp-props=\"{&quot;201341983&quot;:0,&quot;335551550&quot;:1,&quot;335551620&quot;:1,&quot;335559739&quot;:160,&quot;335559740&quot;:259}\">&nbsp;<\/span><\/p>\n<p><span data-ccp-props=\"{&quot;201341983&quot;:0,&quot;335559739&quot;:160,&quot;335559740&quot;:259}\">&nbsp;<\/span><\/p>\n<p><span style=\"text-decoration: underline\"><b>Not\u00edcias e lembretes GBTA<\/b>&nbsp;<\/span><\/p>\n<p><b><span data-contrast=\"none\">Preparar. Seguro. Viagem. S\u00e9rie de workshops<\/span><\/b><span data-ccp-props=\"{&quot;201341983&quot;:0,&quot;335559739&quot;:160,&quot;335559740&quot;:259}\">&nbsp;<\/span><\/p>\n<p><span data-contrast=\"none\">O primeiro evento presencial da GBTA Canad\u00e1, Ready. Seguro. Viagem. Canada Workshop Series estreou em Vancouver em 19 de outubro<\/span><span data-contrast=\"none\">\u00ba<\/span><span data-contrast=\"none\">&nbsp;e em Montreal em 26 de outubro. Os participantes desempenharam um papel importante na restaura\u00e7\u00e3o das viagens de neg\u00f3cios e reuni\u00f5es no Canad\u00e1. O programa \u00e9 um workshop de dia inteiro que abrange seis \u00e1reas principais das viagens de neg\u00f3cios para analisar o que n\u00e3o \u00e9 mais aplic\u00e1vel e, em seguida, reconstruir esses aspectos para que sua empresa, seus viajantes e sua pol\u00edtica reflitam com precis\u00e3o as melhores pr\u00e1ticas de viagens e reuni\u00f5es para o futuro p\u00f3s-pandemia.<\/span><br \/>\n<span data-contrast=\"none\">O Pronto. Seguro. Viagem. A S\u00e9rie de Workshops do Canad\u00e1 avan\u00e7a para&nbsp;<\/span><span data-contrast=\"none\">Toronto em 28 de outubro pr\u00f3ximo<\/span><span data-contrast=\"none\">.<\/span><span data-ccp-props=\"{&quot;201341983&quot;:0,&quot;335559739&quot;:160,&quot;335559740&quot;:259}\">&nbsp;<\/span><\/p>\n<p><b><span data-contrast=\"none\">WINiT com patrim\u00f4nio<\/span><\/b><span data-ccp-props=\"{&quot;201341983&quot;:0,&quot;335551550&quot;:1,&quot;335551620&quot;:1,&quot;335559739&quot;:160,&quot;335559740&quot;:259}\">&nbsp;<\/span><\/p>\n<p><span data-contrast=\"none\">Aprenda como fazer da Diversidade, Equidade e Inclus\u00e3o uma prioridade m\u00e1xima em sua empresa, inclusive aprofundando a discuss\u00e3o com&nbsp;<\/span><a href=\"https:\/\/gbta.org\/pt\/calendar\/all-programs\/eventid\/1205\/e\/winit-with-equity-27-oct-2021\/\"><span data-contrast=\"none\">melhores pr\u00e1ticas e estrat\u00e9gias comprovadas<\/span><\/a><span data-contrast=\"none\">&nbsp;com a apresentadora Malaika Myers e as palestrantes Tracy Mercer e Aileen Furlong.<\/span><span data-ccp-props=\"{&quot;201341983&quot;:0,&quot;335559739&quot;:160,&quot;335559740&quot;:259}\">&nbsp;<\/span><\/p>\n<p><span data-ccp-props=\"{&quot;201341983&quot;:0,&quot;335559739&quot;:160,&quot;335559740&quot;:259}\">&nbsp;<\/span><\/p>\n<p><span data-ccp-props=\"{&quot;201341983&quot;:0,&quot;335559739&quot;:160,&quot;335559740&quot;:259}\">&nbsp;<\/span><\/p>\n<p><span data-ccp-props=\"{&quot;201341983&quot;:0,&quot;335559739&quot;:160,&quot;335559740&quot;:259}\">&nbsp;<\/span><\/p>","protected":false},"excerpt":{"rendered":"<p>O que voc\u00ea valoriza? Com o que voc\u00ea se preocupa? Estamos ouvindo. Recentemente, mais de 500 membros fizeram suas vozes serem ouvidas em uma pesquisa sobre a participa\u00e7\u00e3o presencial na Conven\u00e7\u00e3o GBTA no pr\u00f3ximo m\u00eas. Muitos compartilharam seu entusiasmo: \u201cPreciso me conectar pessoalmente com meus clientes potenciais e parceiros e impulsionar os neg\u00f3cios\u201d. \u201cVoltar a viajar e ver o que as sess\u00f5es de breakout v\u00e3o oferecer enquanto trabalhamos para encontrar nossos\u2026<\/p>","protected":false},"author":25,"featured_media":0,"comment_status":"open","ping_status":"open","sticky":false,"template":"","format":"standard","meta":{"_acf_changed":false,"_seopress_robots_primary_cat":"none","_seopress_titles_title":"","_seopress_titles_desc":"","_seopress_robots_index":"","om_disable_all_campaigns":false,"_relevanssi_hide_post":"","_relevanssi_hide_content":"","_relevanssi_pin_for_all":"","_relevanssi_pin_keywords":"","_relevanssi_unpin_keywords":"","_relevanssi_related_keywords":"","_relevanssi_related_include_ids":"","_relevanssi_related_exclude_ids":"","_relevanssi_related_no_append":"","_relevanssi_related_not_related":"","_relevanssi_related_posts":"2477,1439,2017,1620,1171,2480","_relevanssi_noindex_reason":"","_kad_blocks_custom_css":"","_kad_blocks_head_custom_js":"","_kad_blocks_body_custom_js":"","_kad_blocks_footer_custom_js":"","_kad_post_transparent":"","_kad_post_title":"","_kad_post_layout":"","_kad_post_sidebar_id":"","_kad_post_content_style":"","_kad_post_vertical_padding":"","_kad_post_feature":"","_kad_post_feature_position":"","_kad_post_header":false,"_kad_post_footer":false,"footnotes":"","_links_to":"","_links_to_target":""},"categories":[1401,280],"tags":[1450],"class_list":["post-2615","post","type-post","status-publish","format-standard","hentry","category-diversity-equity-inclusion","category-sustainability","tag-check-in-with-suzanne"],"acf":[],"featured_image_src_large":false,"author_info":{"display_name":"jcampbell","author_link":"https:\/\/gbta.org\/pt\/author\/jcampbell\/"},"comment_info":"","category_info":[{"term_id":1401,"name":"Diversity, Equity &amp; Inclusion","slug":"diversity-equity-inclusion","term_group":0,"term_taxonomy_id":1401,"taxonomy":"category","description":"","parent":0,"count":40,"filter":"raw","cat_ID":1401,"category_count":40,"category_description":"","cat_name":"Diversity, Equity &amp; Inclusion","category_nicename":"diversity-equity-inclusion","category_parent":0},{"term_id":280,"name":"Sustainability","slug":"sustainability","term_group":0,"term_taxonomy_id":280,"taxonomy":"category","description":"","parent":0,"count":130,"filter":"raw","cat_ID":280,"category_count":130,"category_description":"","cat_name":"Sustainability","category_nicename":"sustainability","category_parent":0}],"tag_info":[{"term_id":1450,"name":"Check-in with Suzanne","slug":"check-in-with-suzanne","term_group":0,"term_taxonomy_id":1450,"taxonomy":"post_tag","description":"","parent":0,"count":47,"filter":"raw"}],"taxonomy_info":{"category":[{"value":1401,"label":"Diversity, Equity &amp; Inclusion"},{"value":280,"label":"Sustainability"}],"post_tag":[{"value":1450,"label":"Check-in with Suzanne"}]},"featured_image_src":null,"featured_image_src_square":null,"mfb_rest_fields":["featured_image_src_large","author_info","comment_info","category_info","tag_info","taxonomy_info","featured_image_src","featured_image_src_square"],"_links":{"self":[{"href":"https:\/\/gbta.org\/pt\/wp-json\/wp\/v2\/posts\/2615","targetHints":{"allow":["GET"]}}],"collection":[{"href":"https:\/\/gbta.org\/pt\/wp-json\/wp\/v2\/posts"}],"about":[{"href":"https:\/\/gbta.org\/pt\/wp-json\/wp\/v2\/types\/post"}],"author":[{"embeddable":true,"href":"https:\/\/gbta.org\/pt\/wp-json\/wp\/v2\/users\/25"}],"replies":[{"embeddable":true,"href":"https:\/\/gbta.org\/pt\/wp-json\/wp\/v2\/comments?post=2615"}],"version-history":[{"count":0,"href":"https:\/\/gbta.org\/pt\/wp-json\/wp\/v2\/posts\/2615\/revisions"}],"wp:attachment":[{"href":"https:\/\/gbta.org\/pt\/wp-json\/wp\/v2\/media?parent=2615"}],"wp:term":[{"taxonomy":"category","embeddable":true,"href":"https:\/\/gbta.org\/pt\/wp-json\/wp\/v2\/categories?post=2615"},{"taxonomy":"post_tag","embeddable":true,"href":"https:\/\/gbta.org\/pt\/wp-json\/wp\/v2\/tags?post=2615"}],"curies":[{"name":"wp","href":"https:\/\/api.w.org\/{rel}","templated":true}]}}