{"id":2618,"date":"2021-11-09T10:01:00","date_gmt":"2021-11-09T15:01:00","guid":{"rendered":"https:\/\/gbta.org\/check-in-with-suzanne-36\/"},"modified":"2022-09-29T09:37:15","modified_gmt":"2022-09-29T13:37:15","slug":"check-in-with-suzanne-36","status":"publish","type":"post","link":"https:\/\/gbta.org\/pt\/check-in-with-suzanne-36\/","title":{"rendered":"Check-in com Suzanne"},"content":{"rendered":"<p><span data-contrast=\"auto\">Ser um profissional de eventos, confer\u00eancias ou reuni\u00f5es \u00e9 uma fun\u00e7\u00e3o especialmente desafiadora nos dias de hoje. Na GBTA entendemos em primeira m\u00e3o o que o setor de Reuni\u00f5es, Incentivos, Confer\u00eancias e Eventos (MICE) vem navegando.&nbsp;<\/span><span data-ccp-props=\"{&quot;201341983&quot;:0,&quot;335559739&quot;:160,&quot;335559740&quot;:259}\">&nbsp;<\/span><\/p>\n<p><span data-contrast=\"none\">A nossa tarefa tem sido reiniciar as nossas pr\u00f3prias confer\u00eancias presenciais agora no quarto trimestre numa base regional \u2013 incluindo no Canad\u00e1, nos EUA e na Europa \u2013 bem como planear para 2022 o rein\u00edcio das reuni\u00f5es tem\u00e1ticas que foram suspensas durante mais de dois anos. H\u00e1 muita procura reprimida para aprender e partilhar as melhores pr\u00e1ticas lado a lado, e um aumento cont\u00ednuo e constante das taxas de vacina\u00e7\u00e3o em v\u00e1rias regi\u00f5es permitir\u00e1 \u00e0 nossa ind\u00fastria trazer de volta estes eventos presenciais com seguran\u00e7a.&nbsp;&nbsp;&nbsp;<\/span><span data-ccp-props=\"{&quot;201341983&quot;:0,&quot;335559739&quot;:160,&quot;335559740&quot;:259}\">&nbsp;<\/span><\/p>\n<p><span data-contrast=\"none\">O regresso de eventos de grupos especialmente grandes ficou atr\u00e1s de outras \u00e1reas de recupera\u00e7\u00e3o das viagens de neg\u00f3cios nos \u00faltimos dois a tr\u00eas meses, e a transmiss\u00e3o da COVID, as taxas de vacina\u00e7\u00e3o, o regresso aos escrit\u00f3rios e as pol\u00edticas de viagens empresariais s\u00e3o apenas alguns dos obst\u00e1culos.&nbsp;<\/span><span data-contrast=\"auto\">Embora pesquisas recentes mostrem consistentemente que os funcion\u00e1rios est\u00e3o dispostos a viajar, no&nbsp;<\/span><a href=\"https:\/\/gbta.org\/pt\/research-tools\/covid-19-member-polls\/\"><span data-contrast=\"none\">Enquete GBTA de setembro<\/span><\/a><span data-contrast=\"auto\">, as empresas relataram que cancelaram ou suspenderam viagens de neg\u00f3cios devido \u00e0 pandemia para grandes confer\u00eancias presenciais com 500 ou mais participantes (81%), eventos de m\u00e9dio porte com 50 ou mais pessoas (74%) e at\u00e9 reuni\u00f5es de colabora\u00e7\u00e3o interna (69%).<\/span><span data-ccp-props=\"{&quot;134233117&quot;:true,&quot;134233118&quot;:true,&quot;201341983&quot;:0,&quot;335559740&quot;:240}\">&nbsp;<\/span><\/p>\n<p><span data-contrast=\"auto\">Mas tamb\u00e9m h\u00e1 sinais de recupera\u00e7\u00e3o. Em Outubro, 77% dos entrevistados indicaram que uma redu\u00e7\u00e3o global nas taxas de transmiss\u00e3o da COVID em locais onde realizariam ou participariam em reuni\u00f5es aumentaria o volume de viagens de neg\u00f3cios. E 69% disse que apoia a vacina\u00e7\u00e3o completa para participar de confer\u00eancias, reuni\u00f5es e eventos maiores.<\/span><span data-ccp-props=\"{&quot;134233117&quot;:true,&quot;134233118&quot;:true,&quot;201341983&quot;:0,&quot;335559740&quot;:240}\">&nbsp;<\/span><\/p>\n<p><span data-contrast=\"none\">A reabertura de escrit\u00f3rios \u00e9 um fator significativo quando se trata do retorno de reuni\u00f5es menores e de equipe \u2013 ter um local \u201cnormal\u201d para reuni\u00f5es, como um campus corporativo, \u00e9 muito mais importante do que ter\u00edamos imaginado em nosso setor. Na nossa sondagem mais recente, um ter\u00e7o dos inquiridos afirmou que os seus escrit\u00f3rios n\u00e3o tinham reaberto em grande parte e alguns relataram encerramentos permanentes.<\/span><span data-ccp-props=\"{&quot;201341983&quot;:2,&quot;335559739&quot;:160,&quot;335559740&quot;:231}\">&nbsp;<\/span><\/p>\n<p><span data-contrast=\"auto\">Se voc\u00ea estiver indo para reuni\u00f5es ou eventos, e especialmente se estiver viajando internacionalmente, certifique-se de estar totalmente informado antes de viajar. A ferramenta de viagens Sherpa + American Airlines no&nbsp;<\/span><a href=\"https:\/\/gbta.org\/pt\/sherpa-american-airlines-travel-restrictions-map\/\"><span data-contrast=\"none\">Site do GBTA<\/span><\/a><span data-contrast=\"auto\">&nbsp;\u00e9 o seu guia para obter a documenta\u00e7\u00e3o de viagem correta e compreender os requisitos atualizados em um ambiente de viagem em constante mudan\u00e7a.<\/span><span data-ccp-props=\"{&quot;134233117&quot;:true,&quot;134233118&quot;:true,&quot;201341983&quot;:0,&quot;335559740&quot;:240}\">&nbsp;<\/span><\/p>\n<p><span data-contrast=\"auto\">Falaremos com voc\u00ea na pr\u00f3xima semana de Orlando.<\/span><span data-ccp-props=\"{&quot;201341983&quot;:0,&quot;335559739&quot;:160,&quot;335559740&quot;:259}\">&nbsp;<\/span><\/p>\n<p><span data-contrast=\"auto\">Suzanne<\/span><span data-ccp-props=\"{&quot;201341983&quot;:0,&quot;335559739&quot;:160,&quot;335559740&quot;:259}\">&nbsp;<\/span><\/p>\n<p>&nbsp;<\/p>\n<p><span style=\"text-decoration: underline\"><b>Not\u00edcias para saber<\/b>&nbsp;<\/span><\/p>\n<p><b><span data-contrast=\"auto\">IAG experimentando recupera\u00e7\u00e3o significativa com resultados financeiros do terceiro trimestre<\/span><\/b><span data-ccp-props=\"{&quot;201341983&quot;:0,&quot;335551550&quot;:1,&quot;335551620&quot;:1,&quot;335559739&quot;:160,&quot;335559740&quot;:259}\">&nbsp;<\/span><\/p>\n<p><span data-contrast=\"auto\">O International Airlines Group, que inclui British Airways, Iberia e Aer Lingus, relatou um&nbsp;<\/span><span data-contrast=\"none\">\u20ac<\/span><span data-contrast=\"auto\">Perda de 432 milh\u00f5es no terceiro trimestre, que foi reduzida pela metade em compara\u00e7\u00e3o aos trimestres anteriores.&nbsp;<\/span><a href=\"https:\/\/www.businesstravelnewseurope.com\/Air-Travel\/IAG-Significant-recovery-underway\"><span data-contrast=\"none\">O IAG tamb\u00e9m viu um aumento<\/span><\/a><span data-contrast=\"auto\">&nbsp;capacidade de passageiros e prev\u00ea que esse crescimento continue at\u00e9 o final do ano.<\/span><span data-ccp-props=\"{&quot;201341983&quot;:0,&quot;335551550&quot;:1,&quot;335551620&quot;:1,&quot;335559739&quot;:160,&quot;335559740&quot;:259}\">&nbsp;<\/span><\/p>\n<p><b><span data-contrast=\"auto\">OSHA publica padr\u00e3o tempor\u00e1rio de emerg\u00eancia ap\u00f3s mandato de vacina<\/span><\/b><span data-ccp-props=\"{&quot;201341983&quot;:0,&quot;335551550&quot;:1,&quot;335551620&quot;:1,&quot;335559739&quot;:160,&quot;335559740&quot;:259}\">&nbsp;<\/span><\/p>\n<p><span data-contrast=\"auto\">Seguindo um mandato estabelecido em ordens executivas pelo presidente Joe Biden,&nbsp;<\/span><a href=\"https:\/\/www.businesstravelnews.com\/Management\/OSHA-Publishes-Employee-Vaccination-Requirements\"><span data-contrast=\"none\">Padr\u00e3o tempor\u00e1rio de emerg\u00eancia da OSHA<\/span><\/a><span data-contrast=\"auto\">&nbsp;agora exige que as empresas dos EUA com 100 ou mais funcion\u00e1rios se certifiquem de que sua for\u00e7a de trabalho esteja totalmente vacinada ou com teste negativo pelo menos uma vez por semana.&nbsp;<\/span><span data-ccp-props=\"{&quot;201341983&quot;:0,&quot;335551550&quot;:1,&quot;335551620&quot;:1,&quot;335559739&quot;:160,&quot;335559740&quot;:259}\">&nbsp;<\/span><\/p>\n<p><b><span data-contrast=\"auto\">Ind\u00fastria de avia\u00e7\u00e3o canadense: as \u00faltimas atualiza\u00e7\u00f5es em meio \u00e0 pandemia de coronav\u00edrus<\/span><\/b><span data-ccp-props=\"{&quot;201341983&quot;:0,&quot;335551550&quot;:1,&quot;335551620&quot;:1,&quot;335559739&quot;:160,&quot;335559740&quot;:259}\">&nbsp;<\/span><\/p>\n<p><span data-contrast=\"auto\">Acompanhe o&nbsp;<\/span><a href=\"https:\/\/www.travelweek.ca\/news\/air-canada-westjet-transat-sunwing-and-more-the-latest-updates-amid-the-coronavirus-pandemic\/\"><span data-contrast=\"none\">\u00faltimas atualiza\u00e7\u00f5es de not\u00edcias sobre companhias a\u00e9reas canadenses<\/span><\/a><span data-contrast=\"auto\">&nbsp;incluindo a programa\u00e7\u00e3o dom\u00e9stica de ver\u00e3o da Air Canada, a Flair Airlines expandindo sua rede, a WestJet retomando mais voos e muito mais.&nbsp;<\/span><span data-ccp-props=\"{&quot;201341983&quot;:0,&quot;335551550&quot;:1,&quot;335551620&quot;:1,&quot;335559739&quot;:160,&quot;335559740&quot;:259}\">&nbsp;<\/span><\/p>\n<p><b><span data-contrast=\"auto\">Avianca espera sair do Cap\u00edtulo 11 at\u00e9 o final de 2021<\/span><\/b><span data-ccp-props=\"{&quot;201341983&quot;:0,&quot;335551550&quot;:1,&quot;335551620&quot;:1,&quot;335559739&quot;:160,&quot;335559740&quot;:259}\">&nbsp;<\/span><\/p>\n<p><span data-contrast=\"auto\">A Avianca anunciou recentemente a aprova\u00e7\u00e3o do Plano de Reorganiza\u00e7\u00e3o da Empresa pelo Distrito Sul de Nova York e agora espera concluir sua sa\u00edda do Cap\u00edtulo 11 antes do final do ano. Rohit Philip, diretor financeiro da Avianca, disse: \u201cEstamos satisfeitos por ter alcan\u00e7ado este importante marco que nos permitir\u00e1 emergir como uma organiza\u00e7\u00e3o mais forte para voar por muitos anos\u201d.<\/span><span data-ccp-props=\"{&quot;201341983&quot;:0,&quot;335551550&quot;:1,&quot;335551620&quot;:1,&quot;335559739&quot;:160,&quot;335559740&quot;:259}\">&nbsp;<\/span><\/p>\n<p><span data-ccp-props=\"{&quot;201341983&quot;:0,&quot;335551550&quot;:1,&quot;335551620&quot;:1,&quot;335559739&quot;:160,&quot;335559740&quot;:259}\">&nbsp;<\/span><\/p>\n<p><span style=\"text-decoration: underline\"><b>Not\u00edcias e lembretes GBTA<\/b>&nbsp;<\/span><\/p>\n<p><b><span data-contrast=\"none\">Bootcamp de gerenciamento de risco de viagem: entendendo e implementando a ISO31030<\/span><\/b><span data-ccp-props=\"{&quot;201341983&quot;:0,&quot;335551550&quot;:1,&quot;335551620&quot;:1,&quot;335559739&quot;:160,&quot;335559740&quot;:259}\">&nbsp;<\/span><\/p>\n<p><span data-contrast=\"none\">Explore o Travel Risk Management no contexto do novo padr\u00e3o ISO 31030 e obtenha as ferramentas e a confian\u00e7a para atualizar e\/ou criar um sistema robusto em sua organiza\u00e7\u00e3o.&nbsp;<\/span><a href=\"https:\/\/gbta.org\/pt\/calendar\/all-programs\/eventid\/1202\/e\/travel-risk-management-bootcamp-understanding-and-implementing-iso31030-14-0-1-dec-2021\/\"><span data-contrast=\"none\">Este curso de um dia<\/span><\/a><span data-contrast=\"none\">, liderado por especialistas em gerenciamento de risco de viagem Global Secure Accreditation em conjunto com GBTA e o Grupo Anvil, foi desenvolvido para fornecer orienta\u00e7\u00e3o pr\u00e1tica a qualquer pessoa envolvida na cria\u00e7\u00e3o e gerenciamento de programas de viagens corporativas.<\/span><span data-ccp-props=\"{&quot;201341983&quot;:0,&quot;335551550&quot;:1,&quot;335551620&quot;:1,&quot;335559739&quot;:160,&quot;335559740&quot;:259}\">&nbsp;<\/span><\/p>\n<p><b><span data-contrast=\"none\">Princ\u00edpios Avan\u00e7ados de Gest\u00e3o de Viagens de Neg\u00f3cios\u2122<\/span><\/b><span data-ccp-props=\"{&quot;201341983&quot;:0,&quot;335551550&quot;:1,&quot;335551620&quot;:1,&quot;335559739&quot;:160,&quot;335559740&quot;:259}\">&nbsp;<\/span><\/p>\n<p><a href=\"https:\/\/gbta.org\/pt\/calendar\/all-programs\/eventid\/1166\/e\/advanced-principles-of-business-travel-management-10-0-5-nov-2021\/\"><span data-contrast=\"none\">Este curso se baseia<\/span><\/a><span data-contrast=\"none\">&nbsp;do curr\u00edculo Fundamentos para ajudar os profissionais de viagens de neg\u00f3cios a aumentar seu conhecimento do setor e, ao mesmo tempo, expandir suas habilidades profissionais. Este curso foi desenvolvido para compradores de viagens que supervisionam um programa gerenciado de viagens de neg\u00f3cios e fornecedores que oferecem produtos e servi\u00e7os relacionados a viagens.<\/span><span data-ccp-props=\"{&quot;201341983&quot;:0,&quot;335551550&quot;:1,&quot;335551620&quot;:1,&quot;335559739&quot;:160,&quot;335559740&quot;:259}\">&nbsp;<\/span><\/p>\n<p><b><span data-contrast=\"none\">Repeti\u00e7\u00e3o da Conven\u00e7\u00e3o GBTA<\/span><\/b><span data-ccp-props=\"{&quot;201341983&quot;:0,&quot;335551550&quot;:1,&quot;335551620&quot;:1,&quot;335559739&quot;:160,&quot;335559740&quot;:259}\">&nbsp;<\/span><\/p>\n<p><span data-contrast=\"none\">N\u00e3o pode ir a Orlando para&nbsp;<\/span><a href=\"https:\/\/www.convention.gbta.org\/?utm_source=CheckInSuzanne&amp;utm_medium=Email&amp;utm_campaign=Convention2021&amp;utm_id=Convention2021\"><span data-contrast=\"none\">Conven\u00e7\u00e3o GBTA<\/span><\/a><span data-contrast=\"none\">? N\u00e3o perca a experi\u00eancia nova e \u00fanica, confira&nbsp;<\/span><a href=\"https:\/\/gbta.org\/pt\/home\/convention-replay\/?_ga=2.47506215.1064344315.1635258174-143742742.1632159933\"><span data-contrast=\"none\">Repeti\u00e7\u00e3o da Conven\u00e7\u00e3o<\/span><\/a><span data-contrast=\"none\">! Com 5 sess\u00f5es de transmiss\u00e3o ao vivo no Main Stage, 25 sess\u00f5es educacionais, conex\u00f5es de expositores virtuais e muito mais, voc\u00ea pode colher o valor da principal reuni\u00e3o do setor de viagens de neg\u00f3cios da maneira certa para voc\u00ea.<\/span><span data-ccp-props=\"{&quot;201341983&quot;:0,&quot;335551550&quot;:1,&quot;335551620&quot;:1,&quot;335559739&quot;:160,&quot;335559740&quot;:259}\">&nbsp;<\/span><\/p>","protected":false},"excerpt":{"rendered":"<p>Ser um profissional de eventos, confer\u00eancias ou reuni\u00f5es \u00e9 um papel especialmente desafiador nos dias de hoje. No GBTA, entendemos em primeira m\u00e3o o que o setor de Reuni\u00f5es, Incentivos, Confer\u00eancias e Eventos (MICE) vem navegando. Nosso prato est\u00e1 cheio, reiniciando nossas pr\u00f3prias confer\u00eancias presenciais agora no quarto trimestre em uma base regional \u2013 incluindo no Canad\u00e1, EUA e Europa \u2013 bem como planejando para 2022 reiniciar as reuni\u00f5es tem\u00e1ticas que foram suspensas por mais de dois anos. H\u00e1 muito recolhimento\u2026<\/p>","protected":false},"author":25,"featured_media":0,"comment_status":"open","ping_status":"open","sticky":false,"template":"","format":"standard","meta":{"_acf_changed":false,"_seopress_robots_primary_cat":"none","_seopress_titles_title":"","_seopress_titles_desc":"","_seopress_robots_index":"","om_disable_all_campaigns":false,"_relevanssi_hide_post":"","_relevanssi_hide_content":"","_relevanssi_pin_for_all":"","_relevanssi_pin_keywords":"","_relevanssi_unpin_keywords":"","_relevanssi_related_keywords":"","_relevanssi_related_include_ids":"","_relevanssi_related_exclude_ids":"","_relevanssi_related_no_append":"","_relevanssi_related_not_related":"","_relevanssi_related_posts":"2477,1439,2017,1620,1171,2480","_relevanssi_noindex_reason":"","_kad_blocks_custom_css":"","_kad_blocks_head_custom_js":"","_kad_blocks_body_custom_js":"","_kad_blocks_footer_custom_js":"","_kad_post_transparent":"","_kad_post_title":"","_kad_post_layout":"","_kad_post_sidebar_id":"","_kad_post_content_style":"","_kad_post_vertical_padding":"","_kad_post_feature":"","_kad_post_feature_position":"","_kad_post_header":false,"_kad_post_footer":false,"footnotes":"","_links_to":"","_links_to_target":""},"categories":[1437,1152,1438],"tags":[1450],"class_list":["post-2618","post","type-post","status-publish","format-standard","hentry","category-covid-19","category-meetings-and-events","category-procurement-and-policy","tag-check-in-with-suzanne"],"acf":[],"featured_image_src_large":false,"author_info":{"display_name":"jcampbell","author_link":"https:\/\/gbta.org\/pt\/author\/jcampbell\/"},"comment_info":"","category_info":[{"term_id":1437,"name":"COVID-19","slug":"covid-19","term_group":0,"term_taxonomy_id":1437,"taxonomy":"category","description":"","parent":0,"count":124,"filter":"raw","cat_ID":1437,"category_count":124,"category_description":"","cat_name":"COVID-19","category_nicename":"covid-19","category_parent":0},{"term_id":1152,"name":"Meetings and Events","slug":"meetings-and-events","term_group":0,"term_taxonomy_id":1152,"taxonomy":"category","description":"","parent":0,"count":56,"filter":"raw","cat_ID":1152,"category_count":56,"category_description":"","cat_name":"Meetings and Events","category_nicename":"meetings-and-events","category_parent":0},{"term_id":1438,"name":"Procurement and Policy","slug":"procurement-and-policy","term_group":0,"term_taxonomy_id":1438,"taxonomy":"category","description":"","parent":0,"count":38,"filter":"raw","cat_ID":1438,"category_count":38,"category_description":"","cat_name":"Procurement and Policy","category_nicename":"procurement-and-policy","category_parent":0}],"tag_info":[{"term_id":1450,"name":"Check-in with Suzanne","slug":"check-in-with-suzanne","term_group":0,"term_taxonomy_id":1450,"taxonomy":"post_tag","description":"","parent":0,"count":47,"filter":"raw"}],"taxonomy_info":{"category":[{"value":1437,"label":"COVID-19"},{"value":1152,"label":"Meetings and Events"},{"value":1438,"label":"Procurement and Policy"}],"post_tag":[{"value":1450,"label":"Check-in with Suzanne"}]},"featured_image_src":null,"featured_image_src_square":null,"mfb_rest_fields":["featured_image_src_large","author_info","comment_info","category_info","tag_info","taxonomy_info","featured_image_src","featured_image_src_square"],"_links":{"self":[{"href":"https:\/\/gbta.org\/pt\/wp-json\/wp\/v2\/posts\/2618","targetHints":{"allow":["GET"]}}],"collection":[{"href":"https:\/\/gbta.org\/pt\/wp-json\/wp\/v2\/posts"}],"about":[{"href":"https:\/\/gbta.org\/pt\/wp-json\/wp\/v2\/types\/post"}],"author":[{"embeddable":true,"href":"https:\/\/gbta.org\/pt\/wp-json\/wp\/v2\/users\/25"}],"replies":[{"embeddable":true,"href":"https:\/\/gbta.org\/pt\/wp-json\/wp\/v2\/comments?post=2618"}],"version-history":[{"count":0,"href":"https:\/\/gbta.org\/pt\/wp-json\/wp\/v2\/posts\/2618\/revisions"}],"wp:attachment":[{"href":"https:\/\/gbta.org\/pt\/wp-json\/wp\/v2\/media?parent=2618"}],"wp:term":[{"taxonomy":"category","embeddable":true,"href":"https:\/\/gbta.org\/pt\/wp-json\/wp\/v2\/categories?post=2618"},{"taxonomy":"post_tag","embeddable":true,"href":"https:\/\/gbta.org\/pt\/wp-json\/wp\/v2\/tags?post=2618"}],"curies":[{"name":"wp","href":"https:\/\/api.w.org\/{rel}","templated":true}]}}