{"id":2620,"date":"2021-11-16T10:01:00","date_gmt":"2021-11-16T15:01:00","guid":{"rendered":"https:\/\/gbta.org\/check-in-with-suzanne-37\/"},"modified":"2022-09-29T09:34:14","modified_gmt":"2022-09-29T13:34:14","slug":"check-in-with-suzanne-37","status":"publish","type":"post","link":"https:\/\/gbta.org\/pt\/check-in-with-suzanne-37\/","title":{"rendered":"Check-in com Suzanne"},"content":{"rendered":"<p>Eu n\u00e3o tinha certeza do que estaria sentindo na v\u00e9spera desta Conven\u00e7\u00e3o GBTA de 2021.<\/p>\n<p>A equipe GBTA est\u00e1 aqui em Orlando, conectando, colaborando e dando os toques finais enquanto nos preparamos para receber milhares de colegas, parceiros e amigos do setor de viagens de neg\u00f3cios ap\u00f3s uma pausa de quase 2 anos e meio por causa da pandemia.<\/p>\n<p>Enquanto caminhamos pelos corredores e trabalhamos juntos como uma equipe, verificamos o espa\u00e7o expositivo, vemos o palco principal subindo e vemos o logotipo do GBTA novamente no Centro de Conven\u00e7\u00f5es, uma palavra vem \u00e0 mente: gratid\u00e3o.<\/p>\n<p>Nossa equipe e eu gostar\u00edamos de estender um grande \u201cobrigado\u201d por nos levar como ind\u00fastria e associa\u00e7\u00e3o do Ponto A ao Ponto B nos \u00faltimos 20 meses.<\/p>\n<p>Afinal, \u00e9 isso que essa grande ind\u00fastria de viagens faz.<\/p>\n<p>E prometemos dar a voc\u00ea o que voc\u00ea precisa aprender, compartilhar e crescer nos pr\u00f3ximos meses e al\u00e9m.<\/p>\n<p>Estamos ansiosos para compartilhar os pr\u00f3ximos dias com muitos de voc\u00eas - no local, bem como aqueles <a href=\"https:\/\/gbta.org\/pt\/home\/convention-replay\/?_ga=2.58725934.2036816986.1637008996-1820023432.1626104215\">juntando-se a n\u00f3s virtualmente<\/a>\u2014 e compartilhar insights, hist\u00f3rias e not\u00edcias \u00e0 medida que acontecem por meio de nossos <a href=\"https:\/\/gbta.org\/pt\/social-sharing\/\">Canais de m\u00eddia social GBTA<\/a>. Vamos criar o que vem a seguir juntos.<\/p>\n<p>Vejo voc\u00ea em breve,<\/p>\n<p>Suzanne<\/p>\n<p>&nbsp;<\/p>\n<p><span style=\"text-decoration: underline\"><b>Not\u00edcias para saber<\/b><\/span><\/p>\n<p><b><span data-contrast=\"auto\">Mais dois navios de cruzeiro retomam a navega\u00e7\u00e3o<\/span><\/b><span data-ccp-props=\"{&quot;201341983&quot;:0,&quot;335551550&quot;:1,&quot;335551620&quot;:1,&quot;335559739&quot;:160,&quot;335559740&quot;:259}\">&nbsp;<\/span><\/p>\n<p><span data-contrast=\"auto\">Ambos&nbsp;<\/span><a href=\"https:\/\/www.businesstravelnewseurope.com\/Air-Travel\/Lufthansa-repays-government-financial-aid\"><span data-contrast=\"none\">Carnival e Norwegian viram navios zarpando<\/span><\/a><span data-contrast=\"auto\">&nbsp;novamente dos portos da Fl\u00f3rida. A NCL continuou seu Great Cruise Comeback com o rein\u00edcio das viagens de Port Canaveral com o Norwegian Escape. O Carnival Pride come\u00e7ou o fim de semana com um evento \u201cBack to Fun\u201d em Tampa, com a presen\u00e7a do capit\u00e3o Rino Costanzo, e mais oficialmente recebeu os primeiros convidados a bordo.<\/span><span data-ccp-props=\"{&quot;201341983&quot;:0,&quot;335551550&quot;:1,&quot;335551620&quot;:1,&quot;335559739&quot;:160,&quot;335559740&quot;:259}\">&nbsp;<\/span><\/p>\n<p><b><span data-contrast=\"auto\">Canada Jetlines e GlobalX lan\u00e7am sua primeira parceria<\/span><\/b><span data-ccp-props=\"{&quot;201341983&quot;:0,&quot;335551550&quot;:1,&quot;335551620&quot;:1,&quot;335559739&quot;:160,&quot;335559740&quot;:259}\">&nbsp;<\/span><\/p>\n<p><span data-contrast=\"auto\">O acordo entre a Canada Jetlines e a Global Crossing Airlines Group Inc. \u00e9 o primeiro entre as duas empresas desde que a GlobalX concluiu a cis\u00e3o da Canada Jetlines em junho de 2021 para os acionistas.&nbsp;<\/span><a href=\"https:\/\/www.travelweek.ca\/news\/is-canada-jetlines-finally-taking-off-florida-flights-from-yyz-start-in-march-2022\/\"><span data-contrast=\"none\">Eles v\u00e3o oferecer voos fretados de rotina<\/span><\/a><span data-contrast=\"auto\">&nbsp;de Toronto a Miami e Fort Lauderdale a partir de mar\u00e7o de 2022.&nbsp;<\/span><span data-ccp-props=\"{&quot;201341983&quot;:0,&quot;335551550&quot;:1,&quot;335551620&quot;:1,&quot;335559739&quot;:160,&quot;335559740&quot;:259}\">&nbsp;<\/span><\/p>\n<p><b><span data-contrast=\"auto\">LATAM vai restabelecer voos Londres-S\u00e3o Paulo<\/span><\/b><span data-ccp-props=\"{&quot;201341983&quot;:0,&quot;335551550&quot;:1,&quot;335551620&quot;:1,&quot;335559739&quot;:160,&quot;335559740&quot;:259}\">&nbsp;<\/span><\/p>\n<p><span data-contrast=\"auto\">A partir de 3 de dezembro<\/span><span data-contrast=\"auto\">rd<\/span><span data-contrast=\"auto\">, companhia a\u00e9rea sul-americana&nbsp;<\/span><a href=\"https:\/\/www.businesstravelnewseurope.com\/Air-Travel\/LATAM-to-reinstate-London-Sao-Paulo-flights?utm_source=newsletter&amp;utm_medium=email&amp;utm_campaign=eltrdaily\"><span data-contrast=\"none\">LATAM vai reintroduzir servi\u00e7os<\/span><\/a><span data-contrast=\"auto\">&nbsp;entre Londres e S\u00e3o Paulo. Os passageiros agora podem se conectar a mais de 120 destinos em 25 pa\u00edses a partir do hub de S\u00e3o Paulo.&nbsp;<\/span><span data-contrast=\"none\">Jo\u00e3o Murias, diretor comercial regional da LATAM Airlines, disse: \u201cEstamos orgulhosos de reconectar Londres a S\u00e3o Paulo e de l\u00e1 a toda a Am\u00e9rica do Sul. A demanda assim que surgiram as not\u00edcias de que est\u00e1vamos de volta \u00e0 opera\u00e7\u00e3o foi incr\u00edvel, o que refor\u00e7a que nosso compromisso de conectar o Reino Unido \u00e0 Am\u00e9rica do Sul \u00e9 mais atual do que nunca\u201d.<\/span><span data-ccp-props=\"{&quot;201341983&quot;:0,&quot;335551550&quot;:1,&quot;335551620&quot;:1,&quot;335559739&quot;:160,&quot;335559740&quot;:259}\">&nbsp;<\/span><\/p>\n<p><b><span data-contrast=\"auto\">Lufthansa reembolsa ajuda financeira do governo<\/span><\/b><span data-ccp-props=\"{&quot;201341983&quot;:0,&quot;335551550&quot;:1,&quot;335551620&quot;:1,&quot;335559739&quot;:160,&quot;335559740&quot;:259}\">&nbsp;<\/span><\/p>\n<p><span data-contrast=\"auto\">Na semana passada, o Lufthansa Group anunciou que havia reembolsado ou cancelado toda a ajuda restante recebida pelo governo alem\u00e3o durante a pandemia \u201cmuito antes do planejado originalmente\u201d. Este reembolso foi poss\u00edvel gra\u00e7as \u00e0 crescente procura de viagens, \u00e0 r\u00e1pida reestrutura\u00e7\u00e3o e transforma\u00e7\u00e3o do grupo e \u00e0 confian\u00e7a do mercado na empresa. \u201cA Lufthansa p\u00f4de contar com a Alemanha e a Alemanha pode contar com a Lufthansa\u201d, disse&nbsp;<\/span><a href=\"https:\/\/www.businesstravelnewseurope.com\/Air-Travel\/Lufthansa-repays-government-financial-aid\"><span data-contrast=\"none\">Carsten Spohr, CEO do Grupo Lufthansa<\/span><\/a><span data-contrast=\"auto\">.&nbsp;<\/span><span data-ccp-props=\"{&quot;201341983&quot;:0,&quot;335551550&quot;:1,&quot;335551620&quot;:1,&quot;335559739&quot;:160,&quot;335559740&quot;:259}\">&nbsp;<\/span><\/p>\n<p><span data-ccp-props=\"{&quot;201341983&quot;:0,&quot;335551550&quot;:1,&quot;335551620&quot;:1,&quot;335559739&quot;:160,&quot;335559740&quot;:259}\">&nbsp;<\/span><\/p>\n<p><span style=\"text-decoration: underline\"><b>Not\u00edcias e lembretes GBTA<\/b><\/span><\/p>\n<p><b><span data-contrast=\"none\">Repeti\u00e7\u00e3o da Conven\u00e7\u00e3o GBTA<\/span><\/b><span data-ccp-props=\"{&quot;201341983&quot;:0,&quot;335551550&quot;:1,&quot;335551620&quot;:1,&quot;335559739&quot;:160,&quot;335559740&quot;:259}\">&nbsp;<\/span><\/p>\n<p><span data-contrast=\"none\">N\u00e3o pode ir a Orlando para&nbsp;<\/span><a href=\"https:\/\/www.convention.gbta.org\/?utm_source=CheckInSuzanne&amp;utm_medium=Email&amp;utm_campaign=Convention2021&amp;utm_id=Convention2021\"><span data-contrast=\"none\">Conven\u00e7\u00e3o GBTA<\/span><\/a><span data-contrast=\"none\">? N\u00e3o perca a experi\u00eancia nova e \u00fanica, confira&nbsp;<\/span><a href=\"https:\/\/gbta.org\/pt\/home\/convention-replay\/?_ga=2.47506215.1064344315.1635258174-143742742.1632159933\"><span data-contrast=\"none\">Repeti\u00e7\u00e3o da Conven\u00e7\u00e3o<\/span><\/a><span data-contrast=\"none\">! Com 5 sess\u00f5es de transmiss\u00e3o ao vivo no Main Stage, 25 sess\u00f5es educacionais, conex\u00f5es de expositores virtuais e muito mais, voc\u00ea pode colher o valor da principal reuni\u00e3o do setor de viagens de neg\u00f3cios da maneira certa para voc\u00ea.<\/span><span data-ccp-props=\"{&quot;201341983&quot;:0,&quot;335551550&quot;:1,&quot;335551620&quot;:1,&quot;335559739&quot;:160,&quot;335559740&quot;:259}\">&nbsp;<\/span><\/p>\n<p><b><span data-contrast=\"none\">Bootcamp de gerenciamento de risco de viagem: entendendo e implementando a ISO31030<\/span><\/b><span data-ccp-props=\"{&quot;201341983&quot;:0,&quot;335551550&quot;:1,&quot;335551620&quot;:1,&quot;335559739&quot;:160,&quot;335559740&quot;:259}\">&nbsp;<\/span><\/p>\n<p><span data-contrast=\"none\">Explore o Travel Risk Management no contexto do novo padr\u00e3o ISO 31030 e obtenha as ferramentas e a confian\u00e7a para atualizar e\/ou criar um sistema robusto em sua organiza\u00e7\u00e3o.&nbsp;<\/span><a href=\"https:\/\/gbta.org\/pt\/calendar\/all-programs\/eventid\/1202\/e\/travel-risk-management-bootcamp-understanding-and-implementing-iso31030-14-0-1-dec-2021\/\"><span data-contrast=\"none\">Este curso de um dia<\/span><\/a><span data-contrast=\"none\">, liderado por especialistas em gerenciamento de risco de viagem Global Secure Accreditation em conjunto com GBTA e o Grupo Anvil, foi desenvolvido para fornecer orienta\u00e7\u00e3o pr\u00e1tica a qualquer pessoa envolvida na cria\u00e7\u00e3o e gerenciamento de programas de viagens corporativas.<\/span><span data-ccp-props=\"{&quot;201341983&quot;:0,&quot;335551550&quot;:1,&quot;335551620&quot;:1,&quot;335559739&quot;:160,&quot;335559740&quot;:259}\">&nbsp;<\/span><\/p>","protected":false},"excerpt":{"rendered":"<p>Eu n\u00e3o tinha certeza do que estaria sentindo na v\u00e9spera desta Conven\u00e7\u00e3o GBTA de 2021. A equipe GBTA est\u00e1 aqui em Orlando, conectando, colaborando e dando os toques finais enquanto nos preparamos para receber milhares de colegas, parceiros e amigos do setor de viagens de neg\u00f3cios ap\u00f3s uma pausa de quase 2 anos e meio por causa da pandemia\u2026.<\/p>","protected":false},"author":25,"featured_media":0,"comment_status":"open","ping_status":"open","sticky":false,"template":"","format":"standard","meta":{"_acf_changed":false,"_seopress_robots_primary_cat":"none","_seopress_titles_title":"","_seopress_titles_desc":"","_seopress_robots_index":"","om_disable_all_campaigns":false,"_relevanssi_hide_post":"","_relevanssi_hide_content":"","_relevanssi_pin_for_all":"","_relevanssi_pin_keywords":"","_relevanssi_unpin_keywords":"","_relevanssi_related_keywords":"","_relevanssi_related_include_ids":"","_relevanssi_related_exclude_ids":"","_relevanssi_related_no_append":"","_relevanssi_related_not_related":"","_relevanssi_related_posts":"2477,1439,2017,1620,1171,2480","_relevanssi_noindex_reason":"","_kad_blocks_custom_css":"","_kad_blocks_head_custom_js":"","_kad_blocks_body_custom_js":"","_kad_blocks_footer_custom_js":"","_kad_post_transparent":"","_kad_post_title":"","_kad_post_layout":"","_kad_post_sidebar_id":"","_kad_post_content_style":"","_kad_post_vertical_padding":"","_kad_post_feature":"","_kad_post_feature_position":"","_kad_post_header":false,"_kad_post_footer":false,"footnotes":"","_links_to":"","_links_to_target":""},"categories":[114,1437,106,405],"tags":[1450],"class_list":["post-2620","post","type-post","status-publish","format-standard","hentry","category-airlines-and-aviation","category-covid-19","category-latin-america","category-risk-management","tag-check-in-with-suzanne"],"acf":[],"featured_image_src_large":false,"author_info":{"display_name":"jcampbell","author_link":"https:\/\/gbta.org\/pt\/author\/jcampbell\/"},"comment_info":"","category_info":[{"term_id":114,"name":"Airlines and Aviation","slug":"airlines-and-aviation","term_group":0,"term_taxonomy_id":114,"taxonomy":"category","description":"","parent":0,"count":355,"filter":"raw","cat_ID":114,"category_count":355,"category_description":"","cat_name":"Airlines and Aviation","category_nicename":"airlines-and-aviation","category_parent":0},{"term_id":1437,"name":"COVID-19","slug":"covid-19","term_group":0,"term_taxonomy_id":1437,"taxonomy":"category","description":"","parent":0,"count":124,"filter":"raw","cat_ID":1437,"category_count":124,"category_description":"","cat_name":"COVID-19","category_nicename":"covid-19","category_parent":0},{"term_id":106,"name":"Latin America","slug":"latin-america","term_group":0,"term_taxonomy_id":106,"taxonomy":"category","description":"","parent":0,"count":54,"filter":"raw","cat_ID":106,"category_count":54,"category_description":"","cat_name":"Latin America","category_nicename":"latin-america","category_parent":0},{"term_id":405,"name":"Risk Management","slug":"risk-management","term_group":0,"term_taxonomy_id":405,"taxonomy":"category","description":"","parent":0,"count":30,"filter":"raw","cat_ID":405,"category_count":30,"category_description":"","cat_name":"Risk Management","category_nicename":"risk-management","category_parent":0}],"tag_info":[{"term_id":1450,"name":"Check-in with Suzanne","slug":"check-in-with-suzanne","term_group":0,"term_taxonomy_id":1450,"taxonomy":"post_tag","description":"","parent":0,"count":47,"filter":"raw"}],"taxonomy_info":{"category":[{"value":114,"label":"Airlines and Aviation"},{"value":1437,"label":"COVID-19"},{"value":106,"label":"Latin America"},{"value":405,"label":"Risk Management"}],"post_tag":[{"value":1450,"label":"Check-in with Suzanne"}]},"featured_image_src":null,"featured_image_src_square":null,"mfb_rest_fields":["featured_image_src_large","author_info","comment_info","category_info","tag_info","taxonomy_info","featured_image_src","featured_image_src_square"],"_links":{"self":[{"href":"https:\/\/gbta.org\/pt\/wp-json\/wp\/v2\/posts\/2620","targetHints":{"allow":["GET"]}}],"collection":[{"href":"https:\/\/gbta.org\/pt\/wp-json\/wp\/v2\/posts"}],"about":[{"href":"https:\/\/gbta.org\/pt\/wp-json\/wp\/v2\/types\/post"}],"author":[{"embeddable":true,"href":"https:\/\/gbta.org\/pt\/wp-json\/wp\/v2\/users\/25"}],"replies":[{"embeddable":true,"href":"https:\/\/gbta.org\/pt\/wp-json\/wp\/v2\/comments?post=2620"}],"version-history":[{"count":0,"href":"https:\/\/gbta.org\/pt\/wp-json\/wp\/v2\/posts\/2620\/revisions"}],"wp:attachment":[{"href":"https:\/\/gbta.org\/pt\/wp-json\/wp\/v2\/media?parent=2620"}],"wp:term":[{"taxonomy":"category","embeddable":true,"href":"https:\/\/gbta.org\/pt\/wp-json\/wp\/v2\/categories?post=2620"},{"taxonomy":"post_tag","embeddable":true,"href":"https:\/\/gbta.org\/pt\/wp-json\/wp\/v2\/tags?post=2620"}],"curies":[{"name":"wp","href":"https:\/\/api.w.org\/{rel}","templated":true}]}}