{"id":2622,"date":"2021-11-23T10:01:00","date_gmt":"2021-11-23T15:01:00","guid":{"rendered":"https:\/\/gbta.org\/check-in-with-suzanne-38\/"},"modified":"2022-09-29T09:31:59","modified_gmt":"2022-09-29T13:31:59","slug":"check-in-with-suzanne-38","status":"publish","type":"post","link":"https:\/\/gbta.org\/pt\/check-in-with-suzanne-38\/","title":{"rendered":"Check-in com Suzanne"},"content":{"rendered":"<p><span data-contrast=\"auto\">Rec\u00e9m-sa\u00eddo da Conven\u00e7\u00e3o GBTA em Orlando na semana passada, ainda estou processando muitos dos momentos incr\u00edveis. Voltar a ficar juntos realmente refor\u00e7a o poder e o valor de conhecer pessoalmente.&nbsp;<\/span><span data-ccp-props=\"{&quot;201341983&quot;:0,&quot;335559739&quot;:160,&quot;335559740&quot;:259}\">&nbsp;<\/span><\/p>\n<p><span data-contrast=\"auto\">Os coment\u00e1rios que continuaram surgindo nas discuss\u00f5es com os participantes da Conven\u00e7\u00e3o na semana passada centraram-se na qualidade. Qualidade do conte\u00fado com temas importantes para o nosso setor no momento. Qualidade nos programas de educa\u00e7\u00e3o oferecidos em todos os n\u00edveis. E qualidade nas reuni\u00f5es realizadas no piso da Expo e nos corredores. Muitas sess\u00f5es de educa\u00e7\u00e3o atingiram a capacidade m\u00e1xima e as mesas redondas foram robustas. O engajamento foi alto. E conectar uns com os outros em um n\u00edvel pessoal foi revigorante para muitos, inclusive para mim.<\/span><span data-ccp-props=\"{&quot;201341983&quot;:0,&quot;335559739&quot;:160,&quot;335559740&quot;:259}\">&nbsp;<\/span><\/p>\n<p><span data-contrast=\"auto\">Este n\u00e3o foi um evento normal para o GBTA, e houve muitos \u201cprimeiros\u201d na Conven\u00e7\u00e3o 2021. Este foi um ano em que a experi\u00eancia ganhou destaque no Palco Principal. Foi um ano em que os t\u00f3picos, sess\u00f5es e palestrantes se alinharam aos tempos de mudan\u00e7a em que estamos como ind\u00fastria \u2013 e at\u00e9 mesmo como sociedade global \u2013 incluindo:<\/span><span data-ccp-props=\"{&quot;201341983&quot;:0,&quot;335559739&quot;:160,&quot;335559740&quot;:259}\">&nbsp;<\/span><\/p>\n<ul>\n<li data-leveltext=\"\uf0b7\" data-font=\"Symbol\" data-listid=\"3\" data-aria-posinset=\"1\" data-aria-level=\"1\"><span data-contrast=\"auto\">Previs\u00f5es e dados para nos ajudar a entender melhor a recupera\u00e7\u00e3o das viagens de neg\u00f3cios e o cen\u00e1rio futuro<\/span><span data-ccp-props=\"{&quot;134233279&quot;:true,&quot;201341983&quot;:0,&quot;335559739&quot;:160,&quot;335559740&quot;:259}\">&nbsp;<\/span><\/li>\n<\/ul>\n<ul>\n<li data-leveltext=\"\uf0b7\" data-font=\"Symbol\" data-listid=\"3\" data-aria-posinset=\"1\" data-aria-level=\"1\"><span data-contrast=\"auto\">Insights sobre como devemos pensar e adaptar nossas empresas, funcion\u00e1rios e n\u00f3s mesmos para o futuro do trabalho&nbsp;&nbsp;<\/span><span data-ccp-props=\"{&quot;134233279&quot;:true,&quot;201341983&quot;:0,&quot;335559739&quot;:160,&quot;335559740&quot;:259}\">&nbsp;<\/span><\/li>\n<li data-leveltext=\"\uf0b7\" data-font=\"Symbol\" data-listid=\"3\" data-aria-posinset=\"2\" data-aria-level=\"1\"><span data-contrast=\"auto\">Conversas francas, hist\u00f3rias reais e dicas pr\u00e1ticas sobre diversidade, equidade e inclus\u00e3o<\/span><span data-ccp-props=\"{&quot;134233279&quot;:true,&quot;201341983&quot;:0,&quot;335559739&quot;:160,&quot;335559740&quot;:259}\">&nbsp;<\/span><\/li>\n<li data-leveltext=\"\uf0b7\" data-font=\"Symbol\" data-listid=\"3\" data-aria-posinset=\"3\" data-aria-level=\"1\"><span data-contrast=\"auto\">E o in\u00edcio da jornada de nossa ind\u00fastria e foco futuro na sustentabilidade&nbsp;<\/span><span data-ccp-props=\"{&quot;134233279&quot;:true,&quot;201341983&quot;:0,&quot;335559739&quot;:160,&quot;335559740&quot;:259}\">&nbsp;<\/span><\/li>\n<\/ul>\n<p><span data-contrast=\"auto\">E houve muitos \u201cprimeiros\u201d que aconteceram este ano especificamente por raz\u00f5es de sa\u00fade e seguran\u00e7a \u2013 desde o uso de m\u00e1scaras e lanches embalados at\u00e9 as op\u00e7\u00f5es mais higi\u00eanicas de pisos de exposi\u00e7\u00e3o. Convencer em uma pandemia \u00e9 um desafio. Agradecemos a todos que compareceram por sua flexibilidade e gentileza em nos ajudar a tornar nosso evento o mais seguro e respons\u00e1vel poss\u00edvel.<\/span><span data-ccp-props=\"{&quot;201341983&quot;:0,&quot;335559739&quot;:160,&quot;335559740&quot;:259}\">&nbsp;<\/span><\/p>\n<p><span data-contrast=\"auto\">Voc\u00ea quer ainda mais da sua experi\u00eancia na conven\u00e7\u00e3o? Os participantes registrados podem assistir novamente \u00e0s sess\u00f5es do palco principal sob demanda por meio do aplicativo GBTA Convention (\u201cMeu Planejador de Conven\u00e7\u00f5es\u201d &gt; v\u00e1 para a sess\u00e3o &gt; se\u00e7\u00e3o \u201cApostilas\u201d). N\u00e3o p\u00f4de comparecer? Veja o melhor do Palco Principal e das sess\u00f5es de educa\u00e7\u00e3o com&nbsp;<\/span><a href=\"https:\/\/gbta.org\/pt\/home\/convention-replay\/\"><span data-contrast=\"none\">Repeti\u00e7\u00e3o da Conven\u00e7\u00e3o<\/span><\/a><span data-contrast=\"auto\">, que come\u00e7a em 29 de novembro.&nbsp;&nbsp;<\/span><span data-ccp-props=\"{&quot;201341983&quot;:0,&quot;335559739&quot;:160,&quot;335559740&quot;:259}\">&nbsp;<\/span><\/p>\n<p><span data-contrast=\"auto\">E se voc\u00ea participou, n\u00f3s realmente queremos ouvir de voc\u00ea. Por favor, dedique alguns minutos para preencher a pesquisa da conven\u00e7\u00e3o em sua caixa de entrada.<\/span><span data-ccp-props=\"{&quot;201341983&quot;:0,&quot;335559739&quot;:160,&quot;335559740&quot;:259}\">&nbsp;<\/span><\/p>\n<p><span data-contrast=\"auto\">Foi \u00f3timo ver tantos de voc\u00eas, e estou ansioso para estar cara a cara novamente no&nbsp;<\/span><a href=\"https:\/\/europeconference.gbta.org\/?_ga=2.63297958.809183985.1637514655-1820023432.1626104215\"><span data-contrast=\"none\">Confer\u00eancia GBTA 2021 em Berlim<\/span><\/a><span data-contrast=\"auto\">&nbsp;em parceria com a VDR em apenas algumas semanas.<\/span><span data-ccp-props=\"{&quot;201341983&quot;:0,&quot;335559739&quot;:160,&quot;335559740&quot;:259}\">&nbsp;<\/span><\/p>\n<p><span data-contrast=\"auto\">Suzanne<\/span><span data-ccp-props=\"{&quot;201341983&quot;:0,&quot;335559739&quot;:160,&quot;335559740&quot;:259}\">&nbsp;<\/span><\/p>\n<p>&nbsp;<\/p>\n<p>&nbsp;<\/p>\n<p><span data-ccp-props=\"{&quot;201341983&quot;:0,&quot;335559739&quot;:160,&quot;335559740&quot;:240}\">&nbsp;<\/span><\/p>\n<p><b><span data-contrast=\"none\">Not\u00edcias para saber<\/span><\/b><span data-ccp-props=\"{&quot;201341983&quot;:0,&quot;335559739&quot;:160,&quot;335559740&quot;:240}\">&nbsp;<\/span><\/p>\n<p><b><span data-contrast=\"auto\">Air Canada construir\u00e1 nova plataforma de ag\u00eancia com o Grupo Farexus<\/span><\/b><span data-ccp-props=\"{&quot;201341983&quot;:0,&quot;335551550&quot;:1,&quot;335551620&quot;:1,&quot;335559739&quot;:160,&quot;335559740&quot;:259}\">&nbsp;<\/span><\/p>\n<p><span data-contrast=\"auto\">A Air Canada nomeou o Farenexus Group como seu parceiro de tecnologia para construir uma nova plataforma para ag\u00eancias de viagens.&nbsp;<\/span><a href=\"https:\/\/www.travelweek.ca\/news\/air-canada-to-build-new-agency-platform-with-farenexus-group\/\"><span data-contrast=\"none\">Chamando de AC Connex<\/span><\/a><span data-contrast=\"auto\">, fornecer\u00e1 \u00e0s ag\u00eancias conte\u00fado completo do Air Canada NDC com integra\u00e7\u00e3o de perfil.&nbsp;<\/span><span data-ccp-props=\"{&quot;201341983&quot;:0,&quot;335551550&quot;:1,&quot;335551620&quot;:1,&quot;335559739&quot;:160,&quot;335559740&quot;:259}\">&nbsp;<\/span><\/p>\n<p><b><span data-contrast=\"auto\">Metade da popula\u00e7\u00e3o mundial est\u00e1 pelo menos parcialmente vacinada, como est\u00e1 a Am\u00e9rica Latina?<\/span><\/b><span data-ccp-props=\"{&quot;201341983&quot;:0,&quot;335551550&quot;:1,&quot;335551620&quot;:1,&quot;335559739&quot;:160,&quot;335559740&quot;:259}\">&nbsp;<\/span><\/p>\n<p><span data-contrast=\"auto\">Mais de 51% da popula\u00e7\u00e3o mundial recebeu pelo menos uma dose de uma vacina contra o COVID-19.&nbsp;<\/span><a href=\"https:\/\/cnnespanol.cnn.com\/2021\/11\/08\/vacunacion-america-latina-covid-tasas-promedio-our-world-in-data-orix\/\"><span data-contrast=\"none\">Alguns pa\u00edses da Am\u00e9rica Latina<\/span><\/a><span data-contrast=\"auto\">&nbsp;ultrapassam a m\u00e9dia mundial, mas outros ficam para tr\u00e1s. Olhando para o n\u00edvel regional, a Am\u00e9rica do Sul tem uma taxa de vacina\u00e7\u00e3o parcial de 69.59% e a Am\u00e9rica do Norte tem uma taxa de 61.87%.&nbsp;<\/span><span data-ccp-props=\"{&quot;201341983&quot;:0,&quot;335551550&quot;:1,&quot;335551620&quot;:1,&quot;335559739&quot;:160,&quot;335559740&quot;:259}\">&nbsp;<\/span><\/p>\n<p><b><span data-contrast=\"auto\">Key Travel e Expedia oferecem compensa\u00e7\u00e3o de carbono em hot\u00e9is<\/span><\/b><span data-ccp-props=\"{&quot;201341983&quot;:0,&quot;335551550&quot;:1,&quot;335551620&quot;:1,&quot;335559739&quot;:160,&quot;335559740&quot;:259}\">&nbsp;<\/span><\/p>\n<p><span data-contrast=\"auto\">A especialista TMC Key Travel fez parceria com a Expedia Partner Solutions (EPS) para oferecer&nbsp;<\/span><a href=\"https:\/\/www.businesstravelnewseurope.com\/Accommodation\/Key-Travel-and-Expedia-to-offer-hotel-carbon-offsetting\"><span data-contrast=\"none\">quartos de hotel neutros em carbono para viagens de neg\u00f3cios<\/span><\/a><span data-contrast=\"auto\">. Com o novo programa de clientes da Key Travel reservando atrav\u00e9s da EPS, as duas empresas pagar\u00e3o para compensar as emiss\u00f5es de carbono da reserva. Todos os fundos v\u00e3o para a organiza\u00e7\u00e3o sem fins lucrativos Cool Effect, com sede em S\u00e3o Francisco, que investe o dinheiro em projetos de redu\u00e7\u00e3o de carbono verificados em todo o mundo.&nbsp;<\/span><span data-ccp-props=\"{&quot;201341983&quot;:0,&quot;335551550&quot;:1,&quot;335551620&quot;:1,&quot;335559739&quot;:160,&quot;335559740&quot;:259}\">&nbsp;<\/span><\/p>\n<p><b><span data-contrast=\"auto\">Milhares se reunir\u00e3o na Times Square em Nova York para celebrar o NYE com prova de vacina\u00e7\u00e3o<\/span><\/b><span data-ccp-props=\"{&quot;201341983&quot;:0,&quot;335551550&quot;:1,&quot;335551620&quot;:1,&quot;335559739&quot;:160,&quot;335559740&quot;:259}\">&nbsp;<\/span><\/p>\n<p><span data-contrast=\"auto\">&nbsp;A cidade de Nova York mais uma vez dar\u00e1 as boas-vindas a milhares de pessoas na Times Square para a ic\u00f4nica tradi\u00e7\u00e3o de lan\u00e7amento de bola na v\u00e9spera de Ano Novo. Todos os participantes dever\u00e3o apresentar comprovante de vacina\u00e7\u00e3o.&nbsp;<\/span><a href=\"https:\/\/www.cnn.com\/travel\/article\/new-york-times-square-new-years-eve-vaccination-requirement\/index.html\"><span data-contrast=\"none\">Prefeito de Nova York anunciado<\/span><\/a><span data-contrast=\"auto\">&nbsp;o retorno da celebra\u00e7\u00e3o pessoal \u201cgrande, forte e com for\u00e7a total\u201d na semana passada, dizendo que est\u00e1 trabalhando com o Departamento de Sa\u00fade de Nova York, o NYPD e outros parceiros na prepara\u00e7\u00e3o para as festividades.&nbsp;<\/span><span data-ccp-props=\"{&quot;201341983&quot;:0,&quot;335551550&quot;:1,&quot;335551620&quot;:1,&quot;335559739&quot;:160,&quot;335559740&quot;:259}\">&nbsp;<\/span><\/p>\n<p><span data-ccp-props=\"{&quot;201341983&quot;:0,&quot;335551550&quot;:1,&quot;335551620&quot;:1,&quot;335559739&quot;:160,&quot;335559740&quot;:259}\">&nbsp;<\/span><\/p>\n<p><b><span data-contrast=\"none\">Not\u00edcias e lembretes GBTA<\/span><\/b><span data-ccp-props=\"{&quot;201341983&quot;:0,&quot;335559739&quot;:160,&quot;335559740&quot;:259}\">&nbsp;<\/span><\/p>\n<p><b><span data-contrast=\"none\">Repeti\u00e7\u00e3o da Conven\u00e7\u00e3o GBTA<\/span><\/b><span data-ccp-props=\"{&quot;201341983&quot;:0,&quot;335551550&quot;:1,&quot;335551620&quot;:1,&quot;335559739&quot;:160,&quot;335559740&quot;:259}\">&nbsp;<\/span><\/p>\n<p><span data-contrast=\"none\">N\u00e3o pode ir a Orlando para&nbsp;<\/span><a href=\"https:\/\/www.convention.gbta.org\/?utm_source=CheckInSuzanne&amp;utm_medium=Email&amp;utm_campaign=Convention2021&amp;utm_id=Convention2021\"><span data-contrast=\"none\">Conven\u00e7\u00e3o GBTA<\/span><\/a><span data-contrast=\"none\">? N\u00e3o perca a experi\u00eancia nova e \u00fanica, confira&nbsp;<\/span><a href=\"https:\/\/gbta.org\/pt\/home\/convention-replay\/?_ga=2.47506215.1064344315.1635258174-143742742.1632159933\"><span data-contrast=\"none\">Repeti\u00e7\u00e3o da Conven\u00e7\u00e3o<\/span><\/a><span data-contrast=\"none\">! Com 5 sess\u00f5es de transmiss\u00e3o ao vivo no Main Stage, 25 sess\u00f5es educacionais, conex\u00f5es de expositores virtuais e muito mais, voc\u00ea pode colher o valor da principal reuni\u00e3o do setor de viagens de neg\u00f3cios da maneira certa para voc\u00ea.<\/span><span data-ccp-props=\"{&quot;201341983&quot;:0,&quot;335551550&quot;:1,&quot;335551620&quot;:1,&quot;335559739&quot;:160,&quot;335559740&quot;:259}\">&nbsp;<\/span><\/p>\n<p><b><span data-contrast=\"none\">Bootcamp de gerenciamento de risco de viagem: entendendo e implementando a ISO31030<\/span><\/b><span data-ccp-props=\"{&quot;201341983&quot;:0,&quot;335551550&quot;:1,&quot;335551620&quot;:1,&quot;335559739&quot;:160,&quot;335559740&quot;:259}\">&nbsp;<\/span><\/p>\n<p><span data-contrast=\"none\">Explore o Travel Risk Management no contexto do novo padr\u00e3o ISO 31030 e obtenha as ferramentas e a confian\u00e7a para atualizar e\/ou criar um sistema robusto em sua organiza\u00e7\u00e3o.&nbsp;<\/span><a href=\"https:\/\/gbta.org\/pt\/calendar\/all-programs\/eventid\/1202\/e\/travel-risk-management-bootcamp-understanding-and-implementing-iso31030-14-0-1-dec-2021\/\"><span data-contrast=\"none\">Este curso de um dia<\/span><\/a><span data-contrast=\"none\">, liderado por especialistas em gerenciamento de risco de viagem Global Secure Accreditation em conjunto com GBTA e o Grupo Anvil, foi desenvolvido para fornecer orienta\u00e7\u00e3o pr\u00e1tica a qualquer pessoa envolvida na cria\u00e7\u00e3o e gerenciamento de programas de viagens corporativas.<\/span><\/p>","protected":false},"excerpt":{"rendered":"<p>Rec\u00e9m-sa\u00eddo da Conven\u00e7\u00e3o GBTA em Orlando na semana passada, ainda estou processando muitos dos momentos incr\u00edveis. Voltar a ficar juntos realmente refor\u00e7a o poder e o valor de conhecer pessoalmente. Os coment\u00e1rios que continuaram surgindo nas discuss\u00f5es com os participantes da Conven\u00e7\u00e3o na semana passada centraram-se na qualidade. Qualidade do conte\u00fado com temas importantes para o nosso setor no momento. Qualidade nos programas de educa\u00e7\u00e3o oferecidos em todos os n\u00edveis. E qualidade nas reuni\u00f5es realizadas no piso da Expo e nos corredores. Muitas sess\u00f5es de educa\u00e7\u00e3o\u2026<\/p>","protected":false},"author":25,"featured_media":0,"comment_status":"open","ping_status":"open","sticky":false,"template":"","format":"standard","meta":{"_acf_changed":false,"_seopress_robots_primary_cat":"none","_seopress_titles_title":"","_seopress_titles_desc":"","_seopress_robots_index":"","om_disable_all_campaigns":false,"_relevanssi_hide_post":"","_relevanssi_hide_content":"","_relevanssi_pin_for_all":"","_relevanssi_pin_keywords":"","_relevanssi_unpin_keywords":"","_relevanssi_related_keywords":"","_relevanssi_related_include_ids":"","_relevanssi_related_exclude_ids":"","_relevanssi_related_no_append":"","_relevanssi_related_not_related":"","_relevanssi_related_posts":"2477,1439,2017,1620,1171,2480","_relevanssi_noindex_reason":"","_kad_blocks_custom_css":"","_kad_blocks_head_custom_js":"","_kad_blocks_body_custom_js":"","_kad_blocks_footer_custom_js":"","_kad_post_transparent":"","_kad_post_title":"","_kad_post_layout":"","_kad_post_sidebar_id":"","_kad_post_content_style":"","_kad_post_vertical_padding":"","_kad_post_feature":"","_kad_post_feature_position":"","_kad_post_header":false,"_kad_post_footer":false,"footnotes":"","_links_to":"","_links_to_target":""},"categories":[1401,105,106,280],"tags":[1450],"class_list":["post-2622","post","type-post","status-publish","format-standard","hentry","category-diversity-equity-inclusion","category-europe-and-uk","category-latin-america","category-sustainability","tag-check-in-with-suzanne"],"acf":[],"featured_image_src_large":false,"author_info":{"display_name":"jcampbell","author_link":"https:\/\/gbta.org\/pt\/author\/jcampbell\/"},"comment_info":"","category_info":[{"term_id":1401,"name":"Diversity, Equity &amp; Inclusion","slug":"diversity-equity-inclusion","term_group":0,"term_taxonomy_id":1401,"taxonomy":"category","description":"","parent":0,"count":40,"filter":"raw","cat_ID":1401,"category_count":40,"category_description":"","cat_name":"Diversity, Equity &amp; Inclusion","category_nicename":"diversity-equity-inclusion","category_parent":0},{"term_id":105,"name":"Europe and UK","slug":"europe-and-uk","term_group":0,"term_taxonomy_id":105,"taxonomy":"category","description":"","parent":0,"count":153,"filter":"raw","cat_ID":105,"category_count":153,"category_description":"","cat_name":"Europe and UK","category_nicename":"europe-and-uk","category_parent":0},{"term_id":106,"name":"Latin America","slug":"latin-america","term_group":0,"term_taxonomy_id":106,"taxonomy":"category","description":"","parent":0,"count":54,"filter":"raw","cat_ID":106,"category_count":54,"category_description":"","cat_name":"Latin America","category_nicename":"latin-america","category_parent":0},{"term_id":280,"name":"Sustainability","slug":"sustainability","term_group":0,"term_taxonomy_id":280,"taxonomy":"category","description":"","parent":0,"count":130,"filter":"raw","cat_ID":280,"category_count":130,"category_description":"","cat_name":"Sustainability","category_nicename":"sustainability","category_parent":0}],"tag_info":[{"term_id":1450,"name":"Check-in with Suzanne","slug":"check-in-with-suzanne","term_group":0,"term_taxonomy_id":1450,"taxonomy":"post_tag","description":"","parent":0,"count":47,"filter":"raw"}],"taxonomy_info":{"category":[{"value":1401,"label":"Diversity, Equity &amp; Inclusion"},{"value":105,"label":"Europe and UK"},{"value":106,"label":"Latin America"},{"value":280,"label":"Sustainability"}],"post_tag":[{"value":1450,"label":"Check-in with Suzanne"}]},"featured_image_src":null,"featured_image_src_square":null,"mfb_rest_fields":["featured_image_src_large","author_info","comment_info","category_info","tag_info","taxonomy_info","featured_image_src","featured_image_src_square"],"_links":{"self":[{"href":"https:\/\/gbta.org\/pt\/wp-json\/wp\/v2\/posts\/2622","targetHints":{"allow":["GET"]}}],"collection":[{"href":"https:\/\/gbta.org\/pt\/wp-json\/wp\/v2\/posts"}],"about":[{"href":"https:\/\/gbta.org\/pt\/wp-json\/wp\/v2\/types\/post"}],"author":[{"embeddable":true,"href":"https:\/\/gbta.org\/pt\/wp-json\/wp\/v2\/users\/25"}],"replies":[{"embeddable":true,"href":"https:\/\/gbta.org\/pt\/wp-json\/wp\/v2\/comments?post=2622"}],"version-history":[{"count":0,"href":"https:\/\/gbta.org\/pt\/wp-json\/wp\/v2\/posts\/2622\/revisions"}],"wp:attachment":[{"href":"https:\/\/gbta.org\/pt\/wp-json\/wp\/v2\/media?parent=2622"}],"wp:term":[{"taxonomy":"category","embeddable":true,"href":"https:\/\/gbta.org\/pt\/wp-json\/wp\/v2\/categories?post=2622"},{"taxonomy":"post_tag","embeddable":true,"href":"https:\/\/gbta.org\/pt\/wp-json\/wp\/v2\/tags?post=2622"}],"curies":[{"name":"wp","href":"https:\/\/api.w.org\/{rel}","templated":true}]}}