{"id":2626,"date":"2021-11-30T10:01:00","date_gmt":"2021-11-30T15:01:00","guid":{"rendered":"https:\/\/gbta.org\/gbta-calls-for-clear-and-consistent-approach-to-travel-restrictions-in-light-of-the-omicron-variant\/"},"modified":"2022-09-29T09:32:36","modified_gmt":"2022-09-29T13:32:36","slug":"gbta-calls-for-clear-and-consistent-approach-to-travel-restrictions-in-light-of-the-omicron-variant","status":"publish","type":"post","link":"https:\/\/gbta.org\/pt\/gbta-calls-for-clear-and-consistent-approach-to-travel-restrictions-in-light-of-the-omicron-variant\/","title":{"rendered":"GBTA pede abordagem clara e consistente para restri\u00e7\u00f5es de viagem \u00e0 luz da variante Omicron"},"content":{"rendered":"<p>\u00c0 medida que as regi\u00f5es e os governos de todo o mundo avaliam o impacto potencial da variante \u00f3micron, em r\u00e1pido desenvolvimento, e, portanto, que medidas tomar, <a href=\"https:\/\/gbta.org\/pt\/\">GBTA<\/a> continua a encorajar uma abordagem clara, consistente e ponderada, especialmente em termos de manter as fronteiras dos pa\u00edses abertas aos viajantes.<\/p>\n<ul>\n<li>A GBTA apoia que quaisquer a\u00e7\u00f5es tomadas se concentrem na vacina\u00e7\u00e3o ou no estado de recupera\u00e7\u00e3o e no risco individual do viajante, em vez de restri\u00e7\u00f5es de viagem de amplo alcance ou encerramento de fronteiras.<\/li>\n<li>A GBTA tamb\u00e9m apela \u00e0 utiliza\u00e7\u00e3o de orienta\u00e7\u00f5es e protocolos consistentes em todo o mundo para determinar a\u00e7\u00f5es que restringiriam ou proibiriam viagens nacionais e internacionais relacionadas com novos desenvolvimentos da COVID-19, como o omicron e potenciais variantes futuras.<\/li>\n<li>A GBTA continua a encorajar fortemente os governos a terem em considera\u00e7\u00e3o a diferen\u00e7a entre viagens de neg\u00f3cios e viagens de lazer, especialmente quando se trata de manter as fronteiras abertas para viagens internacionais e voltar a fazer neg\u00f3cios. Numa pesquisa recente da GBTA com viajantes de neg\u00f3cios em todo o mundo, 91% disse que eles est\u00e3o total ou parcialmente vacinados.<\/li>\n<li>As actuais estrat\u00e9gias de mitiga\u00e7\u00e3o devem continuar no que diz respeito \u00e0s viagens a\u00e9reas, tais como o aumento das taxas de vacina\u00e7\u00e3o, maior disponibilidade de vacinas e refor\u00e7os, testes e uso obrigat\u00f3rio de m\u00e1scaras nos aeroportos e nos voos.<\/li>\n<\/ul>\n<p>\u201cAs proibi\u00e7\u00f5es de viagens, o encerramento de fronteiras e as quarentenas tiveram um grande impacto nas viagens de neg\u00f3cios e, portanto, na capacidade mundial de fazer neg\u00f3cios. De acordo com o recente \u00cdndice de Viagens de Neg\u00f3cios da GBTA, depois de cair quase 54% em 2020 para $661 mil milh\u00f5es de d\u00f3lares, espera-se que as despesas globais com viagens de neg\u00f3cios recuperem apenas 14% em 2021 para $754 mil milh\u00f5es de d\u00f3lares, devido \u00e0 pandemia em curso \u2013 com algumas regi\u00f5es como a Europa Ocidental a ver uma eros\u00e3o adicional de 3,8% em 2021 em compara\u00e7\u00e3o com 2020.<\/p>\n<p>\u00c0 medida que continuamos a ter uma vis\u00e3o de longo prazo da COVID-19, a abertura e o encerramento aleat\u00f3rios das fronteiras globais n\u00e3o demonstraram ser um factor de mitiga\u00e7\u00e3o do v\u00edrus nem sustent\u00e1vel devido ao aumento dos impactos na recupera\u00e7\u00e3o econ\u00f3mica e da cadeia de abastecimento.<\/p>\n<p>Encorajamos os pa\u00edses e os governos a trabalharem colectivamente para prosseguirem pol\u00edticas consistentes que evitem novas proibi\u00e7\u00f5es de viagens e, em vez disso, concentrarem-se no risco individual dos viajantes, no aumento das vacina\u00e7\u00f5es e nos protocolos de testes cont\u00ednuos. Quanto mais pessoas forem vacinadas e com protocolos de teste apropriados em vigor, mais segura e consistentemente as viagens de neg\u00f3cios poder\u00e3o retornar, juntamente com um retorno robusto aos neg\u00f3cios\u201d, disse Suzanne Neufang, CEO, <a href=\"https:\/\/gbta.org\/pt\/\">GBTA<\/a>.<\/p>","protected":false},"excerpt":{"rendered":"<p>\u00c0 medida que regi\u00f5es e governos de todo o mundo avaliam o impacto potencial da variante omicron de r\u00e1pido surgimento e, portanto, quais a\u00e7\u00f5es devem ser tomadas, o GBTA continua a incentivar uma abordagem clara, consistente e ponderada, especialmente em termos de manter as fronteiras dos pa\u00edses abertas aos viajantes. A GBTA apoia que quaisquer a\u00e7\u00f5es tomadas devem se concentrar na vacina\u00e7\u00e3o ou no status de recupera\u00e7\u00e3o\u2026<\/p>","protected":false},"author":25,"featured_media":0,"comment_status":"open","ping_status":"open","sticky":false,"template":"","format":"standard","meta":{"_acf_changed":false,"_seopress_robots_primary_cat":"none","_seopress_titles_title":"","_seopress_titles_desc":"","_seopress_robots_index":"","om_disable_all_campaigns":false,"_relevanssi_hide_post":"","_relevanssi_hide_content":"","_relevanssi_pin_for_all":"","_relevanssi_pin_keywords":"","_relevanssi_unpin_keywords":"","_relevanssi_related_keywords":"","_relevanssi_related_include_ids":"","_relevanssi_related_exclude_ids":"","_relevanssi_related_no_append":"","_relevanssi_related_not_related":"","_relevanssi_related_posts":"1813,1894,1971,1970,1797,1897","_relevanssi_noindex_reason":"","_kad_blocks_custom_css":"","_kad_blocks_head_custom_js":"","_kad_blocks_body_custom_js":"","_kad_blocks_footer_custom_js":"","_kad_post_transparent":"","_kad_post_title":"","_kad_post_layout":"","_kad_post_sidebar_id":"","_kad_post_content_style":"","_kad_post_vertical_padding":"","_kad_post_feature":"","_kad_post_feature_position":"","_kad_post_header":false,"_kad_post_footer":false,"footnotes":"","_links_to":"","_links_to_target":""},"categories":[114,1437],"tags":[],"class_list":["post-2626","post","type-post","status-publish","format-standard","hentry","category-airlines-and-aviation","category-covid-19"],"acf":[],"featured_image_src_large":false,"author_info":{"display_name":"jcampbell","author_link":"https:\/\/gbta.org\/pt\/author\/jcampbell\/"},"comment_info":"","category_info":[{"term_id":114,"name":"Airlines and Aviation","slug":"airlines-and-aviation","term_group":0,"term_taxonomy_id":114,"taxonomy":"category","description":"","parent":0,"count":355,"filter":"raw","cat_ID":114,"category_count":355,"category_description":"","cat_name":"Airlines and Aviation","category_nicename":"airlines-and-aviation","category_parent":0},{"term_id":1437,"name":"COVID-19","slug":"covid-19","term_group":0,"term_taxonomy_id":1437,"taxonomy":"category","description":"","parent":0,"count":124,"filter":"raw","cat_ID":1437,"category_count":124,"category_description":"","cat_name":"COVID-19","category_nicename":"covid-19","category_parent":0}],"tag_info":false,"taxonomy_info":{"category":[{"value":114,"label":"Airlines and Aviation"},{"value":1437,"label":"COVID-19"}]},"featured_image_src":null,"featured_image_src_square":null,"mfb_rest_fields":["featured_image_src_large","author_info","comment_info","category_info","tag_info","taxonomy_info","featured_image_src","featured_image_src_square"],"_links":{"self":[{"href":"https:\/\/gbta.org\/pt\/wp-json\/wp\/v2\/posts\/2626","targetHints":{"allow":["GET"]}}],"collection":[{"href":"https:\/\/gbta.org\/pt\/wp-json\/wp\/v2\/posts"}],"about":[{"href":"https:\/\/gbta.org\/pt\/wp-json\/wp\/v2\/types\/post"}],"author":[{"embeddable":true,"href":"https:\/\/gbta.org\/pt\/wp-json\/wp\/v2\/users\/25"}],"replies":[{"embeddable":true,"href":"https:\/\/gbta.org\/pt\/wp-json\/wp\/v2\/comments?post=2626"}],"version-history":[{"count":0,"href":"https:\/\/gbta.org\/pt\/wp-json\/wp\/v2\/posts\/2626\/revisions"}],"wp:attachment":[{"href":"https:\/\/gbta.org\/pt\/wp-json\/wp\/v2\/media?parent=2626"}],"wp:term":[{"taxonomy":"category","embeddable":true,"href":"https:\/\/gbta.org\/pt\/wp-json\/wp\/v2\/categories?post=2626"},{"taxonomy":"post_tag","embeddable":true,"href":"https:\/\/gbta.org\/pt\/wp-json\/wp\/v2\/tags?post=2626"}],"curies":[{"name":"wp","href":"https:\/\/api.w.org\/{rel}","templated":true}]}}