{"id":2627,"date":"2021-12-01T10:01:00","date_gmt":"2021-12-01T15:01:00","guid":{"rendered":"https:\/\/gbta.org\/spotlight-on-molly-macmillan-2021-winit-top-50-women-in-travel-recipient\/"},"modified":"2022-09-29T09:25:23","modified_gmt":"2022-09-29T13:25:23","slug":"spotlight-on-molly-macmillan-2021-winit-top-50-women-in-travel-recipient","status":"publish","type":"post","link":"https:\/\/gbta.org\/pt\/spotlight-on-molly-macmillan-2021-winit-top-50-women-in-travel-recipient\/","title":{"rendered":"Destaque para Molly MacMillan, 2021 WINiT Top 50 Women in Travel Recipient"},"content":{"rendered":"<p style=\"line-height: 19.5pt\"><img decoding=\"async\" style=\"margin: 10px\" src=\"https:\/\/storage.pardot.com\/5572\/16383588429Mf60MVJ\/DNB_Molly_MacMillan_headshot.png\" alt=\"Silke Koehnecke\" width=\"160\" border=\"0\" align=\"left\"><\/p>\n<p>Em sua fun\u00e7\u00e3o como Diretora de Vendas de Aluguel de Neg\u00f3cios da Enterprise Holdings, Molly gerencia uma equipe de vendas que se concentra em ajudar as organiza\u00e7\u00f5es a inovar e explorar solu\u00e7\u00f5es de mobilidade para suas organiza\u00e7\u00f5es, reduzir o custo total de propriedade e impulsionar o envolvimento dos funcion\u00e1rios.<\/p>\n<p>Molly come\u00e7ou sua carreira na Enterprise Holdings como estagi\u00e1ria de gerenciamento em Orlando, Fl\u00f3rida. Ap\u00f3s sete anos assumindo responsabilidades adicionais, Molly tomou a decis\u00e3o de exercer uma fun\u00e7\u00e3o como Executiva de Vendas de Aluguel de Neg\u00f3cios em Washington, DC, onde era respons\u00e1vel por construir parcerias e ajudar contas novas e existentes a gerenciar suas solu\u00e7\u00f5es de transporte. O desempenho de Molly como Executiva de Vendas lhe rendeu uma promo\u00e7\u00e3o para Gerente Regional de Vendas. A lideran\u00e7a de Molly combinada com o desempenho de sua equipe lhe rendeu mais uma promo\u00e7\u00e3o para Diretora de Vendas de Aluguel de Neg\u00f3cios no norte do estado de Nova York. Nessa fun\u00e7\u00e3o, Molly e sua equipe receberam v\u00e1rios elogios por sua dedica\u00e7\u00e3o e compromisso com o crescimento dos neg\u00f3cios. Molly tamb\u00e9m expandiu recentemente seu territ\u00f3rio e responsabilidades para incluir a regi\u00e3o de Pittsburgh.<\/p>\n<p>Molly \u00e9 apaixonada por orienta\u00e7\u00e3o, igualdade de diversidade e inclus\u00e3o e por retribuir \u00e0s comunidades que atende. Molly tamb\u00e9m investe tempo significativo em parcerias do setor, como WINiT e GBTA, que ela acredita que a ajudaram a fortalecer sua lideran\u00e7a e habilidades no setor.<\/p>\n<p><strong>As coisas est\u00e3o melhorando para as mulheres no setor de viagens de neg\u00f3cios ou ainda h\u00e1 trabalho a ser feito?<\/strong><\/p>\n<p>Estou confiante no papel que as mulheres desempenham hoje e para o futuro da ind\u00fastria de viagens de neg\u00f3cios. As mulheres est\u00e3o levantando as m\u00e3os, expressando suas opini\u00f5es e ajudando a orientar outras mulheres em v\u00e1rios campos dessa ind\u00fastria. Estamos sempre evoluindo para fazer mudan\u00e7as positivas e fazer melhor. Tamb\u00e9m vemos um progresso significativo no espa\u00e7o de DE&amp;I, e me sinto afortunado por trabalhar para uma empresa que se orgulha e prioriza esses esfor\u00e7os como empresa e para os funcion\u00e1rios.<\/p>\n<p><strong>Quem ou o que te inspira a continuar trabalhando duro, mesmo nos dias mais desafiadores?<\/strong><\/p>\n<p>Meus funcion\u00e1rios, cujo trabalho \u00e1rduo, dedica\u00e7\u00e3o, perseveran\u00e7a e compromisso v\u00e3o al\u00e9m de todos os dias para fornecer um atendimento excepcional ao cliente.<\/p>\n<p>Envolvimento da comunidade \u2013 servir n\u00e3o apenas como mentores profissionais, mas a lideran\u00e7a e orienta\u00e7\u00e3o que eles devolvem aos outros \u00e9 realmente impactante e algo que admiro muito.<\/p>\n<p>Ver meus funcion\u00e1rios alcan\u00e7arem seus objetivos pessoais e profissionais \u00e9 simplesmente incr\u00edvel e \u00e9 realmente a base do motivo pelo qual gosto de ser l\u00edder e o que me deixa t\u00e3o orgulhoso de trabalhar para a Enterprise.<\/p>","protected":false},"excerpt":{"rendered":"<p>Em sua fun\u00e7\u00e3o como Diretora de Vendas de Aluguel de Neg\u00f3cios da Enterprise Holdings, Molly gerencia uma equipe de vendas que se concentra em ajudar as organiza\u00e7\u00f5es a inovar e explorar solu\u00e7\u00f5es de mobilidade para suas organiza\u00e7\u00f5es, reduzir o custo total de propriedade e impulsionar o envolvimento dos funcion\u00e1rios. Molly come\u00e7ou sua carreira na Enterprise Holdings como estagi\u00e1ria de gerenciamento em Orlando, Fl\u00f3rida. Depois\u2026<\/p>","protected":false},"author":25,"featured_media":0,"comment_status":"open","ping_status":"open","sticky":false,"template":"","format":"standard","meta":{"_acf_changed":false,"_seopress_robots_primary_cat":"none","_seopress_titles_title":"","_seopress_titles_desc":"","_seopress_robots_index":"","om_disable_all_campaigns":false,"_relevanssi_hide_post":"","_relevanssi_hide_content":"","_relevanssi_pin_for_all":"","_relevanssi_pin_keywords":"","_relevanssi_unpin_keywords":"","_relevanssi_related_keywords":"","_relevanssi_related_include_ids":"","_relevanssi_related_exclude_ids":"","_relevanssi_related_no_append":"","_relevanssi_related_not_related":"","_relevanssi_related_posts":"1813,1894,1636,2023,1971,1502","_relevanssi_noindex_reason":"","_kad_blocks_custom_css":"","_kad_blocks_head_custom_js":"","_kad_blocks_body_custom_js":"","_kad_blocks_footer_custom_js":"","_kad_post_transparent":"","_kad_post_title":"","_kad_post_layout":"","_kad_post_sidebar_id":"","_kad_post_content_style":"","_kad_post_vertical_padding":"","_kad_post_feature":"","_kad_post_feature_position":"","_kad_post_header":false,"_kad_post_footer":false,"footnotes":"","_links_to":"","_links_to_target":""},"categories":[1401,1441],"tags":[],"class_list":["post-2627","post","type-post","status-publish","format-standard","hentry","category-diversity-equity-inclusion","category-winit-spotlights"],"acf":[],"featured_image_src_large":false,"author_info":{"display_name":"jcampbell","author_link":"https:\/\/gbta.org\/pt\/author\/jcampbell\/"},"comment_info":"","category_info":[{"term_id":1401,"name":"Diversity, Equity &amp; Inclusion","slug":"diversity-equity-inclusion","term_group":0,"term_taxonomy_id":1401,"taxonomy":"category","description":"","parent":0,"count":40,"filter":"raw","cat_ID":1401,"category_count":40,"category_description":"","cat_name":"Diversity, Equity &amp; Inclusion","category_nicename":"diversity-equity-inclusion","category_parent":0},{"term_id":1441,"name":"WINiT Spotlights","slug":"winit-spotlights","term_group":0,"term_taxonomy_id":1441,"taxonomy":"category","description":"","parent":0,"count":24,"filter":"raw","cat_ID":1441,"category_count":24,"category_description":"","cat_name":"WINiT Spotlights","category_nicename":"winit-spotlights","category_parent":0}],"tag_info":false,"taxonomy_info":{"category":[{"value":1401,"label":"Diversity, Equity &amp; Inclusion"},{"value":1441,"label":"WINiT Spotlights"}]},"featured_image_src":null,"featured_image_src_square":null,"mfb_rest_fields":["featured_image_src_large","author_info","comment_info","category_info","tag_info","taxonomy_info","featured_image_src","featured_image_src_square"],"_links":{"self":[{"href":"https:\/\/gbta.org\/pt\/wp-json\/wp\/v2\/posts\/2627","targetHints":{"allow":["GET"]}}],"collection":[{"href":"https:\/\/gbta.org\/pt\/wp-json\/wp\/v2\/posts"}],"about":[{"href":"https:\/\/gbta.org\/pt\/wp-json\/wp\/v2\/types\/post"}],"author":[{"embeddable":true,"href":"https:\/\/gbta.org\/pt\/wp-json\/wp\/v2\/users\/25"}],"replies":[{"embeddable":true,"href":"https:\/\/gbta.org\/pt\/wp-json\/wp\/v2\/comments?post=2627"}],"version-history":[{"count":0,"href":"https:\/\/gbta.org\/pt\/wp-json\/wp\/v2\/posts\/2627\/revisions"}],"wp:attachment":[{"href":"https:\/\/gbta.org\/pt\/wp-json\/wp\/v2\/media?parent=2627"}],"wp:term":[{"taxonomy":"category","embeddable":true,"href":"https:\/\/gbta.org\/pt\/wp-json\/wp\/v2\/categories?post=2627"},{"taxonomy":"post_tag","embeddable":true,"href":"https:\/\/gbta.org\/pt\/wp-json\/wp\/v2\/tags?post=2627"}],"curies":[{"name":"wp","href":"https:\/\/api.w.org\/{rel}","templated":true}]}}