{"id":2636,"date":"2022-01-11T10:01:00","date_gmt":"2022-01-11T15:01:00","guid":{"rendered":"https:\/\/gbta.org\/check-in-with-suzanne-42\/"},"modified":"2022-09-29T09:21:37","modified_gmt":"2022-09-29T13:21:37","slug":"check-in-with-suzanne-42","status":"publish","type":"post","link":"https:\/\/gbta.org\/pt\/check-in-with-suzanne-42\/","title":{"rendered":"Check-in com Suzanne"},"content":{"rendered":"<p>Bem-vindo de volta ao Ano Novo! Espero que voc\u00ea tenha tido a oportunidade de aproveitar a magia das festas de fim de ano e compartilhar alguns momentos significativos com as pessoas de quem voc\u00ea mais gosta. Isso \u00e9 o que realmente importa.<\/p>\n<p>Tirei uma folga \u201cde verdade\u201d, assim como toda a equipe do GBTA, com um hiato de f\u00e9rias de uma semana \u2013 percebemos como nos sentimos revigorados e prontos para trabalhar. Refletindo sobre meu intervalo, lembrei-me de que um tempo de qualidade \u201cfora\u201d resulta em um tempo melhor \u201cdentro\u201d \u2013 em outras palavras, n\u00e3o manter a mente do trabalho ociosa no \u201cestacionamento\u201d enquanto estiver fora, mas na verdade desligar o motor por v\u00e1rios dias em um linha. Seja em nossa vida pessoal ou profissional, estar atento e presente cria conex\u00f5es significativas com familiares, amigos e colegas.<\/p>\n<p>E agora vamos para 2022\u2026 Com um otimismo (cauteloso), aguardo com expectativa um ano de recupera\u00e7\u00e3o significativa para a ind\u00fastria das viagens de neg\u00f3cios. Sei tamb\u00e9m que ser\u00e1 um ano em que todos continuaremos a crescer, a adaptar-nos, a evoluir e a alcan\u00e7ar resultados.<\/p>\n<p>Na GBTA, temos muito em mente para rejuvenescer a nossa ind\u00fastria, ajudar a manter o profissionalismo e a aprendizagem elevados para os nossos constituintes e prosseguir iniciativas de sustentabilidade de uma forma grande e nova. Certifique-se tamb\u00e9m de verificar o GBTA Member Hub, que foi relan\u00e7ado com uma atualiza\u00e7\u00e3o para permitir que os membros mantenham contato melhor uns com os outros. E v\u00e1rios de nossos eventos presenciais (que foram suspensos nos \u00faltimos dois anos) estar\u00e3o de volta \u2013 se desejarem uma pandemia.<\/p>\n<p>Tamb\u00e9m estamos felizes em dar as boas-vindas \u00e0 equipe do GBTA esta semana, Delphine Millot, que se junta como nossa l\u00edder de nossos esfor\u00e7os de sustentabilidade global com sede em Nova York e j\u00e1 trabalhou extensivamente conosco em nossos assuntos p\u00fablicos e iniciativas de defesa na Europa. Procure mais por vir!<\/p>\n<p>Ent\u00e3o, um brinde a um maravilhoso 2022 e ao trabalho com todos voc\u00eas em nossa comunidade global de viagens de neg\u00f3cios. H\u00e1 muito para alcan\u00e7armos juntos.<\/p>\n<p><span style=\"text-decoration: underline\"><b>Not\u00edcias para saber<\/b>&nbsp;<\/span><\/p>\n<p><b><span data-contrast=\"none\">Amex GBT nomeia Tonge gerente geral do Reino Unido<\/span><\/b><span data-ccp-props=\"{&quot;201341983&quot;:0,&quot;335551550&quot;:1,&quot;335551620&quot;:1,&quot;335559739&quot;:160,&quot;335559740&quot;:259}\">&nbsp;<\/span><\/p>\n<p><span data-contrast=\"none\">A American Express Global Business Travel nomeou Rachel Tonge para&nbsp;<\/span><a href=\"https:\/\/www.businesstravelnews.com\/Management\/Amex-GBT-Names-Tonge-UK-General-Manager\"><span data-contrast=\"none\">liderar suas opera\u00e7\u00f5es comerciais no Reino Unido<\/span><\/a><span data-contrast=\"none\">, anunciou a empresa na segunda-feira. Tonge, que est\u00e1 na Amex GBT h\u00e1 cinco anos, \u201cliderar\u00e1 o retorno das viagens de neg\u00f3cios no Reino Unido\u201d como vice-presidente e gerente geral do Reino Unido, de acordo com a TMC.&nbsp;<\/span><span data-ccp-props=\"{&quot;201341983&quot;:0,&quot;335551550&quot;:1,&quot;335551620&quot;:1,&quot;335559739&quot;:160,&quot;335559740&quot;:259}\">&nbsp;<\/span><\/p>\n<p><b><span data-contrast=\"none\">Venezuela retoma vacina\u00e7\u00e3o infantil e aprendizagem presencial<\/span><\/b><span data-ccp-props=\"{&quot;201341983&quot;:0,&quot;335551550&quot;:1,&quot;335551620&quot;:1,&quot;335559739&quot;:160,&quot;335559740&quot;:259}\">&nbsp;<\/span><\/p>\n<p><span data-contrast=\"none\">Na segunda-feira, a Venezuela retomou o ensino presencial para mais de oito milh\u00f5es de alunos do ensino fundamental e m\u00e9dio e a vacina\u00e7\u00e3o contra a COVID-19 para crian\u00e7as com mais de dois anos. \u201cAcelerar a imuniza\u00e7\u00e3o das crian\u00e7as \u00e9 essencial para garantir um regresso seguro \u00e0s escolas\u201d,&nbsp;<\/span><a href=\"https:\/\/www.telesurenglish.net\/news\/Venezuela-Resumes-Children-Vaccination-and-Presential-Learning-20220110-0011.html\"><span data-contrast=\"none\">O ministro da Sa\u00fade, Carlos Alvarado, afirmou<\/span><\/a><span data-contrast=\"none\">&nbsp;e instou os alunos a cumprir os protocolos da COVID-19, como usar m\u00e1scaras e desinfetar as m\u00e3os regularmente.<\/span><span data-ccp-props=\"{&quot;201341983&quot;:0,&quot;335551550&quot;:1,&quot;335551620&quot;:1,&quot;335559739&quot;:160,&quot;335559740&quot;:259}\">&nbsp;<\/span><\/p>\n<p><b><span data-contrast=\"none\">CDC determina que o Canad\u00e1 apresenta risco \u201cmuito alto\u201d para viagens<\/span><\/b><span data-ccp-props=\"{&quot;201341983&quot;:0,&quot;335551550&quot;:1,&quot;335551620&quot;:1,&quot;335559739&quot;:160,&quot;335559740&quot;:259}\">&nbsp;<\/span><\/p>\n<p><span data-contrast=\"none\">O Canad\u00e1 foi transferido para os Centros de Controle e Preven\u00e7\u00e3o de Doen\u00e7as dos EUA&nbsp;<\/span><a href=\"https:\/\/www.cnn.com\/travel\/article\/cdc-very-high-risk-travel-destinations-january-10\/index.html\"><span data-contrast=\"none\">categoria de maior risco para viagens<\/span><\/a><span data-contrast=\"none\">&nbsp;na segunda-feira. Segundo maior pa\u00eds do mundo em \u00e1rea total, o Canad\u00e1 tem visto um aumento acentuado no n\u00famero de casos \u00e0 medida que a variante Omicron se espalha. O pa\u00eds registrou 294.437 novos casos na semana encerrada em 8 de janeiro, de acordo com dados da Universidade Johns Hopkins, o maior total semanal da pandemia. O Canad\u00e1 foi acompanhado por outro destino \u2013 a ilha caribenha de Cura\u00e7ao \u2013 ao subir para o N\u00edvel 4 do CDC: categoria Covid-19 Muito Alta na segunda-feira. O CDC coloca um destino no N\u00edvel 4 quando mais de 500 casos por 100.000 residentes s\u00e3o registados nos \u00faltimos 28 dias. O CDC aconselha os viajantes a evitar viagens para pa\u00edses de N\u00edvel 4.<\/span><span data-ccp-props=\"{&quot;201341983&quot;:0,&quot;335551550&quot;:1,&quot;335551620&quot;:1,&quot;335559739&quot;:160,&quot;335559740&quot;:259}\">&nbsp;<\/span><\/p>\n<p><b><span data-contrast=\"none\">O CEO do RBC, McKay, busca neg\u00f3cios na gest\u00e3o de patrim\u00f4nio nos EUA e na Europa<\/span><\/b><span data-ccp-props=\"{&quot;201341983&quot;:0,&quot;335551550&quot;:1,&quot;335551620&quot;:1,&quot;335559739&quot;:160,&quot;335559740&quot;:259}\">&nbsp;<\/span><\/p>\n<p><span data-contrast=\"none\">O CEO do Royal Bank of Canada, Dave McKay, disse que o credor pode tentar aumentar sua unidade de gest\u00e3o de patrim\u00f4nio nos EUA e na Europa&nbsp;<\/span><a href=\"https:\/\/www.bnnbloomberg.ca\/rbc-ceo-mckay-looks-for-deals-in-u-s-and-europe-wealth-management-1.1705454\"><span data-contrast=\"none\">por meio de aquisi\u00e7\u00f5es menores e direcionadas<\/span><\/a><span data-contrast=\"none\">. \u201cContinuamos a observar a distribui\u00e7\u00e3o de riqueza nos Estados Unidos\u201d, disse McKay na segunda-feira na confer\u00eancia de CEOs do RBC Capital Markets Canadian Bank. O Royal Bank tamb\u00e9m est\u00e1 \u00e0 procura de acordos na \u201cdistribui\u00e7\u00e3o de riqueza na Europa para melhorar a nossa franquia de riqueza europeia e global\u201d e na banca comercial nos EUA, disse ele.<\/span><span data-ccp-props=\"{&quot;201341983&quot;:0,&quot;335551550&quot;:1,&quot;335551620&quot;:1,&quot;335559739&quot;:160,&quot;335559740&quot;:259}\">&nbsp;<\/span><\/p>\n<p><span data-ccp-props=\"{&quot;201341983&quot;:0,&quot;335551550&quot;:1,&quot;335551620&quot;:1,&quot;335559739&quot;:160,&quot;335559740&quot;:259}\">&nbsp;<\/span><\/p>\n<p><span style=\"text-decoration: underline\"><b>Not\u00edcias e lembretes GBTA<\/b>&nbsp;<\/span><\/p>\n<p><b><span data-contrast=\"none\">Repeti\u00e7\u00e3o da Conven\u00e7\u00e3o GBTA<\/span><\/b><span data-ccp-props=\"{&quot;201341983&quot;:0,&quot;335551550&quot;:1,&quot;335551620&quot;:1,&quot;335559739&quot;:160,&quot;335559740&quot;:259}\">&nbsp;<\/span><\/p>\n<p><span data-contrast=\"none\">N\u00e3o pode ir a Orlando para&nbsp;<\/span><a href=\"https:\/\/www.convention.gbta.org\/?utm_source=CheckInSuzanne&amp;utm_medium=Email&amp;utm_campaign=Convention2021&amp;utm_id=Convention2021\"><span data-contrast=\"none\">Conven\u00e7\u00e3o GBTA<\/span><\/a><span data-contrast=\"none\">? N\u00e3o perca a experi\u00eancia nova e \u00fanica, confira&nbsp;<\/span><a href=\"https:\/\/gbta.org\/pt\/home\/convention-replay\/?_ga=2.47506215.1064344315.1635258174-143742742.1632159933\"><span data-contrast=\"none\">Repeti\u00e7\u00e3o da Conven\u00e7\u00e3o<\/span><\/a><span data-contrast=\"none\">! Com 5 sess\u00f5es de transmiss\u00e3o ao vivo no Main Stage, 25 sess\u00f5es educacionais, conex\u00f5es de expositores virtuais e muito mais, voc\u00ea pode colher o valor da principal reuni\u00e3o do setor de viagens de neg\u00f3cios da maneira certa para voc\u00ea.<\/span><span data-ccp-props=\"{&quot;201341983&quot;:0,&quot;335551550&quot;:1,&quot;335551620&quot;:1,&quot;335559739&quot;:160,&quot;335559740&quot;:259}\">&nbsp;<\/span><\/p>\n<p><b><span data-contrast=\"none\">Previs\u00e3o de pre\u00e7os globais para 2021: o que vem a seguir?<\/span><\/b><span data-ccp-props=\"{&quot;201341983&quot;:0,&quot;335551550&quot;:1,&quot;335551620&quot;:1,&quot;335559739&quot;:160,&quot;335559740&quot;:259}\">&nbsp;<\/span><\/p>\n<p><span data-contrast=\"none\">\u00c0 medida que a ind\u00fastria das viagens de neg\u00f3cios recupera do impacto devastador da pandemia global da Covid-19, como ser\u00e1 a recupera\u00e7\u00e3o? A pandemia for\u00e7ou os fornecedores de viagens a reduzir os pre\u00e7os na esperan\u00e7a de motivar as empresas a enviar funcion\u00e1rios de volta \u00e0 estrada para gerar leads, assinar acordos, cultivar parcerias e desenvolver talentos? Ou ser\u00e1 que a ind\u00fastria se mant\u00e9m firme e os pre\u00e7os dos voos, dos hot\u00e9is e dos transportes n\u00e3o sofrer\u00e3o as dr\u00e1sticas redu\u00e7\u00f5es de pre\u00e7os observadas em recess\u00f5es anteriores? Onde est\u00e3o as oportunidades para a ind\u00fastria \u00e0 medida que ela sai da pandemia? Saiba o que \u00e9 tend\u00eancia nos setores de transporte a\u00e9reo, hoteleiro e terrestre. Esta sess\u00e3o \u00e9 a primeira vis\u00e3o sobre onde os pre\u00e7os est\u00e3o em alta e onde a ind\u00fastria deve procurar oportunidades. Junte-se a n\u00f3s nesta apresenta\u00e7\u00e3o cr\u00edtica de pre\u00e7os baseada em dados, n\u00e3o em folhas de ch\u00e1.<\/span><br \/>\n<a href=\"https:\/\/gbta.org\/pt\/calendar\/all-programs\/eventid\/1280\/e\/2021-global-price-forecast-whats-next-12-jan-2022\/\"><span data-contrast=\"none\">Saiba mais e conhe\u00e7a os palestrantes &gt;&gt;<\/span><\/a><span data-ccp-props=\"{&quot;201341983&quot;:0,&quot;335551550&quot;:1,&quot;335551620&quot;:1,&quot;335559739&quot;:160,&quot;335559740&quot;:259}\">&nbsp;<\/span><\/p>\n<p><span data-ccp-props=\"{&quot;201341983&quot;:0,&quot;335559739&quot;:160,&quot;335559740&quot;:259}\">&nbsp;<\/span><\/p>","protected":false},"excerpt":{"rendered":"<p>Bem-vindo de volta ao Ano Novo! Espero que voc\u00ea tenha tido a chance de aproveitar a magia das festas de fim de ano e compartilhar alguns momentos significativos com as pessoas de quem voc\u00ea mais gosta. Isso \u00e9 o que realmente importa. Tirei uma folga \u201cde verdade\u201d, assim como toda a equipe do GBTA, com um hiato de f\u00e9rias de uma semana -\u2026<\/p>","protected":false},"author":25,"featured_media":0,"comment_status":"open","ping_status":"open","sticky":false,"template":"","format":"standard","meta":{"_acf_changed":false,"_seopress_robots_primary_cat":"none","_seopress_titles_title":"","_seopress_titles_desc":"","_seopress_robots_index":"","om_disable_all_campaigns":false,"_relevanssi_hide_post":"","_relevanssi_hide_content":"","_relevanssi_pin_for_all":"","_relevanssi_pin_keywords":"","_relevanssi_unpin_keywords":"","_relevanssi_related_keywords":"","_relevanssi_related_include_ids":"","_relevanssi_related_exclude_ids":"","_relevanssi_related_no_append":"","_relevanssi_related_not_related":"","_relevanssi_related_posts":"2477,1439,2017,1620,1171,2480","_relevanssi_noindex_reason":"","_kad_blocks_custom_css":"","_kad_blocks_head_custom_js":"","_kad_blocks_body_custom_js":"","_kad_blocks_footer_custom_js":"","_kad_post_transparent":"","_kad_post_title":"","_kad_post_layout":"","_kad_post_sidebar_id":"","_kad_post_content_style":"","_kad_post_vertical_padding":"","_kad_post_feature":"","_kad_post_feature_position":"","_kad_post_header":false,"_kad_post_footer":false,"footnotes":"","_links_to":"","_links_to_target":""},"categories":[1437,280],"tags":[1450],"class_list":["post-2636","post","type-post","status-publish","format-standard","hentry","category-covid-19","category-sustainability","tag-check-in-with-suzanne"],"acf":[],"featured_image_src_large":false,"author_info":{"display_name":"jcampbell","author_link":"https:\/\/gbta.org\/pt\/author\/jcampbell\/"},"comment_info":"","category_info":[{"term_id":1437,"name":"COVID-19","slug":"covid-19","term_group":0,"term_taxonomy_id":1437,"taxonomy":"category","description":"","parent":0,"count":124,"filter":"raw","cat_ID":1437,"category_count":124,"category_description":"","cat_name":"COVID-19","category_nicename":"covid-19","category_parent":0},{"term_id":280,"name":"Sustainability","slug":"sustainability","term_group":0,"term_taxonomy_id":280,"taxonomy":"category","description":"","parent":0,"count":130,"filter":"raw","cat_ID":280,"category_count":130,"category_description":"","cat_name":"Sustainability","category_nicename":"sustainability","category_parent":0}],"tag_info":[{"term_id":1450,"name":"Check-in with Suzanne","slug":"check-in-with-suzanne","term_group":0,"term_taxonomy_id":1450,"taxonomy":"post_tag","description":"","parent":0,"count":47,"filter":"raw"}],"taxonomy_info":{"category":[{"value":1437,"label":"COVID-19"},{"value":280,"label":"Sustainability"}],"post_tag":[{"value":1450,"label":"Check-in with Suzanne"}]},"featured_image_src":null,"featured_image_src_square":null,"mfb_rest_fields":["featured_image_src_large","author_info","comment_info","category_info","tag_info","taxonomy_info","featured_image_src","featured_image_src_square"],"_links":{"self":[{"href":"https:\/\/gbta.org\/pt\/wp-json\/wp\/v2\/posts\/2636","targetHints":{"allow":["GET"]}}],"collection":[{"href":"https:\/\/gbta.org\/pt\/wp-json\/wp\/v2\/posts"}],"about":[{"href":"https:\/\/gbta.org\/pt\/wp-json\/wp\/v2\/types\/post"}],"author":[{"embeddable":true,"href":"https:\/\/gbta.org\/pt\/wp-json\/wp\/v2\/users\/25"}],"replies":[{"embeddable":true,"href":"https:\/\/gbta.org\/pt\/wp-json\/wp\/v2\/comments?post=2636"}],"version-history":[{"count":0,"href":"https:\/\/gbta.org\/pt\/wp-json\/wp\/v2\/posts\/2636\/revisions"}],"wp:attachment":[{"href":"https:\/\/gbta.org\/pt\/wp-json\/wp\/v2\/media?parent=2636"}],"wp:term":[{"taxonomy":"category","embeddable":true,"href":"https:\/\/gbta.org\/pt\/wp-json\/wp\/v2\/categories?post=2636"},{"taxonomy":"post_tag","embeddable":true,"href":"https:\/\/gbta.org\/pt\/wp-json\/wp\/v2\/tags?post=2636"}],"curies":[{"name":"wp","href":"https:\/\/api.w.org\/{rel}","templated":true}]}}