{"id":2639,"date":"2022-01-18T10:01:00","date_gmt":"2022-01-18T15:01:00","guid":{"rendered":"https:\/\/gbta.org\/check-in-with-suzanne-43\/"},"modified":"2022-09-29T09:14:57","modified_gmt":"2022-09-29T13:14:57","slug":"check-in-with-suzanne-43","status":"publish","type":"post","link":"https:\/\/gbta.org\/pt\/check-in-with-suzanne-43\/","title":{"rendered":"Check-in com Suzanne"},"content":{"rendered":"<p><span data-contrast=\"none\">Viramos a p\u00e1gina de um novo ano civil e os desafios da pandemia permanecem. Mas h\u00e1 vislumbres de progresso \u00e0 medida que os primeiros pontos quentes do planalto omicron come\u00e7am a arrefecer, no que esperamos que seja uma tend\u00eancia que continue. Na quinta-feira, divulgaremos os resultados da pesquisa GBTA COVID-19 de janeiro, que refletem o estado atual das viagens de neg\u00f3cios, incluindo o impacto da variante omicron.&nbsp;<\/span><span data-ccp-props=\"{&quot;201341983&quot;:0,&quot;335559739&quot;:160,&quot;335559740&quot;:259}\">&nbsp;<\/span><\/p>\n<p><span data-contrast=\"none\">Este m\u00eas vimos um indicador positivo para confer\u00eancias presenciais maiores. O&nbsp;<\/span><a href=\"https:\/\/www.ces.tech\/News\/Press-Releases\/CES-Press-Release.aspx?NodeID=feda6c3c-116e-4097-8735-60b8e0d7d096\"><span data-contrast=\"none\">Feira de Eletr\u00f4nicos de Consumo<\/span><\/a><span data-contrast=\"none\">&nbsp;\u2013 anunciado como o \u201cevento de tecnologia mais influente do mundo\u201d \u2013 voltou como um evento presencial e ao vivo em Las Vegas, atraindo 40.000 participantes (e, portanto, muitas viagens de neg\u00f3cios globais!) com forte seguran\u00e7a e sa\u00fade&nbsp;<\/span><a href=\"https:\/\/ces.tech\/Logistics\/Health-Protocols.aspx\"><span data-contrast=\"none\">protocolos<\/span><\/a><span data-contrast=\"none\">&nbsp;no lugar. Na GBTA estamos nos preparando para nossos primeiros encontros presenciais do novo ano desde a conven\u00e7\u00e3o de novembro&nbsp;<\/span><span data-contrast=\"auto\">em Orlando. Em fevereiro, a 18\u00aa C\u00fapula Anual de Lideran\u00e7a do Cap\u00edtulo dos EUA da GBTA se re\u00fane em Tampa, Fl\u00f3rida, reunindo mais de 150 l\u00edderes volunt\u00e1rios para dois dias de aprendizado, networking e colabora\u00e7\u00e3o. As atividades tamb\u00e9m est\u00e3o bem encaminhadas para&nbsp;<\/span><a href=\"https:\/\/europeconference.gbta.org\/\"><span data-contrast=\"none\">Confer\u00eancia GBTA da Europa<\/span><\/a><span data-contrast=\"auto\">&nbsp;em parceria com a VDR que acontecer\u00e1 de 28 de fevereiro a 2 de mar\u00e7o em Berlim. Estou ansioso para (re)conectar-me com todos nesses eventos - mesmo que muitos de nossos outros programas estejam em modo de planejamento a todo vapor, incluindo Ladders, WINiT e o&nbsp;<\/span><a href=\"https:\/\/gbta.org\/pt\/professional-development\/call-for-education-session-proposals\/\"><span data-contrast=\"none\">chamada para propostas de sess\u00f5es educacionais<\/span><\/a><span data-contrast=\"auto\">&nbsp;para nossa conven\u00e7\u00e3o de agosto em San Diego.<\/span><span data-ccp-props=\"{&quot;201341983&quot;:0,&quot;335559739&quot;:160,&quot;335559740&quot;:259}\">&nbsp;<\/span><\/p>\n<p><span data-contrast=\"none\">Para o novo ano, (re)conectar tamb\u00e9m significa otimizar os recursos online do GBTA ao seu alcance. Para os membros, o rec\u00e9m-reformulado&nbsp;<\/span><a href=\"https:\/\/hub.gbta.org\/home\"><span data-contrast=\"none\">Centro GBTA<\/span><\/a><span data-contrast=\"none\">&nbsp;\u00e9 onde voc\u00ea deseja se envolver para obter o que h\u00e1 de mais recente em intera\u00e7\u00e3o entre pares e melhores pr\u00e1ticas, al\u00e9m de acesso a in\u00fameros recursos de educa\u00e7\u00e3o e pesquisa. E para quem est\u00e1 pegando a estrada ou o c\u00e9u em meio \u00e0 persistente pandemia, lembre-se do&nbsp;<\/span><a href=\"https:\/\/www3.gbta.org\/e\/5572\/ndP350GoOSV\/6m74rk\/4047627108?h=wnLEZ_p6y7ExpwU7dxAJVrB-0TygFBqlC2nq2cXQuSQ\"><span data-contrast=\"none\">Ferramenta de planejamento de viagens Sherpa + American Airlines<\/span><\/a><span data-contrast=\"none\">&nbsp;\u00e9 facilmente acess\u00edvel no site da GBTA e fornece informa\u00e7\u00f5es sobre restri\u00e7\u00f5es de entrada e requisitos de viagem do COVID-19 em todo o mundo para ajud\u00e1-lo a navegar com seguran\u00e7a e responsabilidade.<\/span><span data-ccp-props=\"{&quot;201341983&quot;:0,&quot;335559739&quot;:160,&quot;335559740&quot;:259}\">&nbsp;<\/span><\/p>\n<p><span data-contrast=\"auto\">Suzanne<\/span><span data-ccp-props=\"{&quot;201341983&quot;:0,&quot;335559739&quot;:160,&quot;335559740&quot;:259}\">&nbsp;<\/span><\/p>\n<p><span style=\"text-decoration: underline\"><b>Not\u00edcias para saber<\/b>&nbsp;<\/span><\/p>\n<p><b><span data-contrast=\"none\">Viva \u00e9 reconhecida por sua frota e espera adicionar novas aeronaves este ano<\/span><\/b><span data-ccp-props=\"{&quot;201341983&quot;:0,&quot;335551550&quot;:1,&quot;335551620&quot;:1,&quot;335559739&quot;:160,&quot;335559740&quot;:259}\">&nbsp;<\/span><\/p>\n<p><span data-contrast=\"none\">A Viva foi reconhecida como a segunda companhia a\u00e9rea com a segunda frota mais moderna da Am\u00e9rica do Sul e a quarta do mundo pela plataforma de dados a\u00e9reos CH-Aviations. Sua frota cont\u00e9m 21 aeronaves Airbus A320 e NEO com tecnologia que permite a redu\u00e7\u00e3o das emiss\u00f5es de CO2 em suas opera\u00e7\u00f5es, consumindo 15% a menos de combust\u00edvel e reduzindo o ru\u00eddo do motor em 50%. Em termos de biosseguran\u00e7a, esta frota conta com tecnologia especializada e filtros purificadores HEPA, que renovam o ar respirado na cabine a cada tr\u00eas minutos.<\/span><span data-ccp-props=\"{&quot;201341983&quot;:0,&quot;335551550&quot;:1,&quot;335551620&quot;:1,&quot;335559739&quot;:160,&quot;335559740&quot;:259}\">&nbsp;<\/span><\/p>\n<p><b><span data-contrast=\"none\">Aumenta o otimismo para efeito de viagem limitado da Omicron Corp.<\/span><\/b><span data-ccp-props=\"{&quot;201341983&quot;:0,&quot;335551550&quot;:1,&quot;335551620&quot;:1,&quot;335559739&quot;:160,&quot;335559740&quot;:259}\">&nbsp;<\/span><\/p>\n<p><span data-contrast=\"none\">A variante omicron, extremamente contagiosa, espalhou-se rapidamente nas \u00faltimas semanas pelos Estados Unidos e pela Europa, como prometeram muitos epidemiologistas, desafiando as companhias a\u00e9reas e outras empresas a organizar hor\u00e1rios de trabalho de funcion\u00e1rios saud\u00e1veis e atrasando os planos de regresso ao escrit\u00f3rio de algumas empresas.&nbsp;<\/span><a href=\"https:\/\/www.businesstravelnews.com\/Management\/Optimism-Increases-for-Limited-Omicron-Corp-Travel-Effect\"><span data-contrast=\"none\">Mas alguns indicadores sugerem que<\/span><\/a><span data-contrast=\"none\">, quase duas semanas ap\u00f3s o in\u00edcio de 2022, a viol\u00eancia da nova variante n\u00e3o parece ter levado a novas restri\u00e7\u00f5es dram\u00e1ticas ou a evitar viagens de neg\u00f3cios.<\/span><span data-ccp-props=\"{&quot;201341983&quot;:0,&quot;335551550&quot;:1,&quot;335551620&quot;:1,&quot;335559739&quot;:160,&quot;335559740&quot;:259}\">&nbsp;<\/span><\/p>\n<p><b><span data-contrast=\"none\">M\u00e9dicos da Air Canada, WestJet e Pearson pedem o fim dos testes de PCR para viajantes<\/span><\/b><span data-ccp-props=\"{&quot;201341983&quot;:0,&quot;335551550&quot;:1,&quot;335551620&quot;:1,&quot;335559739&quot;:160,&quot;335559740&quot;:259}\">&nbsp;<\/span><\/p>\n<p><span data-contrast=\"none\">Jim Chung, Diretor M\u00e9dico, Air Canada, Dr. Edward Wasser, Diretor M\u00e9dico, Toronto Pearson e Dr. Tammy McKnight, Diretor M\u00e9dico, WestJet Airlines escreveram&nbsp;<\/span><a href=\"https:\/\/ca.travelpulse.com\/news\/impacting-travel\/air-canada-westjet-and-pearson-doctors-call-for-end-to-traveller-pcr-testing.html\"><span data-contrast=\"none\">uma carta aberta<\/span><\/a><span data-contrast=\"none\">&nbsp;pedindo ao governo canadense que direcione os testes PCR para longe dos viajantes e para as comunidades.<\/span><span data-ccp-props=\"{&quot;201341983&quot;:0,&quot;335551550&quot;:1,&quot;335551620&quot;:1,&quot;335559739&quot;:160,&quot;335559740&quot;:259}\">&nbsp;<\/span><\/p>\n<p><b><span data-contrast=\"none\">Governo do Reino Unido considera cortar testes do segundo dia para viajantes vacinados<\/span><\/b><span data-ccp-props=\"{&quot;201341983&quot;:0,&quot;335551550&quot;:1,&quot;335551620&quot;:1,&quot;335559739&quot;:160,&quot;335559740&quot;:259}\">&nbsp;<\/span><\/p>\n<p><span data-contrast=\"none\">Nas pr\u00f3ximas semanas, os viajantes totalmente vacinados para o Reino Unido poder\u00e3o&nbsp;<\/span><a href=\"https:\/\/www.businesstravelnewseurope.com\/Management\/UK-government-considers-axing-day-two-tests-for-vaccinated-travellers\"><span data-contrast=\"none\">entrar no pa\u00eds sem nenhum teste COVID-19<\/span><\/a><span data-contrast=\"none\">. Atualmente, os viajantes que retornam \u00e0 Inglaterra s\u00e3o obrigados a fazer um teste de fluxo lateral ou de ant\u00edgeno no segundo dia, e qualquer pessoa com teste positivo para Covid ter\u00e1 que se auto-isolar por 10 dias. Um an\u00fancio sobre o cancelamento dos testes do segundo dia para viajantes totalmente vacinados \u00e9 esperado por volta de 26 de janeiro.<\/span><span data-ccp-props=\"{&quot;201341983&quot;:0,&quot;335551550&quot;:1,&quot;335551620&quot;:1,&quot;335559739&quot;:160,&quot;335559740&quot;:259}\">&nbsp;<\/span><\/p>\n<p><span style=\"text-decoration: underline\"><b>Not\u00edcias e lembretes GBTA<\/b><\/span><span data-ccp-props=\"{&quot;201341983&quot;:0,&quot;335559739&quot;:160,&quot;335559740&quot;:259}\">&nbsp;<\/span><\/p>\n<p><b><span data-contrast=\"none\">As cinco quest\u00f5es essenciais sobre o futuro do trabalho<\/span><\/b><br \/>\n<i><span data-contrast=\"none\">Gratuito para membros do GBTA \u2013 <a href=\"https:\/\/gbta.org\/pt\/EventCalendar\/EventRegistrationStep1\/?eventcd=19DL0121\">Registre-se aqui<\/a><\/span><\/i><br \/>\n<span data-contrast=\"none\">Quase dois anos de trabalho h\u00edbrido e remoto, fomos for\u00e7ados a contemplar onde o trabalho (escrit\u00f3rio, casa, h\u00edbrido) ocorrer\u00e1 no futuro. Igualmente importante \u00e9 que devemos considerar quem trabalha, o que fazemos no trabalho, como trabalhamos e como medimos esse trabalho e, talvez o mais interessante, por que trabalhamos.<\/span><br \/>\n<i><span data-contrast=\"none\">Este \u00e9 um webinar interativo pr\u00e9-gravado<\/span><\/i><span data-ccp-props=\"{&quot;201341983&quot;:0,&quot;335551550&quot;:1,&quot;335551620&quot;:1,&quot;335559739&quot;:160,&quot;335559740&quot;:259}\">&nbsp;<\/span><\/p>\n<p><b><span data-contrast=\"none\">Repeti\u00e7\u00e3o da Conven\u00e7\u00e3o GBTA<\/span><\/b><span data-ccp-props=\"{&quot;201341983&quot;:0,&quot;335551550&quot;:1,&quot;335551620&quot;:1,&quot;335559739&quot;:160,&quot;335559740&quot;:259}\">&nbsp;<\/span><\/p>\n<p><span data-contrast=\"none\">N\u00e3o perca a experi\u00eancia nova e \u00fanica, confira&nbsp;<\/span><a href=\"https:\/\/gbta.org\/pt\/home\/convention-replay\/?_ga=2.47506215.1064344315.1635258174-143742742.1632159933\"><span data-contrast=\"none\">Repeti\u00e7\u00e3o da Conven\u00e7\u00e3o<\/span><\/a><span data-contrast=\"none\">! Com 5 sess\u00f5es de transmiss\u00e3o ao vivo no Main Stage, 25 sess\u00f5es educacionais, conex\u00f5es de expositores virtuais e muito mais, voc\u00ea pode colher o valor da principal reuni\u00e3o do setor de viagens de neg\u00f3cios da maneira certa para voc\u00ea.&nbsp;<\/span><span data-ccp-props=\"{&quot;201341983&quot;:0,&quot;335551550&quot;:1,&quot;335551620&quot;:1,&quot;335559739&quot;:160,&quot;335559740&quot;:259}\">&nbsp;<\/span><\/p>","protected":false},"excerpt":{"rendered":"<p>Viramos a p\u00e1gina de um novo ano civil e os desafios da pandemia permanecem. Mas h\u00e1 vislumbres de progresso \u00e0 medida que os primeiros pontos quentes do planalto omicron come\u00e7am a arrefecer, no que esperamos que seja uma tend\u00eancia que continue. Na quinta-feira, divulgaremos os resultados da pesquisa GBTA COVID-19 de janeiro, que refletem o estado atual das viagens de neg\u00f3cios, incluindo o impacto da variante omicron. Este m\u00eas vimos um indicador positivo para confer\u00eancias presenciais maiores. O Consumer Electronics Show - considerado o \u201cevento de tecnologia mais influente do mundo\u201d - voltou como\u2026<\/p>","protected":false},"author":25,"featured_media":0,"comment_status":"open","ping_status":"open","sticky":false,"template":"","format":"standard","meta":{"_acf_changed":false,"_seopress_robots_primary_cat":"none","_seopress_titles_title":"","_seopress_titles_desc":"","_seopress_robots_index":"","om_disable_all_campaigns":false,"_relevanssi_hide_post":"","_relevanssi_hide_content":"","_relevanssi_pin_for_all":"","_relevanssi_pin_keywords":"","_relevanssi_unpin_keywords":"","_relevanssi_related_keywords":"","_relevanssi_related_include_ids":"","_relevanssi_related_exclude_ids":"","_relevanssi_related_no_append":"","_relevanssi_related_not_related":"","_relevanssi_related_posts":"2477,1439,2017,1620,1171,2480","_relevanssi_noindex_reason":"","_kad_blocks_custom_css":"","_kad_blocks_head_custom_js":"","_kad_blocks_body_custom_js":"","_kad_blocks_footer_custom_js":"","_kad_post_transparent":"","_kad_post_title":"","_kad_post_layout":"","_kad_post_sidebar_id":"","_kad_post_content_style":"","_kad_post_vertical_padding":"","_kad_post_feature":"","_kad_post_feature_position":"","_kad_post_header":false,"_kad_post_footer":false,"footnotes":"","_links_to":"","_links_to_target":""},"categories":[1437,105],"tags":[1450],"class_list":["post-2639","post","type-post","status-publish","format-standard","hentry","category-covid-19","category-europe-and-uk","tag-check-in-with-suzanne"],"acf":[],"featured_image_src_large":false,"author_info":{"display_name":"jcampbell","author_link":"https:\/\/gbta.org\/pt\/author\/jcampbell\/"},"comment_info":"","category_info":[{"term_id":1437,"name":"COVID-19","slug":"covid-19","term_group":0,"term_taxonomy_id":1437,"taxonomy":"category","description":"","parent":0,"count":124,"filter":"raw","cat_ID":1437,"category_count":124,"category_description":"","cat_name":"COVID-19","category_nicename":"covid-19","category_parent":0},{"term_id":105,"name":"Europe and UK","slug":"europe-and-uk","term_group":0,"term_taxonomy_id":105,"taxonomy":"category","description":"","parent":0,"count":152,"filter":"raw","cat_ID":105,"category_count":152,"category_description":"","cat_name":"Europe and UK","category_nicename":"europe-and-uk","category_parent":0}],"tag_info":[{"term_id":1450,"name":"Check-in with Suzanne","slug":"check-in-with-suzanne","term_group":0,"term_taxonomy_id":1450,"taxonomy":"post_tag","description":"","parent":0,"count":47,"filter":"raw"}],"taxonomy_info":{"category":[{"value":1437,"label":"COVID-19"},{"value":105,"label":"Europe and UK"}],"post_tag":[{"value":1450,"label":"Check-in with Suzanne"}]},"featured_image_src":null,"featured_image_src_square":null,"mfb_rest_fields":["featured_image_src_large","author_info","comment_info","category_info","tag_info","taxonomy_info","featured_image_src","featured_image_src_square"],"_links":{"self":[{"href":"https:\/\/gbta.org\/pt\/wp-json\/wp\/v2\/posts\/2639","targetHints":{"allow":["GET"]}}],"collection":[{"href":"https:\/\/gbta.org\/pt\/wp-json\/wp\/v2\/posts"}],"about":[{"href":"https:\/\/gbta.org\/pt\/wp-json\/wp\/v2\/types\/post"}],"author":[{"embeddable":true,"href":"https:\/\/gbta.org\/pt\/wp-json\/wp\/v2\/users\/25"}],"replies":[{"embeddable":true,"href":"https:\/\/gbta.org\/pt\/wp-json\/wp\/v2\/comments?post=2639"}],"version-history":[{"count":0,"href":"https:\/\/gbta.org\/pt\/wp-json\/wp\/v2\/posts\/2639\/revisions"}],"wp:attachment":[{"href":"https:\/\/gbta.org\/pt\/wp-json\/wp\/v2\/media?parent=2639"}],"wp:term":[{"taxonomy":"category","embeddable":true,"href":"https:\/\/gbta.org\/pt\/wp-json\/wp\/v2\/categories?post=2639"},{"taxonomy":"post_tag","embeddable":true,"href":"https:\/\/gbta.org\/pt\/wp-json\/wp\/v2\/tags?post=2639"}],"curies":[{"name":"wp","href":"https:\/\/api.w.org\/{rel}","templated":true}]}}