{"id":2642,"date":"2022-01-25T10:01:00","date_gmt":"2022-01-25T15:01:00","guid":{"rendered":"https:\/\/gbta.org\/check-in-with-suzanne-44\/"},"modified":"2022-09-29T09:11:20","modified_gmt":"2022-09-29T13:11:20","slug":"check-in-with-suzanne-44","status":"publish","type":"post","link":"https:\/\/gbta.org\/pt\/check-in-with-suzanne-44\/","title":{"rendered":"Check-in com Suzanne"},"content":{"rendered":"<p><span data-contrast=\"auto\">Parece que foi ontem que encerramos a Conven\u00e7\u00e3o GBTA 2021 em Orlando. No entanto, estamos totalmente focados agora na Conven\u00e7\u00e3o de 2022, de 14 a 17 de agosto em San Diego, CA, e as inscri\u00e7\u00f5es ser\u00e3o abertas em breve. (<\/span><a href=\"https:\/\/convention.gbta.org\/\"><span data-contrast=\"none\">Inscrever-se<\/span><\/a><span data-contrast=\"auto\">&nbsp;para atualiza\u00e7\u00f5es!)<\/span><span data-ccp-props=\"{&quot;201341983&quot;:0,&quot;335559739&quot;:160,&quot;335559740&quot;:259,&quot;469777462&quot;:[720],&quot;469777927&quot;:[0],&quot;469777928&quot;:[8]}\">&nbsp;<\/span><\/p>\n<p><span data-contrast=\"auto\">E, gra\u00e7as ao seu feedback p\u00f3s-Conven\u00e7\u00e3o de 2021, estamos aproveitando nossos sucessos e \u00e1reas que precisam de melhorias para 2022 para Re(Connect), Re(Imagine) e (Re)Create para oferecer os eventos mais relevantes e envolventes na pandemia de COVID-19. era. E, a prop\u00f3sito, atingimos um recorde de respostas de todos os tempos para o feedback dos participantes! A diversidade e a quantidade de feedback desempenhar\u00e3o um papel significativo na forma\u00e7\u00e3o e (re)cria\u00e7\u00e3o n\u00e3o apenas da Conven\u00e7\u00e3o global anual, mas tamb\u00e9m de outros eventos e programa\u00e7\u00e3o do GBTA em todo o mundo ao longo do pr\u00f3ximo ano.&nbsp;<\/span><span data-ccp-props=\"{&quot;201341983&quot;:0,&quot;335559739&quot;:160,&quot;335559740&quot;:259,&quot;469777462&quot;:[720],&quot;469777927&quot;:[0],&quot;469777928&quot;:[8]}\">&nbsp;<\/span><\/p>\n<p><span data-contrast=\"auto\">A GBTA continua focada em atender \u00e0s necessidades exclusivas de nossos diversos setores da ind\u00fastria nestes ambientes mais desafiadores. Com base na pesquisa p\u00f3s-Conven\u00e7\u00e3o, aqui est\u00e1 um pouco do que ouvimos e estamos prestando aten\u00e7\u00e3o enquanto olhamos para o futuro:<\/span><span data-ccp-props=\"{&quot;201341983&quot;:0,&quot;335559739&quot;:160,&quot;335559740&quot;:259,&quot;469777462&quot;:[720],&quot;469777927&quot;:[0],&quot;469777928&quot;:[8]}\">&nbsp;<\/span><\/p>\n<ul>\n<li data-leveltext=\"\u2022\" data-font=\"Arial\" data-listid=\"4\" data-aria-posinset=\"1\" data-aria-level=\"1\"><span data-contrast=\"auto\">83% dos participantes disseram que a Conven\u00e7\u00e3o atendeu ou superou suas expectativas, com mais da metade deles nos dando as melhores pontua\u00e7\u00f5es.<\/span><span data-ccp-props=\"{&quot;201341983&quot;:0,&quot;335559739&quot;:160,&quot;335559740&quot;:259}\">&nbsp;<\/span><\/li>\n<\/ul>\n<ul>\n<li data-leveltext=\"\u2022\" data-font=\"Arial\" data-listid=\"4\" data-aria-posinset=\"1\" data-aria-level=\"1\"><span data-contrast=\"auto\">Mais de 80% de compradores de viagens participantes planejam fazer neg\u00f3cios com empresas expositoras.&nbsp;<\/span><span data-ccp-props=\"{&quot;201341983&quot;:0,&quot;335559739&quot;:160,&quot;335559740&quot;:259}\">&nbsp;<\/span><\/li>\n<li data-leveltext=\"\u2022\" data-font=\"Arial\" data-listid=\"4\" data-aria-posinset=\"2\" data-aria-level=\"1\"><span data-contrast=\"auto\">75% de todos os participantes pretendem retornar este ano.&nbsp;<\/span><span data-ccp-props=\"{&quot;201341983&quot;:0,&quot;335559739&quot;:160,&quot;335559740&quot;:259}\">&nbsp;<\/span><\/li>\n<li data-leveltext=\"\u2022\" data-font=\"Arial\" data-listid=\"4\" data-aria-posinset=\"3\" data-aria-level=\"1\"><span data-contrast=\"auto\">Quando se trata de palestrantes em grandes palcos, os participantes mais querem ouvir l\u00edderes e executivos de viagens de neg\u00f3cios (67%), especialistas no assunto (59%), empres\u00e1rios famosos (49%) e palestrantes profissionais com hist\u00f3rias inspiradoras (48%).&nbsp;<\/span><span data-ccp-props=\"{&quot;201341983&quot;:0,&quot;335559739&quot;:160,&quot;335559740&quot;:259}\">&nbsp;<\/span><\/li>\n<li data-leveltext=\"\u2022\" data-font=\"Arial\" data-listid=\"4\" data-aria-posinset=\"4\" data-aria-level=\"1\"><span data-contrast=\"auto\">A classifica\u00e7\u00e3o mais alta foi para a sess\u00e3o Future of Work e Heather McGowan. E \u2013 realmente \u2013 as pontua\u00e7\u00f5es gerais do nosso programa Main Stage foram animadoras \u2013 e confirmaram que nossa nova abordagem de curadoria de conte\u00fado e entrega dos t\u00f3picos que mais importam agora est\u00e1 ressoando com a maioria de voc\u00eas.&nbsp;<\/span><span data-ccp-props=\"{&quot;201341983&quot;:0,&quot;335559739&quot;:160,&quot;335559740&quot;:259}\">&nbsp;<\/span><\/li>\n<\/ul>\n<p><span data-ccp-props=\"{&quot;201341983&quot;:0,&quot;335559739&quot;:160,&quot;335559740&quot;:259}\">&nbsp;<\/span><span data-contrast=\"auto\">A Conven\u00e7\u00e3o do ano passado teve seus desafios \u2013 e levamos a s\u00e9rio seu feedback nessas \u00e1reas tamb\u00e9m. Houve decep\u00e7\u00e3o com a diminui\u00e7\u00e3o do n\u00famero geral de compradores de viagens presentes, bem como o piso do sal\u00e3o de exposi\u00e7\u00f5es, a escolha de alimentos e as embalagens \u2013 todas essas \u00e1reas impactadas pelas circunst\u00e2ncias da pandemia.&nbsp;<\/span><span data-ccp-props=\"{&quot;201341983&quot;:0,&quot;335559739&quot;:160,&quot;335559740&quot;:259}\">&nbsp;<\/span><\/p>\n<p><span data-contrast=\"auto\">Em 2022, tentaremos elevar ainda mais o n\u00edvel com insights sobre os principais desafios do setor para aprender, discutir e levar para casa com voc\u00ea. Com cada programa, iniciativa e evento, nosso objetivo \u00e9 melhorar cada vez mais, entregar o que voc\u00ea precisa e superar suas expectativas, mantendo todos seguros no processo. Obrigado a todos que se conectaram conosco. Congratulamo-nos com o seu feedback cont\u00ednuo. Estenda a m\u00e3o para&nbsp;<\/span><a href=\"mailto:sneufang@gbta.org\"><span data-contrast=\"none\">Eu<\/span><\/a><span data-contrast=\"auto\">&nbsp;ou qualquer um dos&nbsp;<\/span><a href=\"mailto:info@gbta.org\"><span data-contrast=\"none\">Equipe GBTA<\/span><\/a><span data-contrast=\"auto\">&nbsp;ou membros do Conselho. GBTA est\u00e1 aqui para ouvir.<\/span><span data-ccp-props=\"{&quot;201341983&quot;:0,&quot;335559739&quot;:160,&quot;335559740&quot;:259}\">&nbsp;<\/span><\/p>\n<p><span data-ccp-props=\"{&quot;201341983&quot;:0,&quot;335559739&quot;:160,&quot;335559740&quot;:259}\">&nbsp;<\/span><\/p>\n<p><span style=\"text-decoration: underline\"><b>Not\u00edcias para saber<\/b>&nbsp;<\/span><\/p>\n<p><b><span data-contrast=\"none\">CDC move 22 novos destinos para seu n\u00edvel de maior risco para viagens<\/span><\/b><span data-ccp-props=\"{&quot;201341983&quot;:0,&quot;335551550&quot;:1,&quot;335551620&quot;:1,&quot;335559739&quot;:160,&quot;335559740&quot;:259}\">&nbsp;<\/span><\/p>\n<p><span data-contrast=\"none\">Os Centros de Controle e Preven\u00e7\u00e3o de Doen\u00e7as dos EUA moveram 22 na\u00e7\u00f5es para sua categoria de viagem de maior risco para o Covid-19 na ter\u00e7a-feira. Por outro lado, ele moveu apenas duas na\u00e7\u00f5es para o N\u00edvel 4, ou risco \u201cmuito alto\u201d, na semana passada. Aumentando o impacto: o CDC tamb\u00e9m moveu 22 na\u00e7\u00f5es adicionais para sua categoria de N\u00edvel 3, que \u00e9 considerada de risco \u201calto\u201d para o Covid-19.&nbsp;<\/span><a href=\"https:\/\/www.cnn.com\/travel\/article\/cdc-very-high-risk-travel-destinations-january-18\/index.html\"><span data-contrast=\"none\">Entre as na\u00e7\u00f5es movidas para o N\u00edvel 4<\/span><\/a><span data-contrast=\"none\">&nbsp;esta semana foram Argentina e Austr\u00e1lia, que mantiveram alguns dos controles de fronteira mais r\u00edgidos durante a maior parte da pandemia.<\/span><span data-ccp-props=\"{&quot;201341983&quot;:0,&quot;335551550&quot;:1,&quot;335551620&quot;:1,&quot;335559739&quot;:160,&quot;335559740&quot;:259}\">&nbsp;<\/span><\/p>\n<p><b><span data-contrast=\"none\">Canada Jetlines inicia treinamento de pilotos<\/span><\/b><span data-ccp-props=\"{&quot;201341983&quot;:0,&quot;335551550&quot;:1,&quot;335551620&quot;:1,&quot;335559739&quot;:160,&quot;335559740&quot;:259}\">&nbsp;<\/span><\/p>\n<p><span data-contrast=\"none\">A Transport Canada deu \u00e0 Canada Jetlines&nbsp;<\/span><a href=\"https:\/\/www.travelweek.ca\/news\/canada-jetlines-begins-pilot-training\/\"><span data-contrast=\"none\">a luz verde para iniciar o treinamento da tripula\u00e7\u00e3o de voo antes de seu lan\u00e7amento na primavera de 2022<\/span><\/a><span data-contrast=\"none\">. A aprova\u00e7\u00e3o final do programa de Treinamento de Pilotos ser\u00e1 concedida assim que a Transport Canada tiver revisado o treinamento, considerando-o satisfat\u00f3rio. \u201cEste \u00e9 um marco importante no processo de certifica\u00e7\u00e3o de operador a\u00e9reo com a Transport Canada\u201d, disse Eddy Doyle, CEO da Canada Jetlines. \u201cNossa primeira equipe iniciar\u00e1 seu programa de treinamento de pilotos este m\u00eas e est\u00e1 programado para concluir o treinamento em simulador no final de fevereiro.\u201d<\/span><span data-ccp-props=\"{&quot;201341983&quot;:0,&quot;335551550&quot;:1,&quot;335551620&quot;:1,&quot;335559739&quot;:160,&quot;335559740&quot;:259}\">&nbsp;<\/span><\/p>\n<p><b><span data-contrast=\"none\">Governo do Reino Unido considera encerrar o segundo dia de testes para viajantes vacinados<\/span><\/b><span data-ccp-props=\"{&quot;201341983&quot;:0,&quot;335551550&quot;:1,&quot;335551620&quot;:1,&quot;335559739&quot;:160,&quot;335559740&quot;:259}\">&nbsp;<\/span><\/p>\n<p><span data-contrast=\"none\">Nas pr\u00f3ximas semanas, viajantes totalmente vacinados para o Reino Unido poder\u00e3o&nbsp;<\/span><a href=\"https:\/\/www.businesstravelnewseurope.com\/Management\/UK-government-considers-axing-day-two-tests-for-vaccinated-travellers\"><span data-contrast=\"none\">entrar no pa\u00eds sem nenhum teste COVID-19<\/span><\/a><span data-contrast=\"none\">. Atualmente, os viajantes que retornam \u00e0 Inglaterra s\u00e3o obrigados a fazer um teste de fluxo lateral ou de ant\u00edgeno no segundo dia, com qualquer pessoa com teste positivo para Covid tendo que se auto-isolar por 10 dias. Um an\u00fancio no dia dois de desmantelamento dos testes para viajantes totalmente vacinados \u00e9 esperado por volta de 26 de janeiro.<\/span><span data-ccp-props=\"{&quot;201341983&quot;:0,&quot;335551550&quot;:1,&quot;335551620&quot;:1,&quot;335559739&quot;:160,&quot;335559740&quot;:259}\">&nbsp;<\/span><\/p>\n<p><b><span data-contrast=\"none\">LATAM faz parceria com rival da British Airways ap\u00f3s deixar oneworld<\/span><\/b><span data-ccp-props=\"{&quot;201341983&quot;:0,&quot;335551550&quot;:1,&quot;335551620&quot;:1,&quot;335559739&quot;:160,&quot;335559740&quot;:259}\">&nbsp;<\/span><\/p>\n<p><span data-contrast=\"none\">O LATAM Airlines Group firmar\u00e1 um acordo de codeshare com a Virgin Atlantic,&nbsp;<\/span><a href=\"https:\/\/simpleflying.com\/latam-virgin-atlantic-partnership\/\"><span data-contrast=\"none\">ambas as operadoras anunciaram<\/span><\/a><span data-contrast=\"none\">. Desde que deixou a oneworld, a LATAM se aproximou da Delta Air Lines e de seus parceiros, Virgin e Aeromexico.<\/span><span data-ccp-props=\"{&quot;201341983&quot;:0,&quot;335551550&quot;:1,&quot;335551620&quot;:1,&quot;335559739&quot;:160,&quot;335559740&quot;:259}\">&nbsp;<\/span><\/p>\n<p><span data-ccp-props=\"{&quot;201341983&quot;:0,&quot;335551550&quot;:1,&quot;335551620&quot;:1,&quot;335559739&quot;:160,&quot;335559740&quot;:259}\">&nbsp;<\/span><\/p>\n<p><span style=\"text-decoration: underline\"><b>Not\u00edcias e lembretes GBTA<\/b>&nbsp;<\/span><\/p>\n<p><b><span data-contrast=\"none\">Preparar. Seguro. Viagem. F\u00f3rum de discuss\u00e3o do Canad\u00e1<\/span><\/b><span data-ccp-props=\"{&quot;201341983&quot;:0,&quot;335551550&quot;:1,&quot;335551620&quot;:1,&quot;335559739&quot;:160,&quot;335559740&quot;:259}\">&nbsp;<\/span><\/p>\n<p><span data-contrast=\"none\">26 de janeiro de 2022 | 13:00 EST<\/span><br \/>\n<span data-contrast=\"none\">O Pronto. Seguro. Viagem. O F\u00f3rum de Discuss\u00e3o do Canad\u00e1 \u00e9 um programa virtual gratuito e ser\u00e1 um destaque dos principais aprendizados e conclus\u00f5es de pol\u00edticas das sess\u00f5es originais do Ready. Seguro. Programa Travel Canada Workshop Series.&nbsp;<\/span><a href=\"https:\/\/gbta.org\/pt\/membership-communities\/regions\/canada\/ready-safe-travel-canada-discussion-forum\/\"><span data-contrast=\"none\">Saiba mais e cadastre-se &gt;&gt;<\/span><\/a><span data-ccp-props=\"{&quot;201341983&quot;:0,&quot;335551550&quot;:1,&quot;335551620&quot;:1,&quot;335559739&quot;:160,&quot;335559740&quot;:259}\">&nbsp;<\/span><\/p>\n<p><b><span data-contrast=\"auto\">C\u00e2mara Municipal GBTA Europa<\/span><\/b><span data-ccp-props=\"{&quot;201341983&quot;:0,&quot;335551550&quot;:1,&quot;335551620&quot;:1,&quot;335559739&quot;:160,&quot;335559740&quot;:259}\">&nbsp;<\/span><\/p>\n<p><span data-contrast=\"auto\">27 de janeiro de 2022 | 14:00 GMT<\/span><br \/>\n<span data-contrast=\"auto\">Junte-se a n\u00f3s no primeiro GBTA Europe Town Hall de 2022 para receber as \u00faltimas not\u00edcias do GBTA na regi\u00e3o e conhecer Ben Park, presidente do Conselho Consultivo do GBTA Europe. Tamb\u00e9m teremos a companhia do Diretor de Pesquisa da GBTA, Chris Ely, que apresentar\u00e1 o GBTA BTI Business Travel Outlook, fornecendo informa\u00e7\u00f5es valiosas sobre quando podemos esperar um retorno \u00e0s viagens e as for\u00e7as econ\u00f4micas que sustentar\u00e3o esse crescimento.<\/span><span data-ccp-props=\"{&quot;201341983&quot;:0,&quot;335551550&quot;:1,&quot;335551620&quot;:1,&quot;335559739&quot;:160,&quot;335559740&quot;:259}\">&nbsp;<a href=\"https:\/\/gbta.org\/pt\/EventCalendar\/EventRegistrationStep1\/?eventcd=27DL0122\">Inscreva-se hoje &gt;&gt;<\/a><\/span><\/p>\n<p><b><span data-contrast=\"none\">Repeti\u00e7\u00e3o da Conven\u00e7\u00e3o GBTA<\/span><\/b><span data-ccp-props=\"{&quot;201341983&quot;:0,&quot;335551550&quot;:1,&quot;335551620&quot;:1,&quot;335559739&quot;:160,&quot;335559740&quot;:259}\">&nbsp;<\/span><\/p>\n<p><span data-contrast=\"none\">N\u00e3o perca a experi\u00eancia nova e \u00fanica, confira&nbsp;<\/span><a href=\"https:\/\/gbta.org\/pt\/home\/convention-replay\/?_ga=2.47506215.1064344315.1635258174-143742742.1632159933\"><span data-contrast=\"none\">Repeti\u00e7\u00e3o da Conven\u00e7\u00e3o<\/span><\/a><span data-contrast=\"none\">! Com 5 sess\u00f5es de transmiss\u00e3o ao vivo no Main Stage, 25 sess\u00f5es educacionais, conex\u00f5es de expositores virtuais e muito mais, voc\u00ea pode colher o valor da principal reuni\u00e3o do setor de viagens de neg\u00f3cios da maneira certa para voc\u00ea.&nbsp;<\/span><span data-ccp-props=\"{&quot;201341983&quot;:0,&quot;335551550&quot;:1,&quot;335551620&quot;:1,&quot;335559739&quot;:160,&quot;335559740&quot;:259}\">&nbsp;<\/span><\/p>","protected":false},"excerpt":{"rendered":"<p>Parece que foi ontem que encerramos a Conven\u00e7\u00e3o GBTA 2021 em Orlando. No entanto, estamos totalmente focados agora na Conven\u00e7\u00e3o de 2022, de 14 a 17 de agosto em San Diego, CA, e as inscri\u00e7\u00f5es ser\u00e3o abertas em breve. (Inscreva-se para receber atualiza\u00e7\u00f5es!) E gra\u00e7as ao seu feedback p\u00f3s-Conven\u00e7\u00e3o de 2021, estamos aproveitando nossos sucessos e \u00e1reas que precisam de melhorias para 2022 para Re(Connect), Re(Imagine) e (Re)Create para oferecer o mais relevante e eventos envolventes na era COVID. E, a prop\u00f3sito, atingimos um recorde de respostas de todos os tempos para o feedback dos participantes! A diversidade e a quantidade de feedback desempenhar\u00e3o um papel significativo\u2026<\/p>","protected":false},"author":25,"featured_media":0,"comment_status":"open","ping_status":"open","sticky":false,"template":"","format":"standard","meta":{"_acf_changed":false,"_seopress_robots_primary_cat":"none","_seopress_titles_title":"","_seopress_titles_desc":"","_seopress_robots_index":"","om_disable_all_campaigns":false,"_relevanssi_hide_post":"","_relevanssi_hide_content":"","_relevanssi_pin_for_all":"","_relevanssi_pin_keywords":"","_relevanssi_unpin_keywords":"","_relevanssi_related_keywords":"","_relevanssi_related_include_ids":"","_relevanssi_related_exclude_ids":"","_relevanssi_related_no_append":"","_relevanssi_related_not_related":"","_relevanssi_related_posts":"2477,1439,2017,1620,1171,2480","_relevanssi_noindex_reason":"","_kad_blocks_custom_css":"","_kad_blocks_head_custom_js":"","_kad_blocks_body_custom_js":"","_kad_blocks_footer_custom_js":"","_kad_post_transparent":"","_kad_post_title":"","_kad_post_layout":"","_kad_post_sidebar_id":"","_kad_post_content_style":"","_kad_post_vertical_padding":"","_kad_post_feature":"","_kad_post_feature_position":"","_kad_post_header":false,"_kad_post_footer":false,"footnotes":"","_links_to":"","_links_to_target":""},"categories":[1437,1401,37],"tags":[1450],"class_list":["post-2642","post","type-post","status-publish","format-standard","hentry","category-covid-19","category-diversity-equity-inclusion","category-research-and-travel-trends","tag-check-in-with-suzanne"],"acf":[],"featured_image_src_large":false,"author_info":{"display_name":"jcampbell","author_link":"https:\/\/gbta.org\/pt\/author\/jcampbell\/"},"comment_info":"","category_info":[{"term_id":1437,"name":"COVID-19","slug":"covid-19","term_group":0,"term_taxonomy_id":1437,"taxonomy":"category","description":"","parent":0,"count":124,"filter":"raw","cat_ID":1437,"category_count":124,"category_description":"","cat_name":"COVID-19","category_nicename":"covid-19","category_parent":0},{"term_id":1401,"name":"Diversity, Equity &amp; Inclusion","slug":"diversity-equity-inclusion","term_group":0,"term_taxonomy_id":1401,"taxonomy":"category","description":"","parent":0,"count":40,"filter":"raw","cat_ID":1401,"category_count":40,"category_description":"","cat_name":"Diversity, Equity &amp; Inclusion","category_nicename":"diversity-equity-inclusion","category_parent":0},{"term_id":37,"name":"Research and Travel Trends","slug":"research-and-travel-trends","term_group":0,"term_taxonomy_id":37,"taxonomy":"category","description":"","parent":0,"count":966,"filter":"raw","cat_ID":37,"category_count":966,"category_description":"","cat_name":"Research and Travel Trends","category_nicename":"research-and-travel-trends","category_parent":0}],"tag_info":[{"term_id":1450,"name":"Check-in with Suzanne","slug":"check-in-with-suzanne","term_group":0,"term_taxonomy_id":1450,"taxonomy":"post_tag","description":"","parent":0,"count":47,"filter":"raw"}],"taxonomy_info":{"category":[{"value":1437,"label":"COVID-19"},{"value":1401,"label":"Diversity, Equity &amp; Inclusion"},{"value":37,"label":"Research and Travel Trends"}],"post_tag":[{"value":1450,"label":"Check-in with Suzanne"}]},"featured_image_src":null,"featured_image_src_square":null,"mfb_rest_fields":["featured_image_src_large","author_info","comment_info","category_info","tag_info","taxonomy_info","featured_image_src","featured_image_src_square"],"_links":{"self":[{"href":"https:\/\/gbta.org\/pt\/wp-json\/wp\/v2\/posts\/2642","targetHints":{"allow":["GET"]}}],"collection":[{"href":"https:\/\/gbta.org\/pt\/wp-json\/wp\/v2\/posts"}],"about":[{"href":"https:\/\/gbta.org\/pt\/wp-json\/wp\/v2\/types\/post"}],"author":[{"embeddable":true,"href":"https:\/\/gbta.org\/pt\/wp-json\/wp\/v2\/users\/25"}],"replies":[{"embeddable":true,"href":"https:\/\/gbta.org\/pt\/wp-json\/wp\/v2\/comments?post=2642"}],"version-history":[{"count":0,"href":"https:\/\/gbta.org\/pt\/wp-json\/wp\/v2\/posts\/2642\/revisions"}],"wp:attachment":[{"href":"https:\/\/gbta.org\/pt\/wp-json\/wp\/v2\/media?parent=2642"}],"wp:term":[{"taxonomy":"category","embeddable":true,"href":"https:\/\/gbta.org\/pt\/wp-json\/wp\/v2\/categories?post=2642"},{"taxonomy":"post_tag","embeddable":true,"href":"https:\/\/gbta.org\/pt\/wp-json\/wp\/v2\/tags?post=2642"}],"curies":[{"name":"wp","href":"https:\/\/api.w.org\/{rel}","templated":true}]}}