{"id":2643,"date":"2022-01-26T10:01:00","date_gmt":"2022-01-26T15:01:00","guid":{"rendered":"https:\/\/gbta.org\/travelling-in-the-eu-is-complex\/"},"modified":"2022-09-29T09:14:17","modified_gmt":"2022-09-29T13:14:17","slug":"travelling-in-the-eu-is-complex","status":"publish","type":"post","link":"https:\/\/gbta.org\/pt\/travelling-in-the-eu-is-complex\/","title":{"rendered":"Viajar na UE \u00e9 complexo\u00a0"},"content":{"rendered":"<p><b><span data-contrast=\"none\">N\u00e3o tem sua inje\u00e7\u00e3o de refor\u00e7o?&nbsp;<\/span><\/b><span data-ccp-props=\"{&quot;201341983&quot;:0,&quot;335551550&quot;:1,&quot;335551620&quot;:1,&quot;335559739&quot;:160,&quot;335559740&quot;:259}\">&nbsp;<\/span><b><span data-contrast=\"none\">Viajar na UE \u00e9 complexo<\/span><\/b><span data-ccp-props=\"{&quot;201341983&quot;:0,&quot;335551550&quot;:1,&quot;335551620&quot;:1,&quot;335559739&quot;:160,&quot;335559740&quot;:259}\">&nbsp;<\/span><\/p>\n<p><span data-contrast=\"none\">A Comiss\u00e3o Europeia acordou <\/span><span data-contrast=\"none\">sobre <\/span><span data-contrast=\"none\">novas recomenda\u00e7\u00f5es para limitar o per\u00edodo de validade do Certificado Digital Covid da UE a 270 dias para aqueles que ainda n\u00e3o receberam um <\/span><span data-contrast=\"none\">COVID-19 <\/span><span data-contrast=\"none\">jab de refor\u00e7o.&nbsp;<\/span><span data-ccp-props=\"{&quot;201341983&quot;:0,&quot;335559739&quot;:160,&quot;335559740&quot;:259}\">&nbsp;<\/span><\/p>\n<p><span data-contrast=\"none\">O prazo de 270 dias \u00e9 contado a partir do dia da segunda dose e entrar\u00e1 em vigor a partir de <\/span><b><span data-contrast=\"none\">1\u00ba de fevereiro de 2022<\/span><\/b><span data-contrast=\"none\">. Esta nova decis\u00e3o aplicar-se-\u00e1 a todos os Estados-Membros da UE e a<\/span><a href=\"https:\/\/eur-lex.europa.eu\/legal-content\/EN\/TXT\/?uri=CELEX%3A32021R0954\"><span data-contrast=\"none\"> os certificados emitidos por pa\u00edses terceiros<\/span><\/a><span data-contrast=\"none\"> ao visitar a UE.<\/span><span data-ccp-props=\"{&quot;201341983&quot;:0,&quot;335559739&quot;:160,&quot;335559740&quot;:259}\">&nbsp;<\/span><\/p>\n<p><span data-contrast=\"none\">Para entrar nos estados membros da UE, os viajantes precisar\u00e3o apresentar um Certificado Digital Covid da UE v\u00e1lido ou uma prova de que receberam a dose de refor\u00e7o.&nbsp;<\/span><span data-ccp-props=\"{&quot;201341983&quot;:0,&quot;335559739&quot;:160,&quot;335559740&quot;:259}\">&nbsp;<\/span><\/p>\n<p><span data-contrast=\"none\">A nova recomenda\u00e7\u00e3o n\u00e3o \u00e9 juridicamente vinculativa e uma infinidade de regras e regulamentos continuam a causar confus\u00e3o aos viajantes de neg\u00f3cios, \u00e0 medida que os pa\u00edses optam por implementar regras nacionais que diferem das propostas da UE.<\/span><span data-ccp-props=\"{&quot;201341983&quot;:0,&quot;335559739&quot;:160,&quot;335559740&quot;:259}\">&nbsp;<\/span><\/p>\n<ul>\n<li data-leveltext=\"\uf0b7\" data-font=\"Symbol\" data-listid=\"1\" data-aria-posinset=\"1\" data-aria-level=\"1\"><b><span data-contrast=\"none\">B\u00e9lgica<\/span><\/b><span data-contrast=\"none\"> anunciaram recentemente que reduzir\u00e3o o per\u00edodo de validade dos certificados cobi\u00e7osos sem dose de refor\u00e7o <\/span><span data-contrast=\"auto\">a 5 meses a partir de 1\u00ba de mar\u00e7o<\/span><span data-contrast=\"none\">.&nbsp;<\/span><span data-ccp-props=\"{&quot;201341983&quot;:0,&quot;335559739&quot;:160,&quot;335559740&quot;:259}\">&nbsp;<\/span><\/li>\n<li data-leveltext=\"\uf0b7\" data-font=\"Symbol\" data-listid=\"1\" data-aria-posinset=\"2\" data-aria-level=\"1\"><b><span data-contrast=\"none\">Dinamarca<\/span><\/b><span data-contrast=\"none\"> estabeleceu prazo de validade de 7 meses para as duas primeiras doses em dezembro.<\/span><span data-ccp-props=\"{&quot;201341983&quot;:0,&quot;335559739&quot;:160,&quot;335559740&quot;:259}\">&nbsp;<\/span><\/li>\n<\/ul>\n<ul>\n<li data-leveltext=\"\uf0b7\" data-font=\"Symbol\" data-listid=\"1\" data-aria-posinset=\"1\" data-aria-level=\"1\"><b><span data-contrast=\"none\">da It\u00e1lia<\/span><\/b><span data-contrast=\"none\"> A validade do \u201cSuper Green Pass\u201d ser\u00e1 reduzida de 9 meses para 6 meses em 1\u00ba de fevereiro.<\/span><span data-ccp-props=\"{&quot;201341983&quot;:0,&quot;335559739&quot;:160,&quot;335559740&quot;:259}\">&nbsp;<\/span><\/li>\n<li data-leveltext=\"\uf0b7\" data-font=\"Symbol\" data-listid=\"1\" data-aria-posinset=\"2\" data-aria-level=\"1\"><b><span data-contrast=\"none\">Fran\u00e7a<\/span><\/b><span data-contrast=\"none\"> limita o per\u00edodo de validade do \u201cPass sanitaire\u201d, a vers\u00e3o francesa do Certificado Digital Covid da UE, a 7 meses para cidad\u00e3os franceses que n\u00e3o receberam uma dose de refor\u00e7o.&nbsp;<\/span><span data-ccp-props=\"{&quot;201341983&quot;:0,&quot;335559739&quot;:160,&quot;335559740&quot;:259}\">&nbsp;<\/span><\/li>\n<li data-leveltext=\"\uf0b7\" data-font=\"Symbol\" data-listid=\"1\" data-aria-posinset=\"3\" data-aria-level=\"1\"><b><span data-contrast=\"none\">Let\u00f4nia<\/span><\/b><span data-contrast=\"none\"> emitiu um per\u00edodo de validade de 5 meses para aqueles que receberam uma vacina \u00fanica (Janssen) e n\u00e3o receberam uma dose de refor\u00e7o.<\/span><span data-ccp-props=\"{&quot;201341983&quot;:0,&quot;335551550&quot;:1,&quot;335551620&quot;:1,&quot;335559739&quot;:160,&quot;335559740&quot;:259}\">&nbsp;<\/span><\/li>\n<li data-leveltext=\"\uf0b7\" data-font=\"Symbol\" data-listid=\"1\" data-aria-posinset=\"4\" data-aria-level=\"1\"><b><span data-contrast=\"none\">Gr\u00e9cia <\/span><\/b><span data-contrast=\"none\">emitiu a mesma regra que a Dinamarca, introduzindo um per\u00edodo de validade de 7 meses para indiv\u00edduos vacinados sem dose de refor\u00e7o<\/span><span data-contrast=\"none\">.<\/span><span data-ccp-props=\"{&quot;201341983&quot;:0,&quot;335551550&quot;:1,&quot;335551620&quot;:1,&quot;335559739&quot;:160,&quot;335559740&quot;:259}\">&nbsp;<\/span><\/li>\n<\/ul>\n<p><span data-ccp-props=\"{&quot;201341983&quot;:0,&quot;335551550&quot;:1,&quot;335551620&quot;:1,&quot;335559739&quot;:160,&quot;335559740&quot;:259}\">&nbsp;<\/span><\/p>\n<p><b><span data-contrast=\"none\">Malta<\/span><\/b><span data-contrast=\"none\"> \u00e9 o primeiro pa\u00eds a anunciar um per\u00edodo de validade para a inje\u00e7\u00e3o de refor\u00e7o. A partir de 17 de janeiro, <\/span><span data-contrast=\"none\">Malta<\/span><span data-contrast=\"none\"> introduziu um <\/span><span data-contrast=\"none\">3 meses<\/span><span data-contrast=\"none\"> prazo de validade dos certificados de vacina\u00e7\u00e3o <\/span><b><span data-contrast=\"none\">sem<\/span><\/b><span data-contrast=\"none\"> uma inje\u00e7\u00e3o de refor\u00e7o e um per\u00edodo de validade de 9 meses para certificados com uma inje\u00e7\u00e3o de refor\u00e7o.<\/span><span data-ccp-props=\"{&quot;201341983&quot;:0,&quot;335551550&quot;:1,&quot;335551620&quot;:1,&quot;335559739&quot;:160,&quot;335559740&quot;:259}\">&nbsp;<\/span><\/p>\n<p><span data-contrast=\"none\">Os viajantes a neg\u00f3cios e gestores de viagens s\u00e3o aconselhados a ficar atentos aos sites do governo e \u00e0 validade das imuniza\u00e7\u00f5es \u00e0 medida que as regulamenta\u00e7\u00f5es come\u00e7am a entrar em vigor.<\/span><span data-ccp-props=\"{&quot;201341983&quot;:0,&quot;335551550&quot;:1,&quot;335551620&quot;:1,&quot;335559739&quot;:160,&quot;335559740&quot;:259}\">&nbsp;<\/span><\/p>\n<p><span data-contrast=\"none\">\u201c<\/span><span data-contrast=\"none\">Uma abordagem inconsistente e a falta de coordena\u00e7\u00e3o entre os Estados-Membros continuam a causar confus\u00e3o e <\/span><span data-contrast=\"none\">uma amea\u00e7a para <\/span><span data-contrast=\"none\">neg\u00f3cios<\/span><span data-contrast=\"none\"> viagem <\/span><span data-contrast=\"none\">recupera\u00e7\u00e3o<\/span><span data-contrast=\"none\">. <\/span><span data-contrast=\"none\">As empresas e os viajantes de neg\u00f3cios precisam de uma resposta \u00e0 pandemia previs\u00edvel, harmonizada e baseada na ci\u00eancia, <\/span><span data-contrast=\"none\">para <\/span><span data-contrast=\"none\">construir confian\u00e7a e impulso<\/span><span data-contrast=\"none\">\u201d, disse Suzanne <\/span><span data-contrast=\"none\">Neufang<\/span><span data-contrast=\"none\">, CEO, GBTA.&nbsp;<\/span><span data-ccp-props=\"{&quot;201341983&quot;:0,&quot;335551550&quot;:1,&quot;335551620&quot;:1,&quot;335559739&quot;:160,&quot;335559740&quot;:259}\">&nbsp;<\/span><\/p>\n<p><span data-ccp-props=\"{&quot;201341983&quot;:0,&quot;335551550&quot;:1,&quot;335551620&quot;:1,&quot;335559739&quot;:160,&quot;335559740&quot;:259}\">&nbsp;<\/span><\/p>","protected":false},"excerpt":{"rendered":"<p>N\u00e3o tem seu jab de refor\u00e7o? Viajar na UE \u00e9 complexo A Comiss\u00e3o Europeia concordou com novas recomenda\u00e7\u00f5es para limitar o per\u00edodo de validade do Certificado Digital Covid da UE a 270 dias para aqueles que ainda n\u00e3o receberam uma vacina de refor\u00e7o COVID-19. O per\u00edodo de 270 dias \u00e9 calculado a partir do dia da segunda dose e\u2026<\/p>","protected":false},"author":25,"featured_media":0,"comment_status":"open","ping_status":"open","sticky":false,"template":"","format":"standard","meta":{"_acf_changed":false,"_seopress_robots_primary_cat":"none","_seopress_titles_title":"","_seopress_titles_desc":"","_seopress_robots_index":"","om_disable_all_campaigns":false,"_relevanssi_hide_post":"","_relevanssi_hide_content":"","_relevanssi_pin_for_all":"","_relevanssi_pin_keywords":"","_relevanssi_unpin_keywords":"","_relevanssi_related_keywords":"","_relevanssi_related_include_ids":"","_relevanssi_related_exclude_ids":"","_relevanssi_related_no_append":"","_relevanssi_related_not_related":"","_relevanssi_related_posts":"1502,2131,2188,2047,2051,2516","_relevanssi_noindex_reason":"","_kad_blocks_custom_css":"","_kad_blocks_head_custom_js":"","_kad_blocks_body_custom_js":"","_kad_blocks_footer_custom_js":"","_kad_post_transparent":"","_kad_post_title":"","_kad_post_layout":"","_kad_post_sidebar_id":"","_kad_post_content_style":"","_kad_post_vertical_padding":"","_kad_post_feature":"","_kad_post_feature_position":"","_kad_post_header":false,"_kad_post_footer":false,"footnotes":"","_links_to":"","_links_to_target":""},"categories":[1437,105,1438],"tags":[],"class_list":["post-2643","post","type-post","status-publish","format-standard","hentry","category-covid-19","category-europe-and-uk","category-procurement-and-policy"],"acf":[],"featured_image_src_large":false,"author_info":{"display_name":"jcampbell","author_link":"https:\/\/gbta.org\/pt\/author\/jcampbell\/"},"comment_info":"","category_info":[{"term_id":1437,"name":"COVID-19","slug":"covid-19","term_group":0,"term_taxonomy_id":1437,"taxonomy":"category","description":"","parent":0,"count":124,"filter":"raw","cat_ID":1437,"category_count":124,"category_description":"","cat_name":"COVID-19","category_nicename":"covid-19","category_parent":0},{"term_id":105,"name":"Europe and UK","slug":"europe-and-uk","term_group":0,"term_taxonomy_id":105,"taxonomy":"category","description":"","parent":0,"count":152,"filter":"raw","cat_ID":105,"category_count":152,"category_description":"","cat_name":"Europe and UK","category_nicename":"europe-and-uk","category_parent":0},{"term_id":1438,"name":"Procurement and Policy","slug":"procurement-and-policy","term_group":0,"term_taxonomy_id":1438,"taxonomy":"category","description":"","parent":0,"count":38,"filter":"raw","cat_ID":1438,"category_count":38,"category_description":"","cat_name":"Procurement and Policy","category_nicename":"procurement-and-policy","category_parent":0}],"tag_info":false,"taxonomy_info":{"category":[{"value":1437,"label":"COVID-19"},{"value":105,"label":"Europe and UK"},{"value":1438,"label":"Procurement and Policy"}]},"featured_image_src":null,"featured_image_src_square":null,"mfb_rest_fields":["featured_image_src_large","author_info","comment_info","category_info","tag_info","taxonomy_info","featured_image_src","featured_image_src_square"],"_links":{"self":[{"href":"https:\/\/gbta.org\/pt\/wp-json\/wp\/v2\/posts\/2643","targetHints":{"allow":["GET"]}}],"collection":[{"href":"https:\/\/gbta.org\/pt\/wp-json\/wp\/v2\/posts"}],"about":[{"href":"https:\/\/gbta.org\/pt\/wp-json\/wp\/v2\/types\/post"}],"author":[{"embeddable":true,"href":"https:\/\/gbta.org\/pt\/wp-json\/wp\/v2\/users\/25"}],"replies":[{"embeddable":true,"href":"https:\/\/gbta.org\/pt\/wp-json\/wp\/v2\/comments?post=2643"}],"version-history":[{"count":0,"href":"https:\/\/gbta.org\/pt\/wp-json\/wp\/v2\/posts\/2643\/revisions"}],"wp:attachment":[{"href":"https:\/\/gbta.org\/pt\/wp-json\/wp\/v2\/media?parent=2643"}],"wp:term":[{"taxonomy":"category","embeddable":true,"href":"https:\/\/gbta.org\/pt\/wp-json\/wp\/v2\/categories?post=2643"},{"taxonomy":"post_tag","embeddable":true,"href":"https:\/\/gbta.org\/pt\/wp-json\/wp\/v2\/tags?post=2643"}],"curies":[{"name":"wp","href":"https:\/\/api.w.org\/{rel}","templated":true}]}}