{"id":2646,"date":"2022-02-02T10:01:00","date_gmt":"2022-02-02T15:01:00","guid":{"rendered":"https:\/\/gbta.org\/gbta-urges-consistency-on-the-validity-period-of-european-digital-covid-certificates\/"},"modified":"2022-09-29T08:55:11","modified_gmt":"2022-09-29T12:55:11","slug":"gbta-urges-consistency-on-the-validity-period-of-european-digital-covid-certificates","status":"publish","type":"post","link":"https:\/\/gbta.org\/pt\/gbta-urges-consistency-on-the-validity-period-of-european-digital-covid-certificates\/","title":{"rendered":"GBTA pede consist\u00eancia no per\u00edodo de validade dos certificados europeus digitais Covid"},"content":{"rendered":"<p><b><span data-contrast=\"none\">Alexandria, VA&nbsp;&nbsp;<\/span><\/b><span data-contrast=\"none\">- O <\/span><span data-contrast=\"none\">Global Business Travel Association (GBTA) e sua<\/span> <span data-contrast=\"auto\">Organiza\u00e7\u00f5es parceiras europeias* apresentaram uma declara\u00e7\u00e3o conjunta \u00e0 Uni\u00e3o Europeia e aos seus Estados-Membros apelando a uma abordagem coordenada para o per\u00edodo de validade do Certificado Digital Covid Europeu.<\/span><span data-ccp-props=\"{&quot;201341983&quot;:0,&quot;335551550&quot;:1,&quot;335551620&quot;:1,&quot;335559739&quot;:160,&quot;335559740&quot;:259}\">&nbsp;<\/span><\/p>\n<p><span data-contrast=\"auto\">A declara\u00e7\u00e3o elogia a abordagem individual recentemente adotada pela Comiss\u00e3o Europeia para permitir que os viajantes que possuam um Certificado Digital Covid v\u00e1lido viajem livremente dentro da UE sem restri\u00e7\u00f5es adicionais, bem como a recomenda\u00e7\u00e3o de estabelecer uma validade comum de 270 dias para os certificados. A abordagem coloca em destaque o <\/span><span data-contrast=\"none\">confus\u00e3o cont\u00ednua entre os viajantes devido ao facto de alguns Estados-Membros continuarem a implementar regras diferentes.&nbsp;<\/span><span data-ccp-props=\"{&quot;201341983&quot;:0,&quot;335551550&quot;:1,&quot;335551620&quot;:1,&quot;335559739&quot;:160,&quot;335559740&quot;:259}\">&nbsp;<\/span><\/p>\n<p><span data-contrast=\"none\">\u201cComo o Certificado Digital Covid da UE (DCC) de 270 dias se tornou aplic\u00e1vel em 1\u00ba de fevereiro<\/span><span data-contrast=\"none\">rua<\/span><span data-contrast=\"none\">, a GBTA e as suas organiza\u00e7\u00f5es parceiras europeias apelaram \u00e0 Comiss\u00e3o Europeia e aos Estados-Membros para que se unam e cumpram este per\u00edodo comum, para evitar uma colcha de retalhos de regras que est\u00e1 a causar mais confus\u00e3o e a impedir o regresso seguro \u00e0s viagens\u201d, disse Suzanne <\/span><span data-contrast=\"none\">Neufang, CEO da GBTA.&nbsp;<\/span><span data-ccp-props=\"{&quot;201341983&quot;:0,&quot;335551550&quot;:1,&quot;335551620&quot;:1,&quot;335559739&quot;:160,&quot;335559740&quot;:259}\">&nbsp;<\/span><\/p>\n<p><span data-contrast=\"none\">\u201cGarantir a harmoniza\u00e7\u00e3o de medidas como o per\u00edodo de validade do DCC em todos os Estados-Membros ser\u00e1 crucial para a recupera\u00e7\u00e3o da ind\u00fastria de viagens europeia e global, bem como para a economia como um todo. Os sucessivos confinamentos que vivemos na Europa e em todo o mundo em 2020 foram um golpe para a ind\u00fastria global de viagens de neg\u00f3cios, que sofreu um decl\u00ednio de 52% nas viagens de neg\u00f3cios e 662 mil milh\u00f5es de euros em despesas perdidas com viagens de neg\u00f3cios; \u00e9 necess\u00e1ria uma abordagem coordenada e harmonizada ao DCC para apoiar o regresso \u00e0s viagens e a recupera\u00e7\u00e3o da ind\u00fastria das viagens de neg\u00f3cios.\u201d&nbsp;<\/span><span data-ccp-props=\"{&quot;201341983&quot;:0,&quot;335551550&quot;:1,&quot;335551620&quot;:1,&quot;335559739&quot;:160,&quot;335559740&quot;:259}\">&nbsp;<\/span><\/p>\n<p><span data-contrast=\"none\">E<\/span><span data-contrast=\"auto\">As organiza\u00e7\u00f5es parceiras europeias que se juntam \u00e0 GBTA na declara\u00e7\u00e3o conjunta s\u00e3o: Global Business Travel Association France (GBTA France), Global Business Travel Association Italy (GBTA Italy), Austrian Business Travel Association (ABTA), Danish Business Travel Assoc<\/span><span data-contrast=\"none\">iation (DBTA), Associa\u00e7\u00e3o Finlandesa de Viagens de Neg\u00f3cios (FBTA), <\/span><span data-contrast=\"none\">Associa\u00e7\u00e3o Ib\u00e9rica de Gestores Viagens de Neg\u00f3cio (IBTA)<\/span><span data-contrast=\"none\">, Institute for Travel Management (ITM), Nederlandse Associatie voor Travel Management (NATM), Norwegian Business Travel Association (NBTA), Swedish Business Travel Association (SBTA), Verband Deutsches Reisemanagement (VDR)&nbsp;<\/span><span data-ccp-props=\"{&quot;201341983&quot;:0,&quot;335551550&quot;:1,&quot;335551620&quot;:1,&quot;335559739&quot;:160,&quot;335559740&quot;:259}\">&nbsp;<\/span><\/p>\n<p><span data-contrast=\"none\">Leia a declara\u00e7\u00e3o conjunta completa <a href=\"https:\/\/www3.gbta.org\/l\/5572\/2022-02-02\/6md2dk\/5572\/1643825797z2SaVS6p\/GBTA_Joint_Statement_on_the_EU_DCC_validity_1_.pdf\">aqui<\/a>.<\/span><\/p>","protected":false},"excerpt":{"rendered":"<p>Alexandria, VA \u2013 A Global Business Travel Association (GBTA) e suas organiza\u00e7\u00f5es parceiras europeias* enviaram uma declara\u00e7\u00e3o conjunta \u00e0 Uni\u00e3o Europeia e seus Estados Membros pedindo uma abordagem coordenada para o per\u00edodo de validade do Certificado Covid Digital Europeu. A declara\u00e7\u00e3o elogia a abordagem baseada em pessoa rec\u00e9m-adotada da Comiss\u00e3o Europeia para permitir que viajantes em posse de\u2026<\/p>","protected":false},"author":25,"featured_media":0,"comment_status":"open","ping_status":"open","sticky":false,"template":"","format":"standard","meta":{"_acf_changed":false,"_seopress_robots_primary_cat":"none","_seopress_titles_title":"","_seopress_titles_desc":"","_seopress_robots_index":"","om_disable_all_campaigns":false,"_relevanssi_hide_post":"","_relevanssi_hide_content":"","_relevanssi_pin_for_all":"","_relevanssi_pin_keywords":"","_relevanssi_unpin_keywords":"","_relevanssi_related_keywords":"","_relevanssi_related_include_ids":"","_relevanssi_related_exclude_ids":"","_relevanssi_related_no_append":"","_relevanssi_related_not_related":"","_relevanssi_related_posts":"2509,2494,1797,2555,2303,4069","_relevanssi_noindex_reason":"","_kad_blocks_custom_css":"","_kad_blocks_head_custom_js":"","_kad_blocks_body_custom_js":"","_kad_blocks_footer_custom_js":"","_kad_post_transparent":"","_kad_post_title":"","_kad_post_layout":"","_kad_post_sidebar_id":"","_kad_post_content_style":"","_kad_post_vertical_padding":"","_kad_post_feature":"","_kad_post_feature_position":"","_kad_post_header":false,"_kad_post_footer":false,"footnotes":"","_links_to":"","_links_to_target":""},"categories":[1437,105,1307,1438],"tags":[],"class_list":["post-2646","post","type-post","status-publish","format-standard","hentry","category-covid-19","category-europe-and-uk","category-government-relations","category-procurement-and-policy"],"acf":[],"featured_image_src_large":false,"author_info":{"display_name":"jcampbell","author_link":"https:\/\/gbta.org\/pt\/author\/jcampbell\/"},"comment_info":"","category_info":[{"term_id":1437,"name":"COVID-19","slug":"covid-19","term_group":0,"term_taxonomy_id":1437,"taxonomy":"category","description":"","parent":0,"count":124,"filter":"raw","cat_ID":1437,"category_count":124,"category_description":"","cat_name":"COVID-19","category_nicename":"covid-19","category_parent":0},{"term_id":105,"name":"Europe and UK","slug":"europe-and-uk","term_group":0,"term_taxonomy_id":105,"taxonomy":"category","description":"","parent":0,"count":152,"filter":"raw","cat_ID":105,"category_count":152,"category_description":"","cat_name":"Europe and UK","category_nicename":"europe-and-uk","category_parent":0},{"term_id":1307,"name":"Government Relations","slug":"government-relations","term_group":0,"term_taxonomy_id":1307,"taxonomy":"category","description":"","parent":0,"count":61,"filter":"raw","cat_ID":1307,"category_count":61,"category_description":"","cat_name":"Government Relations","category_nicename":"government-relations","category_parent":0},{"term_id":1438,"name":"Procurement and Policy","slug":"procurement-and-policy","term_group":0,"term_taxonomy_id":1438,"taxonomy":"category","description":"","parent":0,"count":38,"filter":"raw","cat_ID":1438,"category_count":38,"category_description":"","cat_name":"Procurement and Policy","category_nicename":"procurement-and-policy","category_parent":0}],"tag_info":false,"taxonomy_info":{"category":[{"value":1437,"label":"COVID-19"},{"value":105,"label":"Europe and UK"},{"value":1307,"label":"Government Relations"},{"value":1438,"label":"Procurement and Policy"}]},"featured_image_src":null,"featured_image_src_square":null,"mfb_rest_fields":["featured_image_src_large","author_info","comment_info","category_info","tag_info","taxonomy_info","featured_image_src","featured_image_src_square"],"_links":{"self":[{"href":"https:\/\/gbta.org\/pt\/wp-json\/wp\/v2\/posts\/2646","targetHints":{"allow":["GET"]}}],"collection":[{"href":"https:\/\/gbta.org\/pt\/wp-json\/wp\/v2\/posts"}],"about":[{"href":"https:\/\/gbta.org\/pt\/wp-json\/wp\/v2\/types\/post"}],"author":[{"embeddable":true,"href":"https:\/\/gbta.org\/pt\/wp-json\/wp\/v2\/users\/25"}],"replies":[{"embeddable":true,"href":"https:\/\/gbta.org\/pt\/wp-json\/wp\/v2\/comments?post=2646"}],"version-history":[{"count":0,"href":"https:\/\/gbta.org\/pt\/wp-json\/wp\/v2\/posts\/2646\/revisions"}],"wp:attachment":[{"href":"https:\/\/gbta.org\/pt\/wp-json\/wp\/v2\/media?parent=2646"}],"wp:term":[{"taxonomy":"category","embeddable":true,"href":"https:\/\/gbta.org\/pt\/wp-json\/wp\/v2\/categories?post=2646"},{"taxonomy":"post_tag","embeddable":true,"href":"https:\/\/gbta.org\/pt\/wp-json\/wp\/v2\/tags?post=2646"}],"curies":[{"name":"wp","href":"https:\/\/api.w.org\/{rel}","templated":true}]}}