{"id":2647,"date":"2022-02-08T10:01:00","date_gmt":"2022-02-08T15:01:00","guid":{"rendered":"https:\/\/gbta.org\/check-in-with-suzanne-46\/"},"modified":"2022-09-29T08:45:04","modified_gmt":"2022-09-29T12:45:04","slug":"check-in-with-suzanne-46","status":"publish","type":"post","link":"https:\/\/gbta.org\/pt\/check-in-with-suzanne-46\/","title":{"rendered":"Check-in com Suzanne"},"content":{"rendered":"<p><span data-contrast=\"none\">Esta semana marca outra \u201cprimeira vez\u201d no retorno \u00e0s viagens de neg\u00f3cios, bem como aos eventos presenciais da GBTA. Mais de 120 l\u00edderes de cap\u00edtulos da GBTA de todos os EUA est\u00e3o se reunindo pela primeira vez desde 2020 para a C\u00fapula de Lideran\u00e7a da GBTA em Tampa, Fl\u00f3rida, para aprender, desenvolver, fazer networking e colaborar.&nbsp;<\/span><span data-ccp-props=\"{&quot;201341983&quot;:0,&quot;335559739&quot;:160,&quot;335559740&quot;:259}\">&nbsp;<\/span><\/p>\n<p><span data-contrast=\"auto\">Os 38 cap\u00edtulos da GBTA nos EUA e seus membros volunt\u00e1rios desempenham um papel importante e valioso na for\u00e7a e evolu\u00e7\u00e3o cont\u00ednuas de nossa ind\u00fastria e associa\u00e7\u00e3o. Os cap\u00edtulos da GBTA concentram-se nas quest\u00f5es que mais importam nas suas comunidades locais e conectam-se com a GBTA atrav\u00e9s do <\/span><a href=\"https:\/\/gbtacpc.org\/nonmembers.php\"><span data-contrast=\"none\">Conselho de Presidentes do Cap\u00edtulo GBTA<\/span><\/a><span data-contrast=\"auto\">. Ontem <\/span><span data-contrast=\"none\">Fiquei grato por me juntar ao conselho e aos membros do comit\u00ea do cap\u00edtulo em Tampa e compartilhar as mais recentes iniciativas, percep\u00e7\u00f5es e tend\u00eancias do setor e da GBTA. Mas ainda mais, valorizei a oportunidade de ouvir e interagir em primeira m\u00e3o com todos durante a nossa sess\u00e3o de perguntas e respostas.&nbsp;&nbsp;<\/span><span data-ccp-props=\"{&quot;201341983&quot;:0,&quot;335559739&quot;:160,&quot;335559740&quot;:259}\">&nbsp;<\/span><\/p>\n<p><span data-contrast=\"none\">E mais boas not\u00edcias para eventos presenciais, na \u00faltima sexta-feira <\/span><a href=\"https:\/\/mexicoconference.gbta.org\/\"><span data-contrast=\"none\">inscri\u00e7\u00f5es abertas oficialmente<\/span><\/a><span data-contrast=\"none\"> para a Confer\u00eancia GBTA 2022-M\u00e9xico, que acontecer\u00e1 de 9 a 10 de mar\u00e7o na Cidade do M\u00e9xico. A GBTA est\u00e1 preparada para crescer na Am\u00e9rica Latina e mal posso esperar para estar no local para falar e me reunir com nossos constituintes da GBTA de toda a regi\u00e3o.&nbsp;<\/span><span data-ccp-props=\"{&quot;201341983&quot;:0,&quot;335559739&quot;:160,&quot;335559740&quot;:259}\">&nbsp;<\/span><\/p>\n<p><span data-contrast=\"none\">\u00c9 um sinal positivo para a recupera\u00e7\u00e3o das viagens de neg\u00f3cios ver mais eventos presenciais sendo adicionados n\u00e3o apenas ao calend\u00e1rio da GBTA, mas em todo o nosso setor. O que est\u00e1 na sua agenda para 2022? Comece a planejar sua participa\u00e7\u00e3o em um pr\u00f3ximo GBTA <\/span><a href=\"https:\/\/gbta.org\/pt\/calendar\/programsbyformat\/?Format=Convention_&_Conferences\"><span data-contrast=\"none\">confer\u00eancia<\/span><\/a><span data-contrast=\"none\">, <\/span><a href=\"https:\/\/gbta.org\/pt\/calendar\/programsbyformat\/?Format=Summits_&_Workshops\"><span data-contrast=\"none\">cimeira ou workshop<\/span><\/a><span data-contrast=\"none\">.<\/span><span data-ccp-props=\"{&quot;201341983&quot;:0,&quot;335559739&quot;:160,&quot;335559740&quot;:259}\">&nbsp;<\/span><\/p>\n<p><span data-contrast=\"none\">E \u00e9 hora de nossa pr\u00f3xima pesquisa GBTA COVID-19 \u2013 26<\/span><span data-contrast=\"none\">\u00ba<\/span><span data-contrast=\"none\"> em nossa s\u00e9rie cont\u00ednua. O <\/span><a href=\"https:\/\/gbta.az1.qualtrics.com\/jfe\/form\/SV_1X5uMmGdWgKdny6\"><span data-contrast=\"none\">o link da pesquisa est\u00e1 ativo<\/span><\/a><span data-contrast=\"none\"> e leva apenas alguns minutos para ser conclu\u00eddo. Anunciaremos os resultados no dia 17 de fevereiro. Obrigado pela sua participa\u00e7\u00e3o cont\u00ednua. Sua ajuda nos permite avaliar e compartilhar os sentimentos do setor em rela\u00e7\u00e3o a t\u00f3picos importantes que est\u00e3o acontecendo no momento, \u00e0 medida que avan\u00e7amos na pandemia.&nbsp;&nbsp;<\/span><span data-ccp-props=\"{&quot;201341983&quot;:0,&quot;335559739&quot;:160,&quot;335559740&quot;:259}\">&nbsp;<\/span><\/p>\n<p><span data-contrast=\"none\">Suzanne<\/span><span data-ccp-props=\"{&quot;201341983&quot;:0,&quot;335559739&quot;:160,&quot;335559740&quot;:259}\">&nbsp;<\/span><\/p>\n<p>&nbsp;<\/p>\n<p><u>Novidades para saber:<\/u><\/p>\n<p><strong>Estado da ind\u00fastria de viagens: um plano robusto para o futuro das viagens<\/strong><\/p>\n<p>O presidente e CEO da US Travel Association, Roger Dow, apresentou uma avalia\u00e7\u00e3o e vis\u00e3o para a ind\u00fastria de viagens dos EUA na reuni\u00e3o anual da associa\u00e7\u00e3o <a href=\"https:\/\/www.ustravel.org\/press\/state-travel-industry-robust-plan-future-travel\">Endere\u00e7o do estado da ind\u00fastria de viagens<\/a> na quarta-feira, entregue via webcast do National Press Club. A Dow reconheceu as prioridades de curto prazo que o Congresso e a administra\u00e7\u00e3o Biden deveriam agir imediatamente para garantir uma recupera\u00e7\u00e3o uniforme para todos os setores de viagens, ao mesmo tempo que tra\u00e7a um plano que vai al\u00e9m da pandemia para devolver a ind\u00fastria ao crescimento e aumentar a competitividade durante d\u00e9cadas para vir.<\/p>\n<p><strong>Como est\u00e1 sendo 2022 para as companhias a\u00e9reas brasileiras?<\/strong><\/p>\n<p>Especialistas em avia\u00e7\u00e3o da Am\u00e9rica Latina, <a href=\"https:\/\/www.aviacionline.com\/2022\/01\/how-is-2022-shaping-up-for-brazilian-airlines\/\">Aviacionline<\/a> est\u00e1 trazendo aos seus leitores um resumo dos destaques das maiores do Brasil no ano passado, com o que esperar para 2022. O especialista ordenou as companhias a\u00e9reas por sua classifica\u00e7\u00e3o, medida por RPKs, no conjunto de dados de estat\u00edsticas atualmente dispon\u00edveis fornecido por O regulador do Brasil, Anac, que vai de janeiro a novembro de 2021. Azul, LATAM Brasil, GOL, Itapemirim, companhias a\u00e9reas VoePass, foram destaque nesta lista.<\/p>\n<p><strong>Espera-se que viagens e turismo cres\u00e7am para $8,6 trilh\u00f5es em 2022<\/strong><\/p>\n<p>Omicron ainda est\u00e1 em alta, mas as viagens est\u00e3o avan\u00e7ando. As viagens e o turismo poder\u00e3o gerar $8,6 bili\u00f5es a n\u00edvel mundial este ano, de acordo com uma nova investiga\u00e7\u00e3o do <a href=\"https:\/\/www.cnn.com\/travel\/article\/pandemic-travel-news-denmark-new-zealand-puerto-rico\/index.html\">Conselho Mundial de Viagens e Turismo<\/a>. Isso \u00e9 apenas 6,4% abaixo dos n\u00edveis pr\u00e9-pand\u00eamicos. Mais pa\u00edses anunciaram planos de reabertura. A Dinamarca, cuja popula\u00e7\u00e3o tem uma elevada taxa de vacina\u00e7\u00e3o 81%, tornou-se o primeiro pa\u00eds da UE a levantar todas as restri\u00e7\u00f5es da Covid-19, enquanto Marrocos anunciou planos para reabrir aos turistas em 7 de fevereiro.<\/p>\n<p><strong>Ind\u00fastria hoteleira espera quebrar as restri\u00e7\u00f5es do COVID-19 ap\u00f3s a onda Omicron<\/strong><\/p>\n<p>A propriet\u00e1ria de uma pousada em St. John&#039;s diz que espera mudan\u00e7as em <a href=\"https:\/\/www.cbc.ca\/news\/canada\/newfoundland-labrador\/nl-covid-restrictions-changes-hospitality-1.6335563\">Alerta COVID-19 de Terra Nova e Labrador<\/a> n\u00edvel ser\u00e1 uma boa not\u00edcia para seus neg\u00f3cios e para a ind\u00fastria hoteleira provincial. Cindy Whalen-Purtill, copropriet\u00e1ria do Georgestown Inn com seu marido, John Purtill, diz que a onda Omicron da pandemia atingiu os neg\u00f3cios com mais for\u00e7a do que as ondas anteriores, com muitas reservas canceladas nas \u00faltimas semanas, gerando pouca ou nenhuma renda no \u00faltimo m\u00eas .<\/p>\n<p>&nbsp;<\/p>\n<p><u>Not\u00edcias e lembretes GBTA:<\/u><\/p>\n<p><strong>Confer\u00eancia GBTA 2021 \u2013 Berlim em parceria com a VDR<\/strong><\/p>\n<p>Estamos voltando a Berlim, nosso local para a confer\u00eancia ser\u00e1 o Estrel Berlin, junte-se a n\u00f3s em 28 de fevereiro<sup>\u00ba<\/sup> - 2 de mar\u00e7o<sup>nd<\/sup> por <a href=\"https:\/\/europeconference.gbta.org\/\">Confer\u00eancia GBTA 2021 \u2013 Berlim em parceria com a VDR<\/a>, onde voc\u00ea ter\u00e1 a oportunidade de se encontrar pessoalmente com participantes que representam empresas regionais e globais, ouvir palestrantes l\u00edderes do setor e ajudar a definir o futuro das viagens de neg\u00f3cios.<\/p>\n<p><strong>Fundamentos da gest\u00e3o de viagens de neg\u00f3cios<\/strong><\/p>\n<p>Junte-se a n\u00f3s 11 de fevereiro<sup>\u00ba<\/sup> , 18<sup>\u00ba<\/sup>, 25<sup>\u00ba<\/sup> e 4 de mar\u00e7o<sup>\u00ba<\/sup> \u00e0s 10:00 ET , todos os dias para um guia completo para as principais \u00e1reas de viagens gerenciadas. <a href=\"\/pt\/Designed as a comprehensive guide to the key areas of managed travel, GBTA\u2019s Fundamentals curriculum includes a full range of topics including safety, policy, trends, performance, and more. Participants in this course gain a better understanding of business travel management and make themselves indispensable to the business travel needs of their organization.\/\">Curr\u00edculo de Fundamentos do GBTA<\/a> inclui uma gama completa de t\u00f3picos, incluindo seguran\u00e7a, pol\u00edtica, tend\u00eancias, desempenho e muito mais. Os participantes deste curso obt\u00eam uma melhor compreens\u00e3o do gerenciamento de viagens de neg\u00f3cios e tornam-se indispens\u00e1veis para as necessidades de viagens de neg\u00f3cios de sua organiza\u00e7\u00e3o.<\/p>\n<p><strong>Bootcamp de Gerenciamento de Risco de Viagem \u2013 Entendendo e Implementando a ISO31030<\/strong><\/p>\n<p><a href=\"https:\/\/gbta.org\/pt\/calendar\/all-programs\/eventid\/1292\/e\/travel-risk-management-bootcamp-understanding-and-implementing-iso31030-14-feb-2022\/\">Explore o gerenciamento de riscos de viagens<\/a> no contexto da nova norma ISO 31030 e ganhe as ferramentas e a confian\u00e7a para atualizar e\/ou criar um sistema robusto dentro da sua organiza\u00e7\u00e3o. Este curso de um dia em 14 de fevereiro<sup>\u00ba<\/sup> \u2013 15<sup>\u00ba<\/sup> \u00e0s 14h00 GMT, ser\u00e1 liderado por especialistas em gerenciamento de risco de viagens. O Global Secure Accreditation, em conjunto com a GBTA e o Anvil Group, foi projetado para fornecer orienta\u00e7\u00e3o pr\u00e1tica a qualquer pessoa envolvida na constru\u00e7\u00e3o e gerenciamento de programas de viagens corporativas.<\/p>","protected":false},"excerpt":{"rendered":"<p>Esta semana marca outro \u201cprimeiro\u201d no retorno \u00e0s viagens de neg\u00f3cios, bem como aos eventos GBTA presenciais. Mais de 120 l\u00edderes de cap\u00edtulos GBTA de todos os EUA est\u00e3o se reunindo pela primeira vez desde 2020 para o GBTA Leadership Summit em Tampa, FL, para aprender, desenvolver, interagir e colaborar. Os 38 cap\u00edtulos dos EUA da GBTA e seus membros volunt\u00e1rios\u2026<\/p>","protected":false},"author":25,"featured_media":0,"comment_status":"open","ping_status":"open","sticky":false,"template":"","format":"standard","meta":{"_acf_changed":false,"_seopress_robots_primary_cat":"none","_seopress_titles_title":"","_seopress_titles_desc":"","_seopress_robots_index":"","om_disable_all_campaigns":false,"_relevanssi_hide_post":"","_relevanssi_hide_content":"","_relevanssi_pin_for_all":"","_relevanssi_pin_keywords":"","_relevanssi_unpin_keywords":"","_relevanssi_related_keywords":"","_relevanssi_related_include_ids":"","_relevanssi_related_exclude_ids":"","_relevanssi_related_no_append":"","_relevanssi_related_not_related":"","_relevanssi_related_posts":"2477,1439,2017,1620,1171,2480","_relevanssi_noindex_reason":"","_kad_blocks_custom_css":"","_kad_blocks_head_custom_js":"","_kad_blocks_body_custom_js":"","_kad_blocks_footer_custom_js":"","_kad_post_transparent":"","_kad_post_title":"","_kad_post_layout":"","_kad_post_sidebar_id":"","_kad_post_content_style":"","_kad_post_vertical_padding":"","_kad_post_feature":"","_kad_post_feature_position":"","_kad_post_header":false,"_kad_post_footer":false,"footnotes":"","_links_to":"","_links_to_target":""},"categories":[114,1437,105,106,1438,37,79,280],"tags":[1450,301],"class_list":["post-2647","post","type-post","status-publish","format-standard","hentry","category-airlines-and-aviation","category-covid-19","category-europe-and-uk","category-latin-america","category-procurement-and-policy","category-research-and-travel-trends","category-safety-and-security","category-sustainability","tag-check-in-with-suzanne","tag-poll"],"acf":[],"featured_image_src_large":false,"author_info":{"display_name":"jcampbell","author_link":"https:\/\/gbta.org\/pt\/author\/jcampbell\/"},"comment_info":"","category_info":[{"term_id":114,"name":"Airlines and Aviation","slug":"airlines-and-aviation","term_group":0,"term_taxonomy_id":114,"taxonomy":"category","description":"","parent":0,"count":355,"filter":"raw","cat_ID":114,"category_count":355,"category_description":"","cat_name":"Airlines and Aviation","category_nicename":"airlines-and-aviation","category_parent":0},{"term_id":1437,"name":"COVID-19","slug":"covid-19","term_group":0,"term_taxonomy_id":1437,"taxonomy":"category","description":"","parent":0,"count":124,"filter":"raw","cat_ID":1437,"category_count":124,"category_description":"","cat_name":"COVID-19","category_nicename":"covid-19","category_parent":0},{"term_id":105,"name":"Europe and UK","slug":"europe-and-uk","term_group":0,"term_taxonomy_id":105,"taxonomy":"category","description":"","parent":0,"count":153,"filter":"raw","cat_ID":105,"category_count":153,"category_description":"","cat_name":"Europe and UK","category_nicename":"europe-and-uk","category_parent":0},{"term_id":106,"name":"Latin America","slug":"latin-america","term_group":0,"term_taxonomy_id":106,"taxonomy":"category","description":"","parent":0,"count":54,"filter":"raw","cat_ID":106,"category_count":54,"category_description":"","cat_name":"Latin America","category_nicename":"latin-america","category_parent":0},{"term_id":1438,"name":"Procurement and Policy","slug":"procurement-and-policy","term_group":0,"term_taxonomy_id":1438,"taxonomy":"category","description":"","parent":0,"count":38,"filter":"raw","cat_ID":1438,"category_count":38,"category_description":"","cat_name":"Procurement and Policy","category_nicename":"procurement-and-policy","category_parent":0},{"term_id":37,"name":"Research and Travel Trends","slug":"research-and-travel-trends","term_group":0,"term_taxonomy_id":37,"taxonomy":"category","description":"","parent":0,"count":966,"filter":"raw","cat_ID":37,"category_count":966,"category_description":"","cat_name":"Research and Travel Trends","category_nicename":"research-and-travel-trends","category_parent":0},{"term_id":79,"name":"Safety and Security","slug":"safety-and-security","term_group":0,"term_taxonomy_id":79,"taxonomy":"category","description":"","parent":0,"count":237,"filter":"raw","cat_ID":79,"category_count":237,"category_description":"","cat_name":"Safety and Security","category_nicename":"safety-and-security","category_parent":0},{"term_id":280,"name":"Sustainability","slug":"sustainability","term_group":0,"term_taxonomy_id":280,"taxonomy":"category","description":"","parent":0,"count":130,"filter":"raw","cat_ID":280,"category_count":130,"category_description":"","cat_name":"Sustainability","category_nicename":"sustainability","category_parent":0}],"tag_info":[{"term_id":1450,"name":"Check-in with Suzanne","slug":"check-in-with-suzanne","term_group":0,"term_taxonomy_id":1450,"taxonomy":"post_tag","description":"","parent":0,"count":47,"filter":"raw"},{"term_id":301,"name":"poll","slug":"poll","term_group":0,"term_taxonomy_id":301,"taxonomy":"post_tag","description":"","parent":0,"count":36,"filter":"raw"}],"taxonomy_info":{"category":[{"value":114,"label":"Airlines and Aviation"},{"value":1437,"label":"COVID-19"},{"value":105,"label":"Europe and UK"},{"value":106,"label":"Latin America"},{"value":1438,"label":"Procurement and Policy"},{"value":37,"label":"Research and Travel Trends"},{"value":79,"label":"Safety and Security"},{"value":280,"label":"Sustainability"}],"post_tag":[{"value":1450,"label":"Check-in with Suzanne"},{"value":301,"label":"poll"}]},"featured_image_src":null,"featured_image_src_square":null,"mfb_rest_fields":["featured_image_src_large","author_info","comment_info","category_info","tag_info","taxonomy_info","featured_image_src","featured_image_src_square"],"_links":{"self":[{"href":"https:\/\/gbta.org\/pt\/wp-json\/wp\/v2\/posts\/2647","targetHints":{"allow":["GET"]}}],"collection":[{"href":"https:\/\/gbta.org\/pt\/wp-json\/wp\/v2\/posts"}],"about":[{"href":"https:\/\/gbta.org\/pt\/wp-json\/wp\/v2\/types\/post"}],"author":[{"embeddable":true,"href":"https:\/\/gbta.org\/pt\/wp-json\/wp\/v2\/users\/25"}],"replies":[{"embeddable":true,"href":"https:\/\/gbta.org\/pt\/wp-json\/wp\/v2\/comments?post=2647"}],"version-history":[{"count":0,"href":"https:\/\/gbta.org\/pt\/wp-json\/wp\/v2\/posts\/2647\/revisions"}],"wp:attachment":[{"href":"https:\/\/gbta.org\/pt\/wp-json\/wp\/v2\/media?parent=2647"}],"wp:term":[{"taxonomy":"category","embeddable":true,"href":"https:\/\/gbta.org\/pt\/wp-json\/wp\/v2\/categories?post=2647"},{"taxonomy":"post_tag","embeddable":true,"href":"https:\/\/gbta.org\/pt\/wp-json\/wp\/v2\/tags?post=2647"}],"curies":[{"name":"wp","href":"https:\/\/api.w.org\/{rel}","templated":true}]}}