{"id":2650,"date":"2022-02-15T10:01:00","date_gmt":"2022-02-15T15:01:00","guid":{"rendered":"https:\/\/gbta.org\/check-in-with-suzanne-47\/"},"modified":"2022-09-29T08:39:46","modified_gmt":"2022-09-29T12:39:46","slug":"check-in-with-suzanne-47","status":"publish","type":"post","link":"https:\/\/gbta.org\/pt\/check-in-with-suzanne-47\/","title":{"rendered":"Check-in com Suzanne"},"content":{"rendered":"<p><span data-contrast=\"auto\">Costum\u00e1vamos conhecer as regras da estrada quando se tratava de viagens de neg\u00f3cios: onde os viajantes podiam ir, como chegar l\u00e1 e os passos necess\u00e1rios para que isso acontecesse. Mas a pandemia foi um grande disruptor, e a incerteza agora desafia o caminho de volta.<\/span><span data-ccp-props=\"{&quot;201341983&quot;:0,&quot;335559739&quot;:160,&quot;335559740&quot;:259}\">&nbsp;<\/span><\/p>\n<p><span data-contrast=\"auto\">\u00c9 por isso que a GBTA concentrou os esfor\u00e7os de advocacia em tornar as viagens de neg\u00f3cios mais previs\u00edveis em todo o mundo\u2026 Navegar e acelerar a recupera\u00e7\u00e3o das viagens de neg\u00f3cios \u2013 e a mobilidade, produtividade e bem-estar dos viajantes de neg\u00f3cios \u2013 exige isso.<\/span><span data-ccp-props=\"{&quot;201341983&quot;:0,&quot;335559739&quot;:160,&quot;335559740&quot;:259}\">&nbsp;<\/span><\/p>\n<p><span data-contrast=\"auto\">Recentemente, a GBTA e nossas organiza\u00e7\u00f5es parceiras europeias enviaram um <\/span><a href=\"https:\/\/gbta.org\/pt\/blog\/gbta-urges-consistency-on-the-validity-period-of-european-digital-covid-certificates\/\"><span data-contrast=\"none\">declara\u00e7\u00e3o conjunta<\/span><\/a><span data-contrast=\"auto\"> \u00e0 Uni\u00e3o Europeia e aos seus Estados-Membros, exortando a uma abordagem coordenada do Certificado Digital COVID Europeu. Isso permitiria que as pessoas viajassem livremente dentro da UE sem restri\u00e7\u00f5es adicionais e forneceu a recomenda\u00e7\u00e3o de definir uma validade comum de 270 dias para os certificados. Uma abordagem consistente seria um acelerador significativo <\/span><span data-contrast=\"auto\">na recupera\u00e7\u00e3o da ind\u00fastria de viagens europeia e global, bem como para a economia como um todo.<\/span><span data-ccp-props=\"{&quot;201341983&quot;:0,&quot;335559739&quot;:160,&quot;335559740&quot;:259}\">&nbsp;<\/span><\/p>\n<p><span data-contrast=\"auto\">A GBTA tamb\u00e9m se juntou \u00e0s ind\u00fastrias de viagens e avia\u00e7\u00e3o em um \u201cpedido urgente\u201d para que o governo dos EUA n\u00e3o exija mais testes antes da partida para passageiros vacinados que viajam para os EUA. a exig\u00eancia de pr\u00e9-teste para viagens vacinadas incentivaria ainda mais as vacina\u00e7\u00f5es.&nbsp;<\/span><span data-ccp-props=\"{&quot;201341983&quot;:0,&quot;335559739&quot;:160,&quot;335559740&quot;:259}\">&nbsp;<\/span><\/p>\n<p><span data-contrast=\"auto\">Hoje faz duas semanas e contando at\u00e9 o <\/span><a href=\"https:\/\/europeconference.gbta.org\/\"><span data-contrast=\"none\">GBTA Conference \u2013 Berlim em parceria com a VDR<\/span><\/a><span data-contrast=\"auto\">. Como minha primeira confer\u00eancia europeia como chefe do GBTA, estou ansioso para estar pessoalmente com muitos de voc\u00eas e moderar o painel da ind\u00fastria C-level discutindo novas formas de trabalhar, conhecer e colaborar em nossa ind\u00fastria. O momento n\u00e3o poderia ser melhor.<\/span><span data-ccp-props=\"{&quot;201341983&quot;:0,&quot;335559739&quot;:160,&quot;335559740&quot;:259}\">&nbsp;<\/span><\/p>\n<p><span data-contrast=\"auto\">Quando se trata de eventos, o GBTA Hub tem uma s\u00e9rie de replays sob demanda exclusivos para membros dispon\u00edveis. <\/span><a href=\"https:\/\/www3.gbta.org\/e\/5572\/ain-stage-day-1-autoStart-true\/6mg32w\/4099080122?h=Y5vzTdEX_v78zS9NRv6fK3ekRjwOFqdeHWGS8yWKoow\"><span data-contrast=\"none\">Os membros podem assistir<\/span><\/a><span data-contrast=\"auto\"> a rec\u00e9m-publicada sess\u00e3o de abertura \u201cState of the Industry\u201d da Conven\u00e7\u00e3o GBTA 2021, apresentando insights sobre advocacia e sa\u00fade p\u00fablica, bem como o \u00edndice de viagens de neg\u00f3cios e os resultados da pesquisa de previs\u00e3o de pre\u00e7os. (O acesso \u00e9 f<\/span><span data-contrast=\"auto\">ree para membros, inscreva-se para ser membro<\/span> <a href=\"https:\/\/www3.gbta.org\/e\/5572\/ies-membership-member-benefits\/6mg32y\/4099080122?h=Y5vzTdEX_v78zS9NRv6fK3ekRjwOFqdeHWGS8yWKoow\"><span data-contrast=\"none\">aqui.)<\/span><\/a><span data-ccp-props=\"{&quot;201341983&quot;:0,&quot;335559739&quot;:160,&quot;335559740&quot;:259}\">&nbsp;<\/span><\/p>\n<p><span data-contrast=\"auto\">Suzanne<\/span><span data-ccp-props=\"{&quot;201341983&quot;:0,&quot;335559739&quot;:160,&quot;335559740&quot;:259}\">&nbsp;<\/span><\/p>\n<p><a href=\"https:\/\/gbta.org\/pt\/blog\/check-in-with-suzanne-46\/\"><span data-contrast=\"none\">Continue lendo<\/span><\/a><span data-ccp-props=\"{&quot;201341983&quot;:0,&quot;335559739&quot;:160,&quot;335559740&quot;:259}\">&nbsp;<\/span><\/p>\n<p>&nbsp;<\/p>\n<p><u>Novidades para saber:<\/u><\/p>\n<p><strong>\u00cdndia elimina exig\u00eancia de quarentena para viajantes vacinados<\/strong><\/p>\n<p>A \u00cdndia anunciou o <a href=\"https:\/\/www.businesstravelnews.com\/Global\/India-Scraps-Quarantine-Requirement-for-Vaccinated-Travelers\">elimina\u00e7\u00e3o da necessidade de viajantes vacinados contra a Covid-19<\/a> dos Estados Unidos, Reino Unido e 80 outros pa\u00edses para quarentena na chegada, a partir de 14 de fevereiro. Em outras mudan\u00e7as em seus requisitos de teste Covid-19, o pa\u00eds aceitar\u00e1 um certificado comprovando a vacina\u00e7\u00e3o completa no lugar de um teste PCR negativo. Os viajantes tamb\u00e9m devem apresentar uma declara\u00e7\u00e3o sobre a autenticidade do status de vacina\u00e7\u00e3o.<\/p>\n<p><strong>Mike Berners-Lee: A dif\u00edcil rela\u00e7\u00e3o das viagens de neg\u00f3cios com as emiss\u00f5es de carbono<\/strong><\/p>\n<p>Escritor, pesquisador e professor <a href=\"https:\/\/www.businesstravelnewseurope.com\/QA\/Business-travels-difficult-relationship-with-carbon-emissions\">Mike Berners-Lee diz \u00e0 BTN Europe por que a avia\u00e7\u00e3o est\u00e1 no &#039;ponto cr\u00edtico&#039;<\/a> e como todos devemos assumir mais responsabilidade por quando e como viajamos. Ele \u00e9 o fundador da Small World Consulting e autor de v\u00e1rios livros, incluindo How bad are bananas? A pegada de carbono de tudo e N\u00e3o h\u00e1 planeta B: um manual para os anos decisivos. Por fim, ele \u00e9 um orador principal na confer\u00eancia GBTA em Berlim, de 28 de fevereiro a 2 de mar\u00e7o<\/p>\n<p><strong>Ind\u00fastria de viagens espera boas not\u00edcias sobre medidas de fronteira nesta semana<\/strong><\/p>\n<p><a href=\"https:\/\/ca.travelpulse.com\/news\/impacting-travel\/travel-industry-hopes-for-good-news-on-border-measures-this-week.html\">A ind\u00fastria de viagens canadense<\/a> viu um raio de esperan\u00e7a na semana passada, quando o ministro da Sa\u00fade, Jean-Yves Duclos, deu a entender que as mudan\u00e7as em breve chegar\u00e3o \u00e0 fronteira estrita do pa\u00eds e \u00e0s restri\u00e7\u00f5es de viagem. \u201cEm pouco tempo, devemos poder anunciar atualiza\u00e7\u00f5es das medidas de fronteira, na pr\u00f3xima semana\u201d, disse o ministro Duclos. Enquanto muitos outros pa\u00edses est\u00e3o diminuindo as restri\u00e7\u00f5es de viagem, o governo canadense ainda alerta contra viagens n\u00e3o essenciais e exige que os viajantes forne\u00e7am um teste PCR negativo antes de retornar ao pa\u00eds.<\/p>\n<p><strong>Brasil adere ao programa de entrada global<\/strong><\/p>\n<p><a href=\"https:\/\/www.businesstravelnews.com\/Global\/Brazil-Joins-Global-Entry-Program\">A Alf\u00e2ndega e Prote\u00e7\u00e3o de Fronteiras dos EUA<\/a> adicionou o Brasil ao programa Global Entry, dando aos cidad\u00e3os brasileiros que viajam a lazer e \u201ccertos fins de neg\u00f3cios\u201d acesso ao processamento acelerado na chegada. O Brasil \u00e9 o 13\u00ba pa\u00eds a ter acordos completos com a Global Entry, juntando-se a Argentina, Col\u00f4mbia, Alemanha, \u00cdndia, M\u00e9xico, Holanda, Panam\u00e1, Coreia do Sul, Cingapura, Su\u00ed\u00e7a, Taiwan e Reino Unido.<\/p>\n<p>&nbsp;<\/p>\n<p><u>Not\u00edcias e lembretes GBTA:<\/u><\/p>\n<p><strong>Webinar GBTA It\u00e1lia<\/strong><\/p>\n<p>Junte-se a n\u00f3s em 22 de fevereiro<sup>nd<\/sup> para um mergulho profundo <a href=\"https:\/\/gbta.org\/pt\/calendar\/all-programs\/eventid\/1320\/e\/semplificazione-gestione-delle-complessita-ed-evoluzione-dei-sistemi-di-pagamento-22-feb-2022\/\">Simplifica\u00e7\u00e3o, Gest\u00e3o da Complexidade e Evolu\u00e7\u00e3o dos Sistemas de Pagamento.<\/a><\/p>\n<p><strong>Confer\u00eancia GBTA 2021 \u2013 Berlim em parceria com a VDR<\/strong><\/p>\n<p>Estamos voltando a Berlim, nosso local para a confer\u00eancia ser\u00e1 o Estrel Berlin, junte-se a n\u00f3s em 28 de fevereiro<sup>\u00ba<\/sup> - 2 de mar\u00e7o<sup>nd<\/sup> por <a href=\"https:\/\/europeconference.gbta.org\/\">Confer\u00eancia GBTA 2021 \u2013 Berlim em parceria com a VDR<\/a>, onde voc\u00ea ter\u00e1 a oportunidade de se encontrar pessoalmente com participantes que representam empresas regionais e globais, ouvir palestrantes l\u00edderes do setor e ajudar a definir o futuro das viagens de neg\u00f3cios.<\/p>\n<p><strong>Fundamentos da gest\u00e3o de viagens de neg\u00f3cios<\/strong><\/p>\n<p>Junte-se a n\u00f3s 11 de fevereiro<sup>\u00ba<\/sup> , 18<sup>\u00ba<\/sup>, 25<sup>\u00ba<\/sup> e 4 de mar\u00e7o<sup>\u00ba<\/sup> \u00e0s 10:00 ET , todos os dias para um guia completo para as principais \u00e1reas de viagens gerenciadas. <a href=\"\/pt\/Designed as a comprehensive guide to the key areas of managed travel, GBTA\u2019s Fundamentals curriculum includes a full range of topics including safety, policy, trends, performance, and more. Participants in this course gain a better understanding of business travel management and make themselves indispensable to the business travel needs of their organization.\/\">Curr\u00edculo de Fundamentos do GBTA<\/a> inclui uma gama completa de t\u00f3picos, incluindo seguran\u00e7a, pol\u00edtica, tend\u00eancias, desempenho e muito mais. Os participantes deste curso obt\u00eam uma melhor compreens\u00e3o do gerenciamento de viagens de neg\u00f3cios e tornam-se indispens\u00e1veis para as necessidades de viagens de neg\u00f3cios de sua organiza\u00e7\u00e3o.<\/p>","protected":false},"excerpt":{"rendered":"<p>Costum\u00e1vamos conhecer as regras da estrada quando se tratava de viagens de neg\u00f3cios: onde os viajantes podiam ir, como chegar l\u00e1 e os passos necess\u00e1rios para que isso acontecesse. Mas a pandemia foi um grande disruptor, e a incerteza agora desafia o caminho de volta. \u00c9 por isso que o GBTA concentrou os esfor\u00e7os de advocacia em\u2026<\/p>","protected":false},"author":25,"featured_media":0,"comment_status":"open","ping_status":"open","sticky":false,"template":"","format":"standard","meta":{"_acf_changed":false,"_seopress_robots_primary_cat":"none","_seopress_titles_title":"","_seopress_titles_desc":"","_seopress_robots_index":"","om_disable_all_campaigns":false,"_relevanssi_hide_post":"","_relevanssi_hide_content":"","_relevanssi_pin_for_all":"","_relevanssi_pin_keywords":"","_relevanssi_unpin_keywords":"","_relevanssi_related_keywords":"","_relevanssi_related_include_ids":"","_relevanssi_related_exclude_ids":"","_relevanssi_related_no_append":"","_relevanssi_related_not_related":"","_relevanssi_related_posts":"2477,1439,2017,1620,1171,2480","_relevanssi_noindex_reason":"","_kad_blocks_custom_css":"","_kad_blocks_head_custom_js":"","_kad_blocks_body_custom_js":"","_kad_blocks_footer_custom_js":"","_kad_post_transparent":"","_kad_post_title":"","_kad_post_layout":"","_kad_post_sidebar_id":"","_kad_post_content_style":"","_kad_post_vertical_padding":"","_kad_post_feature":"","_kad_post_feature_position":"","_kad_post_header":false,"_kad_post_footer":false,"footnotes":"","_links_to":"","_links_to_target":""},"categories":[1437,105,1438,37,79,280],"tags":[1450],"class_list":["post-2650","post","type-post","status-publish","format-standard","hentry","category-covid-19","category-europe-and-uk","category-procurement-and-policy","category-research-and-travel-trends","category-safety-and-security","category-sustainability","tag-check-in-with-suzanne"],"acf":[],"featured_image_src_large":false,"author_info":{"display_name":"jcampbell","author_link":"https:\/\/gbta.org\/pt\/author\/jcampbell\/"},"comment_info":"","category_info":[{"term_id":1437,"name":"COVID-19","slug":"covid-19","term_group":0,"term_taxonomy_id":1437,"taxonomy":"category","description":"","parent":0,"count":124,"filter":"raw","cat_ID":1437,"category_count":124,"category_description":"","cat_name":"COVID-19","category_nicename":"covid-19","category_parent":0},{"term_id":105,"name":"Europe and UK","slug":"europe-and-uk","term_group":0,"term_taxonomy_id":105,"taxonomy":"category","description":"","parent":0,"count":152,"filter":"raw","cat_ID":105,"category_count":152,"category_description":"","cat_name":"Europe and UK","category_nicename":"europe-and-uk","category_parent":0},{"term_id":1438,"name":"Procurement and Policy","slug":"procurement-and-policy","term_group":0,"term_taxonomy_id":1438,"taxonomy":"category","description":"","parent":0,"count":38,"filter":"raw","cat_ID":1438,"category_count":38,"category_description":"","cat_name":"Procurement and Policy","category_nicename":"procurement-and-policy","category_parent":0},{"term_id":37,"name":"Research and Travel Trends","slug":"research-and-travel-trends","term_group":0,"term_taxonomy_id":37,"taxonomy":"category","description":"","parent":0,"count":966,"filter":"raw","cat_ID":37,"category_count":966,"category_description":"","cat_name":"Research and Travel Trends","category_nicename":"research-and-travel-trends","category_parent":0},{"term_id":79,"name":"Safety and Security","slug":"safety-and-security","term_group":0,"term_taxonomy_id":79,"taxonomy":"category","description":"","parent":0,"count":237,"filter":"raw","cat_ID":79,"category_count":237,"category_description":"","cat_name":"Safety and Security","category_nicename":"safety-and-security","category_parent":0},{"term_id":280,"name":"Sustainability","slug":"sustainability","term_group":0,"term_taxonomy_id":280,"taxonomy":"category","description":"","parent":0,"count":130,"filter":"raw","cat_ID":280,"category_count":130,"category_description":"","cat_name":"Sustainability","category_nicename":"sustainability","category_parent":0}],"tag_info":[{"term_id":1450,"name":"Check-in with Suzanne","slug":"check-in-with-suzanne","term_group":0,"term_taxonomy_id":1450,"taxonomy":"post_tag","description":"","parent":0,"count":47,"filter":"raw"}],"taxonomy_info":{"category":[{"value":1437,"label":"COVID-19"},{"value":105,"label":"Europe and UK"},{"value":1438,"label":"Procurement and Policy"},{"value":37,"label":"Research and Travel Trends"},{"value":79,"label":"Safety and Security"},{"value":280,"label":"Sustainability"}],"post_tag":[{"value":1450,"label":"Check-in with Suzanne"}]},"featured_image_src":null,"featured_image_src_square":null,"mfb_rest_fields":["featured_image_src_large","author_info","comment_info","category_info","tag_info","taxonomy_info","featured_image_src","featured_image_src_square"],"_links":{"self":[{"href":"https:\/\/gbta.org\/pt\/wp-json\/wp\/v2\/posts\/2650","targetHints":{"allow":["GET"]}}],"collection":[{"href":"https:\/\/gbta.org\/pt\/wp-json\/wp\/v2\/posts"}],"about":[{"href":"https:\/\/gbta.org\/pt\/wp-json\/wp\/v2\/types\/post"}],"author":[{"embeddable":true,"href":"https:\/\/gbta.org\/pt\/wp-json\/wp\/v2\/users\/25"}],"replies":[{"embeddable":true,"href":"https:\/\/gbta.org\/pt\/wp-json\/wp\/v2\/comments?post=2650"}],"version-history":[{"count":0,"href":"https:\/\/gbta.org\/pt\/wp-json\/wp\/v2\/posts\/2650\/revisions"}],"wp:attachment":[{"href":"https:\/\/gbta.org\/pt\/wp-json\/wp\/v2\/media?parent=2650"}],"wp:term":[{"taxonomy":"category","embeddable":true,"href":"https:\/\/gbta.org\/pt\/wp-json\/wp\/v2\/categories?post=2650"},{"taxonomy":"post_tag","embeddable":true,"href":"https:\/\/gbta.org\/pt\/wp-json\/wp\/v2\/tags?post=2650"}],"curies":[{"name":"wp","href":"https:\/\/api.w.org\/{rel}","templated":true}]}}