{"id":2651,"date":"2022-02-15T10:01:00","date_gmt":"2022-02-15T15:01:00","guid":{"rendered":"https:\/\/gbta.org\/gbta-canada-welcomes-easing-of-international-travel-restrictions\/"},"modified":"2022-09-29T08:39:15","modified_gmt":"2022-09-29T12:39:15","slug":"gbta-canada-welcomes-easing-of-international-travel-restrictions","status":"publish","type":"post","link":"https:\/\/gbta.org\/pt\/gbta-canada-welcomes-easing-of-international-travel-restrictions\/","title":{"rendered":"GBTA Canada congratula-se com a flexibiliza\u00e7\u00e3o das restri\u00e7\u00f5es de viagens internacionais"},"content":{"rendered":"<p style=\"margin: 0in 0in 10.0pt 0in\"><strong><span style=\"font-family: 'Calibri',sans-serif;color: black\">Toronto, Ontario&nbsp;<\/span><\/strong><span style=\"color: black\">\u2013 A Global Business Travel Association Canada (GBTA Canada) saudou o an\u00fancio de hoje do Governo Federal de que iria aliviar as restri\u00e7\u00f5es de viagens em 1\u00ba de mar\u00e7o de 2022. A remo\u00e7\u00e3o das barreiras \u00e0 entrada de viagens no Canad\u00e1, especialmente para viagens de neg\u00f3cios, \u00e9 um passo positivo que contribuir\u00e1 para a recupera\u00e7\u00e3o do com\u00e9rcio e do com\u00e9rcio canadense. \u00c0 medida que as pol\u00edticas pand\u00e9micas continuam a evoluir, a GBTA Canad\u00e1 tamb\u00e9m instou o governo a alinhar quaisquer futuras restri\u00e7\u00f5es de viagens com as melhores pr\u00e1ticas e pol\u00edticas utilizadas na comunidade internacional. <\/span><\/p>\n<p style=\"margin: 0in 0in 10.0pt 0in\"><span style=\"color: black\">\u201cA GBTA Canad\u00e1 sa\u00fada o an\u00fancio de hoje do governo canadense de aliviar as restri\u00e7\u00f5es internacionais como uma not\u00edcia positiva. Reduzir as recomenda\u00e7\u00f5es de viagens do Canad\u00e1, eliminar a necessidade de testes moleculares antes da entrada, abrir mais aeroportos para viagens internacionais e eliminar a necessidade de quarentena nos aproxima mais do normal do que nunca\u201d, disse Nancy Tudorache, vice-presidente regional da GBTA para o Canad\u00e1. \u201c\u00c9 importante, no entanto, que o governo tamb\u00e9m se comprometa a alinhar quaisquer restri\u00e7\u00f5es futuras de viagens devido a poss\u00edveis variantes futuras, com as melhores pr\u00e1ticas internacionais para que os canadenses que desejam fazer neg\u00f3cios no exterior e aqueles que desejam vir e fazer neg\u00f3cios no Canad\u00e1 possam faz\u00ea-lo de uma forma previs\u00edvel que apoie a nossa recupera\u00e7\u00e3o econ\u00f3mica global.\u201d<\/span><\/p>\n<p style=\"margin: 0in 0in 10.0pt 0in\"><span style=\"color: black\">De acordo com os dados da GBTA Canad\u00e1, a pandemia e as restri\u00e7\u00f5es de viagens associadas no auge da pandemia resultaram numa redu\u00e7\u00e3o de quase 90% nas viagens de neg\u00f3cios que impactaram negativamente 600.000 empregos e reduziram os gastos no Canad\u00e1 em $2,9 mil milh\u00f5es (CAD) por m\u00eas. <\/span><\/p>\n<p style=\"margin: 0in 0in 10.0pt 0in\"><span style=\"color: black\">\u201cAs viagens de neg\u00f3cios consistem em criar e fortalecer conex\u00f5es, desenvolver carreiras, fechar neg\u00f3cios, promover relacionamentos com clientes, envolver funcion\u00e1rios, expandir neg\u00f3cios e estimular economias. Pa\u00edses de todo o mundo reconheceram a import\u00e2ncia desta actividade e est\u00e3o a trabalhar arduamente para recuperar. Continuamos empenhados em trabalhar com l\u00edderes e autoridades p\u00fablicas para desenvolver pr\u00e1ticas e pol\u00edticas no Canad\u00e1 que nos ajudem a recuperar as oportunidades perdidas e as perdas relacionadas para as empresas canadianas e para a economia nacional\u201d, acrescentou Tudorache.<\/span><\/p>\n<p style=\"margin: 0in 0in 10.0pt 0in\"><span style=\"color: black\">Embora a pandemia n\u00e3o tenha terminado, muito se aprendeu nos \u00faltimos dois anos que dever\u00e1 dar aos governos a confian\u00e7a de que as viagens podem continuar a ocorrer de forma segura. A GBTA Canad\u00e1 continua comprometida em defender pr\u00e1ticas e pol\u00edticas de viagens seguras apoiadas pela ci\u00eancia e pelos dados, \u00e0 medida que a situa\u00e7\u00e3o evolui.<\/span><\/p>","protected":false},"excerpt":{"rendered":"<p>Toronto, Ont\u00e1rio \u2013 A Global Business Travel Association Canada (GBTA Canada) saudou o an\u00fancio de hoje do Governo Federal de que reduziria as restri\u00e7\u00f5es de viagem em 1\u00ba de mar\u00e7o de 2022. A remo\u00e7\u00e3o de barreiras \u00e0 entrada para viagens no Canad\u00e1, especialmente para viagens de neg\u00f3cios, \u00e9 uma passo positivo que contribuir\u00e1 para a recupera\u00e7\u00e3o do com\u00e9rcio e do com\u00e9rcio canadense\u2026.<\/p>","protected":false},"author":25,"featured_media":0,"comment_status":"open","ping_status":"open","sticky":false,"template":"","format":"standard","meta":{"_acf_changed":false,"_seopress_robots_primary_cat":"none","_seopress_titles_title":"","_seopress_titles_desc":"","_seopress_robots_index":"","om_disable_all_campaigns":false,"_relevanssi_hide_post":"","_relevanssi_hide_content":"","_relevanssi_pin_for_all":"","_relevanssi_pin_keywords":"","_relevanssi_unpin_keywords":"","_relevanssi_related_keywords":"","_relevanssi_related_include_ids":"","_relevanssi_related_exclude_ids":"","_relevanssi_related_no_append":"","_relevanssi_related_not_related":"","_relevanssi_related_posts":"1813,1894,1797,1971,1970,1897","_relevanssi_noindex_reason":"","_kad_blocks_custom_css":"","_kad_blocks_head_custom_js":"","_kad_blocks_body_custom_js":"","_kad_blocks_footer_custom_js":"","_kad_post_transparent":"","_kad_post_title":"","_kad_post_layout":"","_kad_post_sidebar_id":"","_kad_post_content_style":"","_kad_post_vertical_padding":"","_kad_post_feature":"","_kad_post_feature_position":"","_kad_post_header":false,"_kad_post_footer":false,"footnotes":"","_links_to":"","_links_to_target":""},"categories":[375,1437,1438],"tags":[],"class_list":["post-2651","post","type-post","status-publish","format-standard","hentry","category-canada","category-covid-19","category-procurement-and-policy"],"acf":[],"featured_image_src_large":false,"author_info":{"display_name":"jcampbell","author_link":"https:\/\/gbta.org\/pt\/author\/jcampbell\/"},"comment_info":"","category_info":[{"term_id":375,"name":"Canada","slug":"canada","term_group":0,"term_taxonomy_id":375,"taxonomy":"category","description":"","parent":0,"count":61,"filter":"raw","cat_ID":375,"category_count":61,"category_description":"","cat_name":"Canada","category_nicename":"canada","category_parent":0},{"term_id":1437,"name":"COVID-19","slug":"covid-19","term_group":0,"term_taxonomy_id":1437,"taxonomy":"category","description":"","parent":0,"count":124,"filter":"raw","cat_ID":1437,"category_count":124,"category_description":"","cat_name":"COVID-19","category_nicename":"covid-19","category_parent":0},{"term_id":1438,"name":"Procurement and Policy","slug":"procurement-and-policy","term_group":0,"term_taxonomy_id":1438,"taxonomy":"category","description":"","parent":0,"count":38,"filter":"raw","cat_ID":1438,"category_count":38,"category_description":"","cat_name":"Procurement and Policy","category_nicename":"procurement-and-policy","category_parent":0}],"tag_info":false,"taxonomy_info":{"category":[{"value":375,"label":"Canada"},{"value":1437,"label":"COVID-19"},{"value":1438,"label":"Procurement and Policy"}]},"featured_image_src":null,"featured_image_src_square":null,"mfb_rest_fields":["featured_image_src_large","author_info","comment_info","category_info","tag_info","taxonomy_info","featured_image_src","featured_image_src_square"],"_links":{"self":[{"href":"https:\/\/gbta.org\/pt\/wp-json\/wp\/v2\/posts\/2651","targetHints":{"allow":["GET"]}}],"collection":[{"href":"https:\/\/gbta.org\/pt\/wp-json\/wp\/v2\/posts"}],"about":[{"href":"https:\/\/gbta.org\/pt\/wp-json\/wp\/v2\/types\/post"}],"author":[{"embeddable":true,"href":"https:\/\/gbta.org\/pt\/wp-json\/wp\/v2\/users\/25"}],"replies":[{"embeddable":true,"href":"https:\/\/gbta.org\/pt\/wp-json\/wp\/v2\/comments?post=2651"}],"version-history":[{"count":0,"href":"https:\/\/gbta.org\/pt\/wp-json\/wp\/v2\/posts\/2651\/revisions"}],"wp:attachment":[{"href":"https:\/\/gbta.org\/pt\/wp-json\/wp\/v2\/media?parent=2651"}],"wp:term":[{"taxonomy":"category","embeddable":true,"href":"https:\/\/gbta.org\/pt\/wp-json\/wp\/v2\/categories?post=2651"},{"taxonomy":"post_tag","embeddable":true,"href":"https:\/\/gbta.org\/pt\/wp-json\/wp\/v2\/tags?post=2651"}],"curies":[{"name":"wp","href":"https:\/\/api.w.org\/{rel}","templated":true}]}}