{"id":2652,"date":"2022-02-22T10:01:00","date_gmt":"2022-02-22T15:01:00","guid":{"rendered":"https:\/\/gbta.org\/check-in-with-suzanne-48\/"},"modified":"2022-09-29T08:36:06","modified_gmt":"2022-09-29T12:36:06","slug":"check-in-with-suzanne-48","status":"publish","type":"post","link":"https:\/\/gbta.org\/pt\/check-in-with-suzanne-48\/","title":{"rendered":"Check-in com Suzanne"},"content":{"rendered":"<p><span data-contrast=\"auto\">Alguns dias atr\u00e1s, sa\u00ed de Nova York para a Alemanha em antecipa\u00e7\u00e3o ao nosso pr\u00f3ximo <\/span><a href=\"https:\/\/europeconference.gbta.org\/\"><span data-contrast=\"none\">GBTA Conference \u2013 Berlim em parceria com a VDR<\/span><\/a><span data-contrast=\"auto\">. O voo estava cheio e muitas pessoas apresentavam os sinais cl\u00e1ssicos de um viajante de neg\u00f3cios: bagagem de m\u00e3o a tiracolo e trabalhando em seus computadores durante o voo. E muitos de voc\u00eas tamb\u00e9m est\u00e3o voltando a mais viagens de neg\u00f3cios dom\u00e9sticas e at\u00e9 internacionais de longa dist\u00e2ncia, como mostram suas in\u00fameras postagens nas redes sociais.&nbsp;<\/span><span data-ccp-props=\"{&quot;134233117&quot;:true,&quot;134233118&quot;:true,&quot;201341983&quot;:0,&quot;335559740&quot;:240}\">&nbsp;<\/span><\/p>\n<p><span data-ccp-props=\"{&quot;134233117&quot;:true,&quot;134233118&quot;:true,&quot;201341983&quot;:0,&quot;335559740&quot;:240}\">&nbsp;<\/span><\/p>\n<p><span data-contrast=\"auto\">Mas voc\u00ea n\u00e3o precisa embarcar em um voo para ver o impulso ascendente acontecendo nas viagens de neg\u00f3cios \u2013 as manchetes recentes tamb\u00e9m est\u00e3o contando a hist\u00f3ria.&nbsp;<\/span><span data-ccp-props=\"{&quot;134233117&quot;:true,&quot;134233118&quot;:true,&quot;201341983&quot;:0,&quot;335559740&quot;:240}\">&nbsp;<\/span><\/p>\n<p><span data-ccp-props=\"{&quot;134233117&quot;:true,&quot;134233118&quot;:true,&quot;201341983&quot;:0,&quot;335559740&quot;:240}\">&nbsp;<\/span><\/p>\n<p><span data-contrast=\"auto\">Mais pa\u00edses e regi\u00f5es \u2013 Austr\u00e1lia, Israel, Portugal, Jap\u00e3o, Su\u00ed\u00e7a, Noruega, <\/span><a href=\"https:\/\/gbta.org\/pt\/blog\/gbta-canada-welcomes-easing-of-international-travel-restrictions\/\"><span data-contrast=\"none\">Canad\u00e1<\/span><\/a><span data-contrast=\"auto\">, para citar alguns \u2013 anunciaram que est\u00e3o reduzindo ou eliminando as restri\u00e7\u00f5es e requisitos de viagem do COVID. Apenas nos \u00faltimos dias, <\/span><a href=\"https:\/\/www.bizjournals.com\/pittsburgh\/news\/2022\/02\/18\/business-travel-on-rebound-at-pit-january-traffic.html\"><span data-contrast=\"none\">aeroportos<\/span><\/a><span data-contrast=\"auto\"> e as companhias a\u00e9reas est\u00e3o relatando <\/span><a href=\"https:\/\/www.businesstravelnews.com\/Procurement\/Air-Canada-Slow-but-Steady-Demand-Progress-in-February\"><span data-contrast=\"none\">progresso lento mas constante<\/span><\/a><span data-contrast=\"auto\"> e <\/span><a href=\"https:\/\/www.businesstravelnews.com\/Global\/BA-Cites-Return-of-Business-Travel-in-Adding-Newark-London-Flight\"><span data-contrast=\"none\">adicionando rotas comerciais<\/span><\/a><span data-contrast=\"none\">,<\/span><span data-contrast=\"auto\"> enquanto internacional <\/span><a href=\"https:\/\/www.businesstravelnewseurope.com\/Air-Travel\/IATA-data-reveals-recovery-momentum\"><span data-contrast=\"none\">venda de ingressos tamb\u00e9m aumentou<\/span><\/a><span data-contrast=\"auto\">. As empresas hoteleiras tamb\u00e9m est\u00e3o vendo um <\/span><a href=\"https:\/\/www.businesstravelerusa.com\/business-traveler-usa-story\/marriotts-capuano-sees-upward-trend-for-corporate-travel\/\"><span data-contrast=\"none\">tend\u00eancia ascendente<\/span><\/a><span data-contrast=\"auto\"> em viagens corporativas.&nbsp;<\/span><span data-ccp-props=\"{&quot;134233117&quot;:true,&quot;134233118&quot;:true,&quot;201341983&quot;:0,&quot;335559740&quot;:240}\">&nbsp;<\/span><\/p>\n<p><span data-ccp-props=\"{&quot;134233117&quot;:true,&quot;134233118&quot;:true,&quot;201341983&quot;:0,&quot;335559740&quot;:240}\">&nbsp;<\/span><\/p>\n<p><span data-contrast=\"auto\">Se voc\u00ea est\u00e1 procurando por sinais positivos da recupera\u00e7\u00e3o ponderada das viagens de neg\u00f3cios, eles est\u00e3o aqui.<\/span><span data-ccp-props=\"{&quot;134233117&quot;:true,&quot;134233118&quot;:true,&quot;201341983&quot;:0,&quot;335559740&quot;:240}\">&nbsp;<\/span><\/p>\n<p><span data-ccp-props=\"{&quot;134233117&quot;:true,&quot;134233118&quot;:true,&quot;201341983&quot;:0,&quot;335559740&quot;:240}\">&nbsp;<\/span><\/p>\n<p><span data-contrast=\"auto\">Ainda n\u00e3o atingimos uma fase end\u00eamica \u201coficial\u201d globalmente, e h\u00e1 regi\u00f5es ainda desafiadas com surtos pand\u00eamicos e taxas de vacina\u00e7\u00e3o abaixo do esperado. Mas nosso setor est\u00e1 se movendo para uma maneira mais end\u00eamica de gerenci\u00e1-lo, passo a passo. Os \u00faltimos dois anos mostraram que n\u00e3o podemos realmente prever os padr\u00f5es de uma pandemia, mas estamos melhorando a navega\u00e7\u00e3o nos desenvolvimentos relacionados ao COVID. Espero que isso nos coloque em posi\u00e7\u00e3o de enfrentar quaisquer futuras interrup\u00e7\u00f5es do COVID sem desligar o mundo novamente.<\/span><span data-ccp-props=\"{&quot;134233117&quot;:true,&quot;134233118&quot;:true,&quot;201341983&quot;:0,&quot;335559740&quot;:240}\">&nbsp;<\/span><\/p>\n<p><span data-ccp-props=\"{&quot;134233117&quot;:true,&quot;134233118&quot;:true,&quot;201341983&quot;:0,&quot;335559740&quot;:240}\">&nbsp;<\/span><\/p>\n<p><span data-contrast=\"auto\">Depois de cada desafio na ind\u00fastria de viagens nos \u00faltimos vinte anos, n\u00f3s redefinimos e seguimos em frente, mesmo que isso signifique abrir m\u00e3o de um pouco do nosso tempo e conveni\u00eancia (como tirar os sapatos e n\u00e3o trazer grandes garrafas de l\u00edquidos na bagagem de m\u00e3o , p\u00f3s-11 de setembro). Portanto, podemos esperar que alguns dos aprendizados da pandemia estejam aqui para ficar. Ser pragm\u00e1tico e adapt\u00e1vel ser\u00e1 fundamental. Sua seguran\u00e7a \u00e9 a minha seguran\u00e7a, e essa seguran\u00e7a tamb\u00e9m ajudar\u00e1 a manter as pessoas, os neg\u00f3cios e as economias globais em movimento e prosperando. Vale a pena e precisava ser presencial. Conex\u00f5es significam neg\u00f3cios. E #BNeg\u00f3ciosPrecisaViagens.&nbsp;<\/span><span data-ccp-props=\"{&quot;134233117&quot;:true,&quot;134233118&quot;:true,&quot;201341983&quot;:0,&quot;335559740&quot;:240}\">&nbsp;<\/span><\/p>\n<p><span data-ccp-props=\"{&quot;134233117&quot;:true,&quot;134233118&quot;:true,&quot;201341983&quot;:0,&quot;335559740&quot;:240}\">&nbsp;<\/span><\/p>\n<p><span data-contrast=\"auto\">Desta vez, na pr\u00f3xima semana, a Confer\u00eancia GBTA-Berlim estar\u00e1 em pleno andamento e estou ansioso pelas conex\u00f5es e energia de estar pessoalmente e continuar a (re)imaginar e (re)criar juntos o que o \u201cpr\u00f3ximo normal\u201d pode estar chegando. para viagens de neg\u00f3cios.<\/span><span data-ccp-props=\"{&quot;134233117&quot;:true,&quot;134233118&quot;:true,&quot;201341983&quot;:0,&quot;335559740&quot;:240}\">&nbsp;<\/span><\/p>\n<p><span data-ccp-props=\"{&quot;134233117&quot;:true,&quot;134233118&quot;:true,&quot;201341983&quot;:0,&quot;335559740&quot;:240}\">&nbsp;<\/span><\/p>\n<p><span data-contrast=\"auto\">Suzanne<\/span><span data-ccp-props=\"{&quot;134233117&quot;:true,&quot;134233118&quot;:true,&quot;201341983&quot;:0,&quot;335559740&quot;:240}\">&nbsp;<\/span><\/p>\n<p>&nbsp;<\/p>\n<p><u>Novidades para saber:<\/u><\/p>\n<p><strong>Transi\u00e7\u00e3o verde da avia\u00e7\u00e3o avan\u00e7a atrav\u00e9s da ICAO CAEP<\/strong><\/p>\n<p><a href=\"https:\/\/www.traveldailynews.com\/post\/aviation-green-transition-progresses-through-icao-caep\">Comit\u00ea de Prote\u00e7\u00e3o Ambiental da Avia\u00e7\u00e3o da ICAO<\/a> (CAEP) concluiu ontem sua 12\u00aa reuni\u00e3o, avan\u00e7ando substancialmente na sustentabilidade ambiental da avia\u00e7\u00e3o. Os principais resultados foram alcan\u00e7ados no objetivo aspiracional de longo prazo (LTAG) para a avia\u00e7\u00e3o internacional, novos padr\u00f5es globais e orienta\u00e7\u00f5es para apoiar a implementa\u00e7\u00e3o cont\u00ednua do Esquema de Compensa\u00e7\u00e3o e Redu\u00e7\u00e3o de Carbono da ICAO para Avia\u00e7\u00e3o Internacional (CORSIA) e em aspectos t\u00e9cnicos da sustentabilidade da avia\u00e7\u00e3o combust\u00edveis.<\/p>\n<p><strong>Viagens a\u00e9reas em modo de recupera\u00e7\u00e3o, de acordo com as novas estat\u00edsticas da IATA<\/strong><\/p>\n<p>As viagens a\u00e9reas est\u00e3o em modo de recupera\u00e7\u00e3o, de acordo com o <a href=\"https:\/\/www.travelweek.ca\/news\/air-travel-well-into-recovery-mode-according-to-iatas-new-stats\/\">estat\u00edsticas mais recentes da IATA<\/a>. Nas duas semanas entre 25 de janeiro e 8 de fevereiro de 2022, houve um aumento de 11 pontos percentuais nas passagens internacionais vendidas, em compara\u00e7\u00e3o com as vendas de 2019. \u00c9 o aumento mais r\u00e1pido desse tipo em um per\u00edodo de duas semanas desde o in\u00edcio da crise. A IATA observa que o aumento nas vendas de ingressos ocorre \u00e0 medida que mais governos anunciam um relaxamento das restri\u00e7\u00f5es de fronteira do COVID-19.<\/p>\n<p><strong>Resorts Disney nos EUA levantam requisitos de m\u00e1scaras para h\u00f3spedes vacinados <\/strong><\/p>\n<p>Coberturas faciais ser\u00e3o opcionais para h\u00f3spedes totalmente vacinados em ambientes internos e externos na Disneyland e Walt Disney World Resorts a partir de 17 de fevereiro. <a href=\"https:\/\/www.cnn.com\/travel\/article\/disney-theme-parks-mask-policies-vaccinated\/index.html\">Nova pol\u00edtica do Walt Disney World Resorts<\/a> publicado em seu site afirma que aqueles que n\u00e3o est\u00e3o totalmente vacinados devem continuar usando coberturas faciais em todos os locais fechados em seus parques em Lake Buena Vista, Fl\u00f3rida.<\/p>\n<p><strong>Alemanha entre os pa\u00edses mais recentes a relaxar restri\u00e7\u00f5es de viagem<\/strong><\/p>\n<p>Os pa\u00edses continuaram <a href=\"https:\/\/www.businesstravelnewseurope.com\/Management\/Germany-among-latest-countries-to-relax-travel-restrictions\">aliviando suas restri\u00e7\u00f5es de viagem Covid-19<\/a> incluindo a Alemanha, que removeu o Reino Unido de sua lista de \u00e1reas de &quot;alto risco&quot;. Esta medida do governo alem\u00e3o significa que os viajantes do Reino Unido n\u00e3o precisam mais preencher um formul\u00e1rio de registro digital antes da partida - a mudan\u00e7a entrou em vigor no domingo (20 de fevereiro). ). As chegadas totalmente vacinadas do Reino Unido podem entrar na Alemanha para qualquer finalidade de viagem.<\/p>\n<p>&nbsp;<\/p>\n<p><u>Not\u00edcias e lembretes GBTA:<\/u><\/p>\n<p><strong>Um Novo Paradigma: Pol\u00edticas, Processos e Tecnologia de Reservas em um Mundo P\u00f3s-Pandemia\u200b patrocinado por Zeno by Serko<\/strong><\/p>\n<p>Junte-se a n\u00f3s 23 de fevereiro<sup>rd<\/sup> para conhecer os resultados e <a href=\"https:\/\/gbta.org\/pt\/calendar\/all-events\/eventid\/1326\/e\/a-new-paradigm-booking-policies-processes-and-technology-in-a-post-pandemic-world-sponsored-by-zeno-by-serko-23-feb-2022\/\">principais descobertas do recente estudo de pesquisa<\/a> sobre pol\u00edticas de reserva e tecnologia em um mundo p\u00f3s-pandemia. Junte-se a n\u00f3s para ouvir os resultados de Chris Ely, diretor de pesquisa da GBTA.<\/p>\n<p><strong>Confer\u00eancia GBTA 2021 \u2013 Berlim em parceria com a VDR<\/strong><\/p>\n<p>Estamos voltando a Berlim, nosso local para a confer\u00eancia ser\u00e1 o Estrel Berlin, junte-se a n\u00f3s em 28 de fevereiro<sup>\u00ba<\/sup> - 2 de mar\u00e7o<sup>nd<\/sup> por <a href=\"https:\/\/europeconference.gbta.org\/\">Confer\u00eancia GBTA 2021 \u2013 Berlim em parceria com a VDR<\/a>, onde voc\u00ea ter\u00e1 a oportunidade de se encontrar pessoalmente com participantes que representam empresas regionais e globais, ouvir palestrantes l\u00edderes do setor e ajudar a definir o futuro das viagens de neg\u00f3cios.<\/p>\n<p><strong>Confer\u00eancia GBTA M\u00e9xico<\/strong><\/p>\n<p>Junte-se a n\u00f3s 9 de mar\u00e7o<sup>\u00ba<\/sup> - 10<sup>\u00ba<\/sup> por <a href=\"https:\/\/gbta.org\/pt\/calendar\/all-events\/eventid\/1270\/e\/gbta-conferencia-2022-ciudad-de-mexico-9-mar-2022\/\">Confer\u00eancia Regional do GBTA M\u00e9xico<\/a>, onde voc\u00ea pode conhecer com mais profundidade as quest\u00f5es atuais do setor, no M\u00e9xico e na Regi\u00e3o. Abordaremos t\u00f3picos relacionados ao estado atual das viagens, tend\u00eancias de reuni\u00f5es e eventos, tecnologia, sustentabilidade, como melhorar a associa\u00e7\u00e3o -trabalho di\u00e1rio- entre clientes corporativos e muito mais.<\/p>\n<p><strong>Fundamentos da gest\u00e3o de viagens de neg\u00f3cios<\/strong><\/p>\n<p>Junte-se a n\u00f3s 11 de fevereiro<sup>\u00ba<\/sup> , 18<sup>\u00ba<\/sup>, 25<sup>\u00ba<\/sup> e 4 de mar\u00e7o<sup>\u00ba<\/sup> \u00e0s 10:00 ET , todos os dias para um guia completo para as principais \u00e1reas de viagens gerenciadas. <a href=\"\/pt\/Designed as a comprehensive guide to the key areas of managed travel, GBTA\u2019s Fundamentals curriculum includes a full range of topics including safety, policy, trends, performance, and more. Participants in this course gain a better understanding of business travel management and make themselves indispensable to the business travel needs of their organization.\/\">Curr\u00edculo de Fundamentos do GBTA<\/a> inclui uma gama completa de t\u00f3picos, incluindo seguran\u00e7a, pol\u00edtica, tend\u00eancias, desempenho e muito mais. Os participantes deste curso obt\u00eam uma melhor compreens\u00e3o do gerenciamento de viagens de neg\u00f3cios e tornam-se indispens\u00e1veis para as necessidades de viagens de neg\u00f3cios de sua organiza\u00e7\u00e3o.<\/p>\n<p>&nbsp;<\/p>\n<p>&nbsp;<\/p>","protected":false},"excerpt":{"rendered":"<p>Alguns dias atr\u00e1s, sa\u00ed de Nova York para a Alemanha em antecipa\u00e7\u00e3o \u00e0 nossa pr\u00f3xima Confer\u00eancia GBTA \u2013 Berlim em parceria com a VDR. O voo estava cheio e muitas pessoas apresentavam os sinais cl\u00e1ssicos de um viajante de neg\u00f3cios: bagagem de m\u00e3o a tiracolo e trabalhando em seus computadores durante o voo. E muitos de voc\u00eas s\u00e3o\u2026<\/p>","protected":false},"author":25,"featured_media":0,"comment_status":"open","ping_status":"open","sticky":false,"template":"","format":"standard","meta":{"_acf_changed":false,"_seopress_robots_primary_cat":"none","_seopress_titles_title":"","_seopress_titles_desc":"","_seopress_robots_index":"","om_disable_all_campaigns":false,"_relevanssi_hide_post":"","_relevanssi_hide_content":"","_relevanssi_pin_for_all":"","_relevanssi_pin_keywords":"","_relevanssi_unpin_keywords":"","_relevanssi_related_keywords":"","_relevanssi_related_include_ids":"","_relevanssi_related_exclude_ids":"","_relevanssi_related_no_append":"","_relevanssi_related_not_related":"","_relevanssi_related_posts":"2477,1439,2017,1620,1171,2480","_relevanssi_noindex_reason":"","_kad_blocks_custom_css":"","_kad_blocks_head_custom_js":"","_kad_blocks_body_custom_js":"","_kad_blocks_footer_custom_js":"","_kad_post_transparent":"","_kad_post_title":"","_kad_post_layout":"","_kad_post_sidebar_id":"","_kad_post_content_style":"","_kad_post_vertical_padding":"","_kad_post_feature":"","_kad_post_feature_position":"","_kad_post_header":false,"_kad_post_footer":false,"footnotes":"","_links_to":"","_links_to_target":""},"categories":[114,1437,105,1152,1438,37,280],"tags":[1450],"class_list":["post-2652","post","type-post","status-publish","format-standard","hentry","category-airlines-and-aviation","category-covid-19","category-europe-and-uk","category-meetings-and-events","category-procurement-and-policy","category-research-and-travel-trends","category-sustainability","tag-check-in-with-suzanne"],"acf":[],"featured_image_src_large":false,"author_info":{"display_name":"jcampbell","author_link":"https:\/\/gbta.org\/pt\/author\/jcampbell\/"},"comment_info":"","category_info":[{"term_id":114,"name":"Airlines and Aviation","slug":"airlines-and-aviation","term_group":0,"term_taxonomy_id":114,"taxonomy":"category","description":"","parent":0,"count":355,"filter":"raw","cat_ID":114,"category_count":355,"category_description":"","cat_name":"Airlines and Aviation","category_nicename":"airlines-and-aviation","category_parent":0},{"term_id":1437,"name":"COVID-19","slug":"covid-19","term_group":0,"term_taxonomy_id":1437,"taxonomy":"category","description":"","parent":0,"count":124,"filter":"raw","cat_ID":1437,"category_count":124,"category_description":"","cat_name":"COVID-19","category_nicename":"covid-19","category_parent":0},{"term_id":105,"name":"Europe and UK","slug":"europe-and-uk","term_group":0,"term_taxonomy_id":105,"taxonomy":"category","description":"","parent":0,"count":153,"filter":"raw","cat_ID":105,"category_count":153,"category_description":"","cat_name":"Europe and UK","category_nicename":"europe-and-uk","category_parent":0},{"term_id":1152,"name":"Meetings and Events","slug":"meetings-and-events","term_group":0,"term_taxonomy_id":1152,"taxonomy":"category","description":"","parent":0,"count":56,"filter":"raw","cat_ID":1152,"category_count":56,"category_description":"","cat_name":"Meetings and Events","category_nicename":"meetings-and-events","category_parent":0},{"term_id":1438,"name":"Procurement and Policy","slug":"procurement-and-policy","term_group":0,"term_taxonomy_id":1438,"taxonomy":"category","description":"","parent":0,"count":38,"filter":"raw","cat_ID":1438,"category_count":38,"category_description":"","cat_name":"Procurement and Policy","category_nicename":"procurement-and-policy","category_parent":0},{"term_id":37,"name":"Research and Travel Trends","slug":"research-and-travel-trends","term_group":0,"term_taxonomy_id":37,"taxonomy":"category","description":"","parent":0,"count":966,"filter":"raw","cat_ID":37,"category_count":966,"category_description":"","cat_name":"Research and Travel Trends","category_nicename":"research-and-travel-trends","category_parent":0},{"term_id":280,"name":"Sustainability","slug":"sustainability","term_group":0,"term_taxonomy_id":280,"taxonomy":"category","description":"","parent":0,"count":130,"filter":"raw","cat_ID":280,"category_count":130,"category_description":"","cat_name":"Sustainability","category_nicename":"sustainability","category_parent":0}],"tag_info":[{"term_id":1450,"name":"Check-in with Suzanne","slug":"check-in-with-suzanne","term_group":0,"term_taxonomy_id":1450,"taxonomy":"post_tag","description":"","parent":0,"count":47,"filter":"raw"}],"taxonomy_info":{"category":[{"value":114,"label":"Airlines and Aviation"},{"value":1437,"label":"COVID-19"},{"value":105,"label":"Europe and UK"},{"value":1152,"label":"Meetings and Events"},{"value":1438,"label":"Procurement and Policy"},{"value":37,"label":"Research and Travel Trends"},{"value":280,"label":"Sustainability"}],"post_tag":[{"value":1450,"label":"Check-in with Suzanne"}]},"featured_image_src":null,"featured_image_src_square":null,"mfb_rest_fields":["featured_image_src_large","author_info","comment_info","category_info","tag_info","taxonomy_info","featured_image_src","featured_image_src_square"],"_links":{"self":[{"href":"https:\/\/gbta.org\/pt\/wp-json\/wp\/v2\/posts\/2652","targetHints":{"allow":["GET"]}}],"collection":[{"href":"https:\/\/gbta.org\/pt\/wp-json\/wp\/v2\/posts"}],"about":[{"href":"https:\/\/gbta.org\/pt\/wp-json\/wp\/v2\/types\/post"}],"author":[{"embeddable":true,"href":"https:\/\/gbta.org\/pt\/wp-json\/wp\/v2\/users\/25"}],"replies":[{"embeddable":true,"href":"https:\/\/gbta.org\/pt\/wp-json\/wp\/v2\/comments?post=2652"}],"version-history":[{"count":0,"href":"https:\/\/gbta.org\/pt\/wp-json\/wp\/v2\/posts\/2652\/revisions"}],"wp:attachment":[{"href":"https:\/\/gbta.org\/pt\/wp-json\/wp\/v2\/media?parent=2652"}],"wp:term":[{"taxonomy":"category","embeddable":true,"href":"https:\/\/gbta.org\/pt\/wp-json\/wp\/v2\/categories?post=2652"},{"taxonomy":"post_tag","embeddable":true,"href":"https:\/\/gbta.org\/pt\/wp-json\/wp\/v2\/tags?post=2652"}],"curies":[{"name":"wp","href":"https:\/\/api.w.org\/{rel}","templated":true}]}}