{"id":2656,"date":"2022-03-03T10:01:00","date_gmt":"2022-03-03T15:01:00","guid":{"rendered":"https:\/\/gbta.org\/europes-business-travel-industry-united-once-again-at-the-gbta-conference-2021-berlin-in-partnership-with-vdr\/"},"modified":"2022-09-29T08:43:22","modified_gmt":"2022-09-29T12:43:22","slug":"europes-business-travel-industry-united-once-again-at-the-gbta-conference-2021-berlin-in-partnership-with-vdr","status":"publish","type":"post","link":"https:\/\/gbta.org\/pt\/europes-business-travel-industry-united-once-again-at-the-gbta-conference-2021-berlin-in-partnership-with-vdr\/","title":{"rendered":"A ind\u00fastria de viagens de neg\u00f3cios da Europa unida mais uma vez na GBTA Conference 2021 Berlim em parceria com a VDR"},"content":{"rendered":"<p><b><span data-contrast=\"auto\">BERLIM<\/span><\/b><span data-contrast=\"auto\">&nbsp;\u2013 The Global Business Travel Association (GBTA) \u2013 a voz da ind\u00fastria global de viagens de neg\u00f3cios \u2013 e associa\u00e7\u00e3o alem\u00e3 de compradores de viagens de neg\u00f3cios<\/span><span data-contrast=\"auto\">,<\/span><span data-contrast=\"auto\"> VDR - embrulhado <\/span><span data-contrast=\"none\">sua s\u00e9tima confer\u00eancia conjunta bem sucedida <\/span><span data-contrast=\"auto\">na Europa esta semana. Organizado em Berlim, o evento reuniu mais de 550 participantes de 22 pa\u00edses para insights, colabora\u00e7\u00e3o, networking e educa\u00e7\u00e3o.&nbsp;<\/span><span data-ccp-props=\"{&quot;201341983&quot;:0,&quot;335559739&quot;:0,&quot;335559740&quot;:240}\">&nbsp;<\/span><\/p>\n<p><span data-contrast=\"auto\">A CEO da GBTA, Suzanne Neufang, abriu a confer\u00eancia com um olhar sobre algumas das principais megatend\u00eancias enfrentadas pelo setor de viagens de neg\u00f3cios, \u00e0 medida que voltamos a viajar, seguidas de discuss\u00f5es com executivos C-Level da TripActions, Enterprise Holdings e Accor em uma s\u00e9rie de um entrevistas individuais em torno da resposta da ind\u00fastria a essas tend\u00eancias.&nbsp;<\/span><span data-ccp-props=\"{&quot;201341983&quot;:0,&quot;335559739&quot;:0,&quot;335559740&quot;:240}\">&nbsp;<\/span><\/p>\n<p><span data-contrast=\"auto\">Especialista em sustentabilidade e autor<\/span><span data-contrast=\"auto\">,<\/span><span data-contrast=\"auto\"> Mike Berners-Lee<\/span><span data-contrast=\"auto\">,<\/span><span data-contrast=\"auto\"> entregou um pensamento<\/span><span data-contrast=\"auto\">&#8211;<\/span> <span data-contrast=\"auto\">provoca\u00e7\u00e3o sobre o tema, desafiando a ind\u00fastria de viagens de neg\u00f3cios a medir com precis\u00e3o e reduzir seu impacto ambiental.<\/span><span data-ccp-props=\"{&quot;201341983&quot;:0,&quot;335559739&quot;:0,&quot;335559740&quot;:240}\">&nbsp;<\/span><\/p>\n<p><span data-contrast=\"auto\">O palestrante e autor inspirador, Mark Pollock, falou sobre manter uma mentalidade resiliente sob press\u00e3o e usar o poder da tomada de decis\u00f5es para lidar com desafios, incluindo escolher ser um concorrente, um otimista ou realista, solista ou colaborador.&nbsp;<\/span><span data-ccp-props=\"{&quot;201341983&quot;:0,&quot;335559739&quot;:0,&quot;335559740&quot;:240}\">&nbsp;<\/span><\/p>\n<p><span data-contrast=\"auto\">O programa deste ano \u2013 que foi remarcado a partir de 2021 devido \u00e0 pandemia \u2013 ofereceu aos profissionais de viagens de neg\u00f3cios um amplo espectro de oportunidades de aprendizado com 30 sess\u00f5es de educa\u00e7\u00e3o, incluindo um fluxo de l\u00edngua alem\u00e3. Uma s\u00e9rie de quest\u00f5es importantes para os compradores foram discutidas, incluindo a evolu\u00e7\u00e3o dos programas de viagens; sustentabilidade; diversidade, equidade e inclus\u00e3o; e o futuro do trabalho.&nbsp;<\/span><span data-ccp-props=\"{&quot;201341983&quot;:0,&quot;335559739&quot;:0,&quot;335559740&quot;:240}\">&nbsp;<\/span><\/p>\n<p><span data-contrast=\"auto\">A Expo tamb\u00e9m contou com 40 expositores e fornecedores, e muitos fizeram an\u00fancios de not\u00edcias de \u00faltima hora como parte da Recep\u00e7\u00e3o de M\u00eddia da GBTA.&nbsp;<\/span><span data-ccp-props=\"{&quot;201341983&quot;:0,&quot;335559739&quot;:0,&quot;335559740&quot;:240}\">&nbsp;<\/span><\/p>\n<p><span data-contrast=\"auto\">A sess\u00e3o Big Idea da confer\u00eancia envolveu um workshop interativo que incluiu todos os participantes focados em temas-chave nas \u00e1reas de risco e seguran\u00e7a, sustentabilidade, gera\u00e7\u00f5es e satisfa\u00e7\u00e3o do viajante. O GBTA compartilhar\u00e1 os resultados e resultados da sess\u00e3o da Grande Ideia em breve.<\/span><span data-ccp-props=\"{&quot;201341983&quot;:0,&quot;335559739&quot;:0,&quot;335559740&quot;:240}\">&nbsp;<\/span><\/p>\n<p><span data-contrast=\"auto\">A confer\u00eancia foi tamb\u00e9m uma plataforma para reconhecer as contribui\u00e7\u00f5es de alguns dos muitos volunt\u00e1rios da GBTA na Europa. Parab\u00e9ns para Christian Rosenbaum da Amadeus por receber o \u201c<\/span><span data-contrast=\"none\">Pr\u00eamio de Servi\u00e7o de Viagens de Neg\u00f3cios.\u201d Carol Fergus, Fidelity, foi nomeada \u201cMembro Direto do Ano\u201d em reconhecimento ao seu terreno<\/span><span data-contrast=\"none\">&#8211;<\/span> <span data-contrast=\"none\">trabalho de ruptura na \u00e1rea de Diversidade, Equidade e Inclus\u00e3o. Pr\u00eamios Luoma,<\/span><span data-contrast=\"auto\"> estabelecido em 2011<\/span><span data-contrast=\"auto\">,<\/span><span data-contrast=\"auto\"> reconhece o volunt\u00e1rio que apoia o desenvolvimento da GBTA e seus parceiros de mercado local na Europa, este ano os parab\u00e9ns foram para Bernd Schulz por suas excelentes contribui\u00e7\u00f5es.<\/span><span data-ccp-props=\"{&quot;201341983&quot;:0,&quot;335559739&quot;:0,&quot;335559740&quot;:240}\">&nbsp;<\/span><\/p>\n<p><span data-contrast=\"auto\">\u201cPela primeira vez em mais de dois anos, foi maravilhoso ver a ind\u00fastria de viagens de neg\u00f3cios na Europa novamente unida, reconectando, aprendendo e fazendo neg\u00f3cios. O poder da conex\u00e3o e comunica\u00e7\u00e3o pessoal era palp\u00e1vel<\/span><span data-contrast=\"auto\">,<\/span><span data-contrast=\"auto\"> e ficou claro que todos os presentes apreciaram a oportunidade de conhecer pessoalmente e a produtividade obtida com a experi\u00eancia\u201d, disse Catherine Logan, vice-presidente regional EMEA, GBTA.&nbsp;<\/span><span data-ccp-props=\"{&quot;201341983&quot;:0,&quot;335559739&quot;:160,&quot;335559740&quot;:240}\">&nbsp;<\/span><\/p>\n<p><span data-contrast=\"auto\">\u201c<\/span><span data-contrast=\"none\">Ter a coragem de sediar este evento deu o pontap\u00e9 inicial para nossa ind\u00fastria, especialmente na Europa. Estamos encantados o<\/span><span data-contrast=\"none\">&nbsp;<\/span><span data-contrast=\"none\"> evento foi um sucesso com tantos delegados internacionais&quot;, disse<\/span> <span data-contrast=\"none\">Diane Pentaleri-Otto, Diretora de Vendas Internacionais, The Estrel, Berlim.&nbsp;<\/span><span data-ccp-props=\"{&quot;201341983&quot;:0,&quot;335559737&quot;:1330,&quot;335559739&quot;:160,&quot;335559740&quot;:259,&quot;469777462&quot;:[7740],&quot;469777927&quot;:[0],&quot;469777928&quot;:[1]}\">&nbsp;<\/span><\/p>\n<p><span data-contrast=\"auto\">O 2022 <\/span><a href=\"https:\/\/europeconference.gbta.org\/\"><span data-contrast=\"none\">confer\u00eancia<\/span><\/a> <span data-contrast=\"auto\">acontecer\u00e1 no The Square Convention Center, <\/span><b><span data-contrast=\"auto\">Bruxelas, 8 a 10 de novembro de 2022<\/span><\/b><span data-contrast=\"auto\">. A primeira C\u00fapula de Sustentabilidade da GBTA tamb\u00e9m acontecer\u00e1 em Bruxelas no dia 8 de novembro, antes do in\u00edcio da confer\u00eancia.&nbsp;<\/span><span data-ccp-props=\"{&quot;201341983&quot;:0,&quot;335559739&quot;:0,&quot;335559740&quot;:240}\">&nbsp;<\/span><\/p>\n<p><span data-contrast=\"auto\">\u201cFiquei muito feliz em ver nossa ind\u00fastria reunida mais uma vez, colaborando e aproveitando os benef\u00edcios de nos encontrarmos mais uma vez pessoalmente. A oportunidade de participar de sess\u00f5es educacionais&nbsp;<\/span> <span data-contrast=\"auto\">e ouvir os l\u00edderes da ind\u00fastria foi muito apreciado pelos delegados\u201d, disse Hans-Ingo Biehl, Diretor Executivo VDR.&nbsp;<\/span><span data-ccp-props=\"{&quot;201341983&quot;:0,&quot;335559739&quot;:0,&quot;335559740&quot;:240}\">&nbsp;<\/span><\/p>\n<p><span data-ccp-props=\"{&quot;201341983&quot;:0,&quot;335559739&quot;:0,&quot;335559740&quot;:240}\">&nbsp;<\/span><\/p>","protected":false},"excerpt":{"rendered":"<p>BERLIM \u2013 A Global Business Travel Association (GBTA) \u2013 a voz da ind\u00fastria global de viagens de neg\u00f3cios \u2013 e a associa\u00e7\u00e3o alem\u00e3 de compradores de viagens de neg\u00f3cios, VDR \u2013 encerraram sua s\u00e9tima confer\u00eancia conjunta bem-sucedida na Europa esta semana. Organizado em Berlim, o evento reuniu mais de 550 participantes de 22 pa\u00edses para insights, colabora\u00e7\u00e3o, networking e\u2026<\/p>","protected":false},"author":25,"featured_media":0,"comment_status":"open","ping_status":"open","sticky":false,"template":"","format":"standard","meta":{"_acf_changed":false,"_seopress_robots_primary_cat":"none","_seopress_titles_title":"","_seopress_titles_desc":"","_seopress_robots_index":"","om_disable_all_campaigns":false,"_relevanssi_hide_post":"","_relevanssi_hide_content":"","_relevanssi_pin_for_all":"","_relevanssi_pin_keywords":"","_relevanssi_unpin_keywords":"","_relevanssi_related_keywords":"","_relevanssi_related_include_ids":"","_relevanssi_related_exclude_ids":"","_relevanssi_related_no_append":"","_relevanssi_related_not_related":"","_relevanssi_related_posts":"1813,1894,1797,1971,1970,1817","_relevanssi_noindex_reason":"","_kad_blocks_custom_css":"","_kad_blocks_head_custom_js":"","_kad_blocks_body_custom_js":"","_kad_blocks_footer_custom_js":"","_kad_post_transparent":"","_kad_post_title":"","_kad_post_layout":"","_kad_post_sidebar_id":"","_kad_post_content_style":"","_kad_post_vertical_padding":"","_kad_post_feature":"","_kad_post_feature_position":"","_kad_post_header":false,"_kad_post_footer":false,"footnotes":"","_links_to":"","_links_to_target":""},"categories":[1437,1401,105,45,1438,280],"tags":[],"class_list":["post-2656","post","type-post","status-publish","format-standard","hentry","category-covid-19","category-diversity-equity-inclusion","category-europe-and-uk","category-news-and-press-releases","category-procurement-and-policy","category-sustainability"],"acf":[],"featured_image_src_large":false,"author_info":{"display_name":"jcampbell","author_link":"https:\/\/gbta.org\/pt\/author\/jcampbell\/"},"comment_info":"","category_info":[{"term_id":1437,"name":"COVID-19","slug":"covid-19","term_group":0,"term_taxonomy_id":1437,"taxonomy":"category","description":"","parent":0,"count":124,"filter":"raw","cat_ID":1437,"category_count":124,"category_description":"","cat_name":"COVID-19","category_nicename":"covid-19","category_parent":0},{"term_id":1401,"name":"Diversity, Equity &amp; Inclusion","slug":"diversity-equity-inclusion","term_group":0,"term_taxonomy_id":1401,"taxonomy":"category","description":"","parent":0,"count":40,"filter":"raw","cat_ID":1401,"category_count":40,"category_description":"","cat_name":"Diversity, Equity &amp; Inclusion","category_nicename":"diversity-equity-inclusion","category_parent":0},{"term_id":105,"name":"Europe and UK","slug":"europe-and-uk","term_group":0,"term_taxonomy_id":105,"taxonomy":"category","description":"","parent":0,"count":153,"filter":"raw","cat_ID":105,"category_count":153,"category_description":"","cat_name":"Europe and UK","category_nicename":"europe-and-uk","category_parent":0},{"term_id":45,"name":"News and Press Releases","slug":"news-and-press-releases","term_group":0,"term_taxonomy_id":45,"taxonomy":"category","description":"","parent":0,"count":542,"filter":"raw","cat_ID":45,"category_count":542,"category_description":"","cat_name":"News and Press Releases","category_nicename":"news-and-press-releases","category_parent":0},{"term_id":1438,"name":"Procurement and Policy","slug":"procurement-and-policy","term_group":0,"term_taxonomy_id":1438,"taxonomy":"category","description":"","parent":0,"count":38,"filter":"raw","cat_ID":1438,"category_count":38,"category_description":"","cat_name":"Procurement and Policy","category_nicename":"procurement-and-policy","category_parent":0},{"term_id":280,"name":"Sustainability","slug":"sustainability","term_group":0,"term_taxonomy_id":280,"taxonomy":"category","description":"","parent":0,"count":130,"filter":"raw","cat_ID":280,"category_count":130,"category_description":"","cat_name":"Sustainability","category_nicename":"sustainability","category_parent":0}],"tag_info":false,"taxonomy_info":{"category":[{"value":1437,"label":"COVID-19"},{"value":1401,"label":"Diversity, Equity &amp; Inclusion"},{"value":105,"label":"Europe and UK"},{"value":45,"label":"News and Press Releases"},{"value":1438,"label":"Procurement and Policy"},{"value":280,"label":"Sustainability"}]},"featured_image_src":null,"featured_image_src_square":null,"mfb_rest_fields":["featured_image_src_large","author_info","comment_info","category_info","tag_info","taxonomy_info","featured_image_src","featured_image_src_square"],"_links":{"self":[{"href":"https:\/\/gbta.org\/pt\/wp-json\/wp\/v2\/posts\/2656","targetHints":{"allow":["GET"]}}],"collection":[{"href":"https:\/\/gbta.org\/pt\/wp-json\/wp\/v2\/posts"}],"about":[{"href":"https:\/\/gbta.org\/pt\/wp-json\/wp\/v2\/types\/post"}],"author":[{"embeddable":true,"href":"https:\/\/gbta.org\/pt\/wp-json\/wp\/v2\/users\/25"}],"replies":[{"embeddable":true,"href":"https:\/\/gbta.org\/pt\/wp-json\/wp\/v2\/comments?post=2656"}],"version-history":[{"count":0,"href":"https:\/\/gbta.org\/pt\/wp-json\/wp\/v2\/posts\/2656\/revisions"}],"wp:attachment":[{"href":"https:\/\/gbta.org\/pt\/wp-json\/wp\/v2\/media?parent=2656"}],"wp:term":[{"taxonomy":"category","embeddable":true,"href":"https:\/\/gbta.org\/pt\/wp-json\/wp\/v2\/categories?post=2656"},{"taxonomy":"post_tag","embeddable":true,"href":"https:\/\/gbta.org\/pt\/wp-json\/wp\/v2\/tags?post=2656"}],"curies":[{"name":"wp","href":"https:\/\/api.w.org\/{rel}","templated":true}]}}