{"id":2659,"date":"2022-03-15T10:01:00","date_gmt":"2022-03-15T14:01:00","guid":{"rendered":"https:\/\/gbta.org\/check-in-with-suzanne-51\/"},"modified":"2022-09-29T08:53:42","modified_gmt":"2022-09-29T12:53:42","slug":"check-in-with-suzanne-51","status":"publish","type":"post","link":"https:\/\/gbta.org\/pt\/check-in-with-suzanne-51\/","title":{"rendered":"Check-in com Suzanne"},"content":{"rendered":"<p><span data-contrast=\"auto\">Voc\u00ea se lembra onde estava quando a Organiza\u00e7\u00e3o Mundial da Sa\u00fade <\/span><a href=\"https:\/\/www.who.int\/director-general\/speeches\/detail\/who-director-general-s-opening-remarks-at-the-media-briefing-on-covid-19---11-march-2020\"><span data-contrast=\"none\">declarado<\/span><\/a><span data-contrast=\"auto\"> o coronav\u00edrus uma pandemia em 11 de mar\u00e7o de 2020? Este m\u00eas, muitos de n\u00f3s est\u00e3o refletindo sobre os \u00faltimos dois anos e como o \u201cnormal\u201d parece uma vida atr\u00e1s \u2013 n\u00e3o apenas para o mundo e para n\u00f3s pessoalmente, mas tamb\u00e9m para o setor de viagens de neg\u00f3cios. Agora estamos pensando menos em voltar atr\u00e1s e mais em seguir em frente.&nbsp;<\/span><span data-ccp-props=\"{&quot;134233117&quot;:true,&quot;134233118&quot;:true,&quot;201341983&quot;:0,&quot;335559740&quot;:240}\">&nbsp;<\/span><\/p>\n<p><span data-ccp-props=\"{&quot;134233117&quot;:true,&quot;134233118&quot;:true,&quot;201341983&quot;:0,&quot;335559740&quot;:240}\">&nbsp;<\/span><\/p>\n<p><span data-contrast=\"auto\">Demos um grande passo em frente na semana passada, hospedando nosso primeiro <\/span><b><span data-contrast=\"auto\">Confer\u00eancia GBTA M\u00e9xico<\/span><\/b><span data-contrast=\"auto\"> em tr\u00eas anos \u2013 com cerca de 400 inscritos de v\u00e1rios pa\u00edses participando do aprendizado, colabora\u00e7\u00e3o e Expo. (Veja a foto.) Foi perspicaz e inspirador encontrar cara a cara com tantos de toda a regi\u00e3o.<\/span><span data-ccp-props=\"{&quot;134233117&quot;:true,&quot;134233118&quot;:true,&quot;201341983&quot;:0,&quot;335559740&quot;:240}\">&nbsp;<\/span><\/p>\n<p>&nbsp;<\/p>\n<p><span data-contrast=\"auto\">Cada evento presencial bem-sucedido, cada viagem de neg\u00f3cios e cada aumento nos dados de recupera\u00e7\u00e3o positivos refor\u00e7am por que vale a pena esperar para voltar \u00e0s viagens de neg\u00f3cios. Continuamos a avan\u00e7ar de forma incremental atrav\u00e9s da recupera\u00e7\u00e3o, mesmo quando agora enfrentamos novos desafios de lidar com as realidades econ\u00f4micas, comerciais e humanit\u00e1rias do conflito cont\u00ednuo na Ucr\u00e2nia.&nbsp;<\/span><span data-ccp-props=\"{&quot;134233279&quot;:true,&quot;201341983&quot;:0,&quot;335559739&quot;:160,&quot;335559740&quot;:240}\">&nbsp;<\/span><\/p>\n<p><span data-ccp-props=\"{&quot;134233117&quot;:true,&quot;134233118&quot;:true,&quot;201341983&quot;:0,&quot;335559740&quot;:240}\">&nbsp;<\/span><\/p>\n<p><span data-contrast=\"auto\">Como uma comunidade global, a GBTA quer ajudar a apoiar e ampliar os importantes esfor\u00e7os que est\u00e3o acontecendo em todo o setor de viagens para <\/span><b><span data-contrast=\"auto\">ajude a Ucr\u00e2nia<\/span><\/b><span data-contrast=\"auto\">. Ent\u00e3o, estamos compilando e seremos <\/span><a href=\"https:\/\/gbta.org\/pt\/gbta-community-in-support-of-ukraine\/\"><span data-contrast=\"none\">apresentando aqui no GBTA.org<\/span><\/a><span data-contrast=\"auto\"> as iniciativas humanit\u00e1rias e de ajuda de empresas do nosso setor. Se o GBTA puder ajudar a divulgar os esfor\u00e7os de caridade de sua organiza\u00e7\u00e3o em apoio \u00e0 Ucr\u00e2nia, informe-nos por <\/span><a href=\"https:\/\/form.jotform.com\/220676799844071\"><span data-contrast=\"none\">fornecendo as informa\u00e7\u00f5es aqui<\/span><\/a><span data-contrast=\"auto\">. Como sempre, em nossa ind\u00fastria encontraremos o caminho juntos.<\/span><span data-ccp-props=\"{&quot;134233117&quot;:true,&quot;134233118&quot;:true,&quot;201341983&quot;:0,&quot;335559740&quot;:240}\">&nbsp;<\/span><\/p>\n<p><span data-ccp-props=\"{&quot;134233279&quot;:true,&quot;201341983&quot;:0,&quot;335559739&quot;:160,&quot;335559740&quot;:240}\">&nbsp;<\/span><\/p>\n<p><span data-contrast=\"auto\">Mover-se juntos pela mudan\u00e7a tamb\u00e9m est\u00e1 inspirando a <\/span><b><span data-contrast=\"auto\">GBTA Virtual Town Hall com o Conselho de Administra\u00e7\u00e3o GBTA<\/span><\/b><span data-contrast=\"auto\"> agendada para 23 de mar\u00e7o<\/span><span data-contrast=\"auto\">rd<\/span><span data-contrast=\"auto\"> . Organizado pela Presidente do Conselho, Denise Truso, este primeiro encontro on-line dirigido pelo Conselho \u00e9 sua chance de se conectar e obter as \u00faltimas atualiza\u00e7\u00f5es sobre o que est\u00e1 acontecendo agora e insights sobre o que est\u00e1 por vir para a associa\u00e7\u00e3o e os membros. <\/span><a href=\"https:\/\/lnkd.in\/dir7hpHu\"><span data-contrast=\"none\">Registrar agora<\/span><\/a><span data-contrast=\"auto\"> participe e sinta-se a vontade <\/span><a href=\"https:\/\/lnkd.in\/ds2Fcs7N\"><span data-contrast=\"none\">envie qualquer pergunta<\/span><\/a><span data-contrast=\"auto\"> voc\u00ea pode ter com anteced\u00eancia.<\/span><span data-ccp-props=\"{&quot;134233279&quot;:true,&quot;201341983&quot;:0,&quot;335559739&quot;:160,&quot;335559740&quot;:240}\">&nbsp;<\/span><\/p>\n<p><span data-ccp-props=\"{&quot;134233279&quot;:true,&quot;201341983&quot;:0,&quot;335559739&quot;:160,&quot;335559740&quot;:240}\">&nbsp;<\/span><\/p>\n<p><span data-contrast=\"auto\">Suzanne<\/span><span data-ccp-props=\"{&quot;134233279&quot;:true,&quot;201341983&quot;:0,&quot;335559739&quot;:160,&quot;335559740&quot;:240}\">&nbsp;<\/span><\/p>\n<p>&nbsp;<\/p>\n<p><u>Novidades para saber:<\/u><\/p>\n<p><strong>Nova pesquisa: 5 sinais de recupera\u00e7\u00e3o cont\u00ednua de viagens<\/strong><\/p>\n<p>A Expedia Group Media Solutions lan\u00e7ou recentemente seu <a href=\"https:\/\/skift.com\/2022\/03\/07\/new-research-5-signs-of-travels-continued-recovery\/\">Relat\u00f3rio de tend\u00eancias de recupera\u00e7\u00e3o de viagens do quarto trimestre de 2021<\/a>, que descreve os dados e pesquisas mais recentes sobre como as viagens est\u00e3o retornando e inclui insights acion\u00e1veis para ajudar a capturar a demanda por destinos, acomoda\u00e7\u00f5es, transporte e outros segmentos do setor. \u00c0 medida que o apetite por viagens de lazer continuou a crescer no quarto trimestre do ano passado, principalmente na regi\u00e3o da \u00c1sia-Pac\u00edfico, as janelas de pesquisa globais aumentaram e os destinos de longa dist\u00e2ncia se tornaram mais atraentes. A popularidade cont\u00ednua dos alugu\u00e9is de temporada e o aumento do uso de programas de fidelidade tamb\u00e9m apontaram para um crescimento est\u00e1vel e sustent\u00e1vel para o pr\u00f3ximo ano.<\/p>\n<p><strong>Ind\u00fastria hoteleira diz que automa\u00e7\u00e3o e integra\u00e7\u00e3o s\u00e3o vitais para a recupera\u00e7\u00e3o<\/strong><\/p>\n<p>A digitaliza\u00e7\u00e3o do setor de hospitalidade est\u00e1 em andamento h\u00e1 d\u00e9cadas, mas os \u00faltimos dois anos aceleraram a ado\u00e7\u00e3o de tecnologia em hot\u00e9is em todo o mundo. <a href=\"https:\/\/www.hospitalitynet.org\/news\/4109358.html\">Duetto pesquisou hoteleiros em todo o mundo<\/a> para avaliar o sentimento e as prioridades da ind\u00fastria hoteleira em rela\u00e7\u00e3o ao gerenciamento de receita, ferramentas de receita e inova\u00e7\u00f5es tecnol\u00f3gicas. A resposta esmagadora foi que a automa\u00e7\u00e3o e a integra\u00e7\u00e3o s\u00e3o vistas como a chave para o sucesso futuro pela maioria daqueles que trabalham em uma fun\u00e7\u00e3o de receita de hotel. Na verdade, 77,6% dos entrevistados esperam aumentar seu investimento em tecnologia hoteleira nos pr\u00f3ximos tr\u00eas anos.<\/p>\n<p><strong>Viagens de neg\u00f3cios no Reino Unido t\u00eam semana mais forte em dois anos<\/strong><\/p>\n<p>O setor de viagens de neg\u00f3cios do Reino Unido teve sua semana mais forte desde o in\u00edcio da pandemia de Covid-19 em mar\u00e7o de 2020. <a href=\"https:\/\/www.businesstravelnewseurope.com\/Management\/UK-business-travel-enjoys-strongest-week-for-two-years\">Novos n\u00fameros da Business Travel Association (BTA)<\/a> mostrou que a \u00faltima semana de fevereiro foi o melhor per\u00edodo de sete dias para o setor em quase dois anos, quando comparado \u00e0 mesma semana de 2019<strong>. <\/strong>A BTA disse que dados da empresa de tecnologia de viagens Travelogix mostraram que \u201ca confian\u00e7a do viajante voltou\u201d, com um aumento de 403% nas novas reservas de viagens de neg\u00f3cios em compara\u00e7\u00e3o com a mesma semana de 2021. As partidas para a semana tamb\u00e9m aumentaram 292% no mesmo per\u00edodo. .<\/p>\n<p><strong>A Costa Rica n\u00e3o exigir\u00e1 mais o Health Pass conclu\u00eddo a partir de 1\u00ba de abril<\/strong><\/p>\n<p>A partir de 1\u00ba de abril, a Costa Rica <a href=\"https:\/\/www.travelagentcentral.com\/central-america\/costa-rica-will-no-longer-require-completed-health-pass-april-1\">n\u00e3o exigem mais que os viajantes preencham um Health Pass online<\/a> ao visitar o destino. Al\u00e9m disso, os viajantes n\u00e3o vacinados n\u00e3o precisar\u00e3o mais adquirir uma ap\u00f3lice de seguro de viagem; no entanto, ainda \u00e9 recomend\u00e1vel que os viajantes adquiram um seguro de viagem para cobrir despesas m\u00e9dicas e de hospedagem em caso de contrair COVID-19. Nesse \u00ednterim, o Health Pass pode ser preenchido em salud.go.cr. Ele s\u00f3 pode ser conclu\u00eddo em at\u00e9 72 horas antes da chegada ao pa\u00eds; um formul\u00e1rio deve ser preenchido por pessoa, incluindo menores.<\/p>\n<p>&nbsp;<\/p>\n<p><u>Not\u00edcias e lembretes GBTA:<\/u><\/p>\n<p><strong>Bootcamp de gerenciamento de risco de viagem: entendendo e implementando a ISO31030<\/strong><\/p>\n<p>Junte-se a n\u00f3s para o nosso pr\u00f3ximo <a href=\"https:\/\/gbta.org\/pt\/professional-development\/online-training-opportunities\/guide-to-iso-31030-implementation\/\">Bootcamp de gerenciamento de risco de viagem: entendendo e implementando a ISO31030<\/a> sobre <strong>6 a 7 de abril<sup>\u00ba<\/sup><\/strong>, at\u00e9 o momento recebemos alguns depoimentos incr\u00edveis. A ISO 31030 estabelece diretrizes claras para avaliar os riscos relacionados a viagens \u2013 sejam f\u00edsicos, de higiene ou cibern\u00e9ticos \u2013 e como gerenciar e comparar esses riscos. Ele remover\u00e1 as suposi\u00e7\u00f5es e fornecer\u00e1 clareza em uma \u00e1rea que nunca foi t\u00e3o cr\u00edtica para as empresas e seus viajantes.<\/p>","protected":false},"excerpt":{"rendered":"<p>Voc\u00ea se lembra de onde estava quando a Organiza\u00e7\u00e3o Mundial da Sa\u00fade declarou o coronav\u00edrus uma pandemia em 11 de mar\u00e7o de 2020? Este m\u00eas encontra muitos de n\u00f3s refletindo sobre os \u00faltimos dois anos e como \u201cnormal\u201d parece uma vida atr\u00e1s \u2013 n\u00e3o apenas para o mundo e para n\u00f3s pessoalmente, mas tamb\u00e9m para os neg\u00f3cios\u2026<\/p>","protected":false},"author":25,"featured_media":0,"comment_status":"open","ping_status":"open","sticky":false,"template":"","format":"standard","meta":{"_acf_changed":false,"_seopress_robots_primary_cat":"none","_seopress_titles_title":"","_seopress_titles_desc":"","_seopress_robots_index":"","om_disable_all_campaigns":false,"_relevanssi_hide_post":"","_relevanssi_hide_content":"","_relevanssi_pin_for_all":"","_relevanssi_pin_keywords":"","_relevanssi_unpin_keywords":"","_relevanssi_related_keywords":"","_relevanssi_related_include_ids":"","_relevanssi_related_exclude_ids":"","_relevanssi_related_no_append":"","_relevanssi_related_not_related":"","_relevanssi_related_posts":"2477,1439,2017,1620,1171,2480","_relevanssi_noindex_reason":"","_kad_blocks_custom_css":"","_kad_blocks_head_custom_js":"","_kad_blocks_body_custom_js":"","_kad_blocks_footer_custom_js":"","_kad_post_transparent":"","_kad_post_title":"","_kad_post_layout":"","_kad_post_sidebar_id":"","_kad_post_content_style":"","_kad_post_vertical_padding":"","_kad_post_feature":"","_kad_post_feature_position":"","_kad_post_header":false,"_kad_post_footer":false,"footnotes":"","_links_to":"","_links_to_target":""},"categories":[1437,1438,37,79,280],"tags":[1450],"class_list":["post-2659","post","type-post","status-publish","format-standard","hentry","category-covid-19","category-procurement-and-policy","category-research-and-travel-trends","category-safety-and-security","category-sustainability","tag-check-in-with-suzanne"],"acf":[],"featured_image_src_large":false,"author_info":{"display_name":"jcampbell","author_link":"https:\/\/gbta.org\/pt\/author\/jcampbell\/"},"comment_info":"","category_info":[{"term_id":1437,"name":"COVID-19","slug":"covid-19","term_group":0,"term_taxonomy_id":1437,"taxonomy":"category","description":"","parent":0,"count":124,"filter":"raw","cat_ID":1437,"category_count":124,"category_description":"","cat_name":"COVID-19","category_nicename":"covid-19","category_parent":0},{"term_id":1438,"name":"Procurement and Policy","slug":"procurement-and-policy","term_group":0,"term_taxonomy_id":1438,"taxonomy":"category","description":"","parent":0,"count":38,"filter":"raw","cat_ID":1438,"category_count":38,"category_description":"","cat_name":"Procurement and Policy","category_nicename":"procurement-and-policy","category_parent":0},{"term_id":37,"name":"Research and Travel Trends","slug":"research-and-travel-trends","term_group":0,"term_taxonomy_id":37,"taxonomy":"category","description":"","parent":0,"count":966,"filter":"raw","cat_ID":37,"category_count":966,"category_description":"","cat_name":"Research and Travel Trends","category_nicename":"research-and-travel-trends","category_parent":0},{"term_id":79,"name":"Safety and Security","slug":"safety-and-security","term_group":0,"term_taxonomy_id":79,"taxonomy":"category","description":"","parent":0,"count":237,"filter":"raw","cat_ID":79,"category_count":237,"category_description":"","cat_name":"Safety and Security","category_nicename":"safety-and-security","category_parent":0},{"term_id":280,"name":"Sustainability","slug":"sustainability","term_group":0,"term_taxonomy_id":280,"taxonomy":"category","description":"","parent":0,"count":130,"filter":"raw","cat_ID":280,"category_count":130,"category_description":"","cat_name":"Sustainability","category_nicename":"sustainability","category_parent":0}],"tag_info":[{"term_id":1450,"name":"Check-in with Suzanne","slug":"check-in-with-suzanne","term_group":0,"term_taxonomy_id":1450,"taxonomy":"post_tag","description":"","parent":0,"count":47,"filter":"raw"}],"taxonomy_info":{"category":[{"value":1437,"label":"COVID-19"},{"value":1438,"label":"Procurement and Policy"},{"value":37,"label":"Research and Travel Trends"},{"value":79,"label":"Safety and Security"},{"value":280,"label":"Sustainability"}],"post_tag":[{"value":1450,"label":"Check-in with Suzanne"}]},"featured_image_src":null,"featured_image_src_square":null,"mfb_rest_fields":["featured_image_src_large","author_info","comment_info","category_info","tag_info","taxonomy_info","featured_image_src","featured_image_src_square"],"_links":{"self":[{"href":"https:\/\/gbta.org\/pt\/wp-json\/wp\/v2\/posts\/2659","targetHints":{"allow":["GET"]}}],"collection":[{"href":"https:\/\/gbta.org\/pt\/wp-json\/wp\/v2\/posts"}],"about":[{"href":"https:\/\/gbta.org\/pt\/wp-json\/wp\/v2\/types\/post"}],"author":[{"embeddable":true,"href":"https:\/\/gbta.org\/pt\/wp-json\/wp\/v2\/users\/25"}],"replies":[{"embeddable":true,"href":"https:\/\/gbta.org\/pt\/wp-json\/wp\/v2\/comments?post=2659"}],"version-history":[{"count":0,"href":"https:\/\/gbta.org\/pt\/wp-json\/wp\/v2\/posts\/2659\/revisions"}],"wp:attachment":[{"href":"https:\/\/gbta.org\/pt\/wp-json\/wp\/v2\/media?parent=2659"}],"wp:term":[{"taxonomy":"category","embeddable":true,"href":"https:\/\/gbta.org\/pt\/wp-json\/wp\/v2\/categories?post=2659"},{"taxonomy":"post_tag","embeddable":true,"href":"https:\/\/gbta.org\/pt\/wp-json\/wp\/v2\/tags?post=2659"}],"curies":[{"name":"wp","href":"https:\/\/api.w.org\/{rel}","templated":true}]}}