{"id":2665,"date":"2022-03-29T10:01:00","date_gmt":"2022-03-29T14:01:00","guid":{"rendered":"https:\/\/gbta.org\/check-in-with-suzanne-53\/"},"modified":"2022-09-29T08:26:07","modified_gmt":"2022-09-29T12:26:07","slug":"check-in-with-suzanne-53","status":"publish","type":"post","link":"https:\/\/gbta.org\/pt\/check-in-with-suzanne-53\/","title":{"rendered":"Check-in com Suzanne"},"content":{"rendered":"<p><span data-contrast=\"auto\">Acompanhar a recupera\u00e7\u00e3o das viagens de neg\u00f3cios \u00e9 como tra\u00e7ar momentos num continuum \u2013 a nossa ind\u00fastria tem vindo a avaliar, a reavaliar, a manter o rumo ou a dinamizar, \u00e0 medida que avan\u00e7amos no eixo horizontal do tempo. Ent\u00e3o, em que momento estamos agora?&nbsp;<\/span><span data-ccp-props=\"{&quot;134233279&quot;:true,&quot;201341983&quot;:0,&quot;335559739&quot;:160,&quot;335559740&quot;:247}\">&nbsp;<\/span><\/p>\n<p><span data-ccp-props=\"{&quot;134233279&quot;:true,&quot;201341983&quot;:0,&quot;335559739&quot;:160,&quot;335559740&quot;:247}\">&nbsp;<\/span><\/p>\n<p><span data-contrast=\"auto\">UMA <\/span><a href=\"https:\/\/amp.economist.com\/business\/2022\/03\/23\/a-guide-to-your-next-business-trip\"><span data-contrast=\"none\">hist\u00f3ria recente<\/span><\/a><span data-contrast=\"auto\"> no \u201cThe Economist\u201d com GBTA e uma conversa que tive na semana passada com um rep\u00f3rter do Wall Street Journal pode mostrar alguma indica\u00e7\u00e3o. Al\u00e9m da COVID-19, estamos cada vez mais atentos a outros aspectos da recupera\u00e7\u00e3o, incluindo a liga\u00e7\u00e3o entre o futuro do trabalho e o futuro das viagens de neg\u00f3cios.<\/span><span data-ccp-props=\"{&quot;134233279&quot;:true,&quot;201341983&quot;:0,&quot;335559739&quot;:160,&quot;335559740&quot;:247}\">&nbsp;<\/span><\/p>\n<p><span data-ccp-props=\"{&quot;134233279&quot;:true,&quot;201341983&quot;:0,&quot;335559739&quot;:160,&quot;335559740&quot;:247}\">&nbsp;<\/span><\/p>\n<p><span data-contrast=\"auto\">As empresas est\u00e3o reabrindo suas portas e adotando modelos de locais de trabalho mais permanentes. Existem considera\u00e7\u00f5es semelhantes partilhadas para o regresso ao escrit\u00f3rio e \u00e0s viagens de neg\u00f3cios \u2013 desde a seguran\u00e7a e sa\u00fade cont\u00ednuas at\u00e9 \u00e0 compreens\u00e3o das novas necessidades e desejos dos funcion\u00e1rios. N\u00f4mades digitais, trabalho em qualquer lugar, retorno \u00e0 base e viagens combinadas de neg\u00f3cios\/lazer s\u00e3o novas considera\u00e7\u00f5es para o futuro do trabalho e das viagens de neg\u00f3cios. \u00c9 por isso que o futuro do trabalho continua a ser um tema chave em toda a nossa pesquisa, educa\u00e7\u00e3o e eventos do GBTA. Eu ia <\/span><a href=\"mailto:sneufang@gbta.org\"><span data-contrast=\"none\">amo ouvir<\/span><\/a><span data-contrast=\"auto\"> de voc\u00ea sobre a evolu\u00e7\u00e3o que voc\u00ea est\u00e1 vendo em seu local de trabalho e em viagens de neg\u00f3cios.<\/span><span data-ccp-props=\"{&quot;134233279&quot;:true,&quot;201341983&quot;:0,&quot;335559739&quot;:160,&quot;335559740&quot;:247}\">&nbsp;<\/span><\/p>\n<p><span data-ccp-props=\"{&quot;134233279&quot;:true,&quot;201341983&quot;:0,&quot;335559739&quot;:160,&quot;335559740&quot;:247}\">&nbsp;<\/span><\/p>\n<p><span data-contrast=\"auto\">E por falar em entrar em contato, como voc\u00ea leu ontem no artigo \u201cPerspectivas do Conselho\u201d da Presidente do Conselho da GBTA, Denise Truso, na semana passada realizamos nosso primeiro Town Hall com o Conselho de Diretores da GBTA. Estou compartilhando aqui mais pensamentos da prefeitura, cortesia do membro do conselho Jens Liltorp:<\/span><span data-ccp-props=\"{&quot;134233279&quot;:true,&quot;201341983&quot;:0,&quot;335559739&quot;:160,&quot;335559740&quot;:247}\">&nbsp;<\/span><\/p>\n<ul>\n<li data-leveltext=\"\uf0b7\" data-font=\"Symbol\" data-listid=\"12\" data-aria-posinset=\"1\" data-aria-level=\"1\"><span data-contrast=\"auto\">Sa\u00edmos da pandemia financeiramente s\u00f3lidos. A GBTA como organiza\u00e7\u00e3o est\u00e1 a ser relan\u00e7ada \u2013 pessoal e recursos foram cortados, mas est\u00e3o agora a ser aumentados.<\/span><span data-ccp-props=\"{&quot;201341983&quot;:0,&quot;335559739&quot;:160,&quot;335559740&quot;:240}\">&nbsp;<\/span><\/li>\n<\/ul>\n<ul>\n<li data-leveltext=\"\uf0b7\" data-font=\"Symbol\" data-listid=\"12\" data-aria-posinset=\"1\" data-aria-level=\"1\"><span data-contrast=\"auto\">Temos uma nova estrat\u00e9gia em vigor \u2013 alcan\u00e7ar um \u00e2mbito mais global \u00e9 um factor chave.<\/span><span data-ccp-props=\"{&quot;201341983&quot;:0,&quot;335559739&quot;:160,&quot;335559740&quot;:240}\">&nbsp;<\/span><\/li>\n<li data-leveltext=\"\uf0b7\" data-font=\"Symbol\" data-listid=\"12\" data-aria-posinset=\"2\" data-aria-level=\"1\"><span data-contrast=\"auto\">Os estatutos est\u00e3o passando por um escrut\u00ednio cont\u00ednuo para se tornarem ainda mais transparentes e globalmente adequados.<\/span><span data-ccp-props=\"{&quot;201341983&quot;:0,&quot;335559739&quot;:160,&quot;335559740&quot;:240}\">&nbsp;<\/span><\/li>\n<li data-leveltext=\"\uf0b7\" data-font=\"Symbol\" data-listid=\"12\" data-aria-posinset=\"3\" data-aria-level=\"1\"><span data-contrast=\"auto\">O GBTA Hub foi redesenhado e relan\u00e7ado.<\/span><span data-ccp-props=\"{&quot;201341983&quot;:0,&quot;335559739&quot;:160,&quot;335559740&quot;:240}\">&nbsp;<\/span><\/li>\n<li data-leveltext=\"\uf0b7\" data-font=\"Symbol\" data-listid=\"12\" data-aria-posinset=\"4\" data-aria-level=\"1\"><span data-contrast=\"auto\">Conseguimos realizar v\u00e1rias confer\u00eancias presenciais, mesmo em tempos dif\u00edceis.<\/span><span data-ccp-props=\"{&quot;201341983&quot;:0,&quot;335559739&quot;:160,&quot;335559740&quot;:240}\">&nbsp;<\/span><\/li>\n<li data-leveltext=\"\uf0b7\" data-font=\"Symbol\" data-listid=\"12\" data-aria-posinset=\"5\" data-aria-level=\"1\"><span data-contrast=\"auto\">A GBTA est\u00e1 em um estado de mudan\u00e7a \u2013 n\u00f3s, como Conselho, estamos focados em nos aproximar dos membros, nos tornarmos mais transparentes e agregar mais valor.&nbsp;<\/span><span data-ccp-props=\"{&quot;201341983&quot;:0,&quot;335559739&quot;:160,&quot;335559740&quot;:240}\">&nbsp;<\/span><\/li>\n<\/ul>\n<p><span data-ccp-props=\"{&quot;201341983&quot;:0,&quot;335559685&quot;:720,&quot;335559739&quot;:160,&quot;335559740&quot;:240}\">&nbsp;<\/span><\/p>\n<p><span data-contrast=\"auto\">Pegue a prefeitura sob demanda (<\/span><a href=\"https:\/\/www3.gbta.org\/e\/5572\/p5PiD8Mrfvo\/6mqw6z\/4169256872?h=vzdGWD_r8gbs45cjqnc8Egld_WRxuaF5h_dFDLLE1as\"><span data-contrast=\"none\">repeti\u00e7\u00e3o de v\u00eddeo<\/span><\/a><span data-contrast=\"auto\"> e <\/span><span data-contrast=\"none\">apresenta\u00e7\u00e3o<\/span><span data-contrast=\"auto\">). Voc\u00ea tamb\u00e9m pode se conectar com o Conselho GBTA em <\/span><a href=\"mailto:GBTABoard@gbta.org\"><span data-contrast=\"none\">GBTABoard@gbta.org<\/span><\/a><span data-contrast=\"auto\"> ou para qualquer <\/span><a href=\"https:\/\/gbta.org\/pt\/membership-and-communities\/global-leadership\/association-leadership\/#Board\"><span data-contrast=\"none\">pessoa f\u00edsica por e-mail<\/span><\/a><span data-contrast=\"auto\">.<\/span><span data-ccp-props=\"{&quot;134233279&quot;:true,&quot;201341983&quot;:0,&quot;335559739&quot;:160,&quot;335559740&quot;:247}\">&nbsp;<\/span><\/p>\n<p>&nbsp;<\/p>\n<p><span data-ccp-props=\"{&quot;134233279&quot;:true,&quot;201341983&quot;:0,&quot;335559739&quot;:160,&quot;335559740&quot;:247}\"><span class=\"TextRun SCXW205506423 BCX0\" data-contrast=\"auto\" lang=\"EN-US\"><span class=\"NormalTextRun SCXW205506423 BCX0\">Voc\u00ea est\u00e1 interessado em ajudar a GBTA a revisar o estatuto aprovado em 2021? Procuramos volunt\u00e1rios para ajudar a alterar a linguagem que usamos para ajudar a governar a associa\u00e7\u00e3o. Depois de fazermos v\u00e1rias mudan\u00e7as importantes no ano passado, incluindo a forma como reconhecemos os membros, acrescentando representa\u00e7\u00e3o global e limites de mandato, h\u00e1 linguagem e processos adicionais a serem revisados. Participe de uma das reuni\u00f5es informativas: amanh\u00e3, 30 de mar\u00e7o \u00e0s 8h ET ou sexta-feira, 1\u00ba de abril \u00e0s 12h ET. Enviar e-mail para os membros do conselho da GBTA, Will Pinnell (<\/span><\/span><a class=\"Hyperlink SCXW205506423 BCX0\" href=\"mailto:will.pinnell@bcdtravel.com\" target=\"_blank\" rel=\"noreferrer noopener\"><span class=\"TextRun Underlined SCXW205506423 BCX0\" data-contrast=\"none\" lang=\"EN-US\"><span class=\"NormalTextRun SCXW205506423 BCX0\" data-ccp-charstyle=\"Hyperlink\">will.pinnell@bcdtravel.com<\/span><\/span><\/a><span class=\"TextRun SCXW205506423 BCX0\" data-contrast=\"auto\" lang=\"EN-US\"><span class=\"NormalTextRun SCXW205506423 BCX0\"> ou Rita Visser (<\/span><\/span><a class=\"Hyperlink SCXW205506423 BCX0\" href=\"mailto:rita.visser@oracle.com\" target=\"_blank\" rel=\"noreferrer noopener\"><span class=\"TextRun Underlined SCXW205506423 BCX0\" data-contrast=\"none\" lang=\"EN-US\"><span class=\"NormalTextRun SCXW205506423 BCX0\" data-ccp-charstyle=\"Hyperlink\">rita.visser@oracle.com<\/span><\/span><\/a><span class=\"TextRun SCXW205506423 BCX0\" data-contrast=\"auto\" lang=\"EN-US\"><span class=\"NormalTextRun SCXW205506423 BCX0\">) para se inscrever.<\/span><\/span><span class=\"EOP SCXW205506423 BCX0\" data-ccp-props=\"{&quot;201341983&quot;:0,&quot;335559739&quot;:160,&quot;335559740&quot;:259}\">&nbsp;<\/span><\/span><\/p>\n<p>&nbsp;<\/p>\n<p><span data-contrast=\"auto\">E a GBTA continua no seu caminho para <\/span><a href=\"https:\/\/convention.gbta.org\/\"><span data-contrast=\"none\">Conven\u00e7\u00e3o 2022<\/span><\/a><span data-contrast=\"auto\"> para nosso evento de 14 a 17 de agosto em San Diego. Certifique-se de aproveitar <\/span><a href=\"https:\/\/convention.gbta.org\/Registration\/Registration\"><span data-contrast=\"none\">Inscri\u00e7\u00f5es antecipadas<\/span><\/a><span data-contrast=\"auto\"> que termina nesta quinta-feira, 31 de mar\u00e7o.&nbsp;<\/span><span data-ccp-props=\"{&quot;134233279&quot;:true,&quot;201341983&quot;:0,&quot;335559739&quot;:160,&quot;335559740&quot;:247}\">&nbsp;<\/span><\/p>\n<p><span data-ccp-props=\"{&quot;134233279&quot;:true,&quot;201341983&quot;:0,&quot;335559739&quot;:160,&quot;335559740&quot;:247}\">&nbsp;<\/span><\/p>\n<p><span data-contrast=\"auto\">Suzanne<\/span><span data-ccp-props=\"{&quot;134233279&quot;:true,&quot;201341983&quot;:0,&quot;335559739&quot;:160,&quot;335559740&quot;:247}\">&nbsp;<\/span><\/p>\n<p><span data-ccp-props=\"{&quot;134233279&quot;:true,&quot;201341983&quot;:0,&quot;335559739&quot;:160,&quot;335559740&quot;:247}\">&nbsp;<\/span><\/p>\n<p><span data-contrast=\"auto\">Continue lendo<\/span><span data-ccp-props=\"{&quot;134233279&quot;:true,&quot;201341983&quot;:0,&quot;335559739&quot;:160,&quot;335559740&quot;:247}\">&nbsp;<\/span><\/p>\n<p><u>Novidades para saber:<\/u><\/p>\n<p><strong>Advantage diz que viagens de neg\u00f3cios est\u00e3o &#039;virando uma esquina&#039;<\/strong><\/p>\n<p><a href=\"https:\/\/www.businesstravelnewseurope.com\/Management\/Advantage-says-business-travel-is-turning-a-corner-\">Membros TMC da Advantage Global Network<\/a> est\u00e3o actualmente a representar, em m\u00e9dia, 48 por cento do seu volume de neg\u00f3cios em 2019, com a maioria esperando terminar 2022 em cerca de 70 por cento dos n\u00edveis pr\u00e9-Covid, \u00e0 medida que a rede v\u00ea os \u201crebentos verdes\u201d da recupera\u00e7\u00e3o das viagens corporativas. A Advantage Global Network, com sede em Londres, anteriormente conhecida como WIN Global Travel Network antes de mudar de nome em setembro de 2021, disse que esperava que o volume de neg\u00f3cios anual dos seus membros totalizasse cerca de $7,5 mil milh\u00f5es este ano, numa atualiza\u00e7\u00e3o sobre o com\u00e9rcio. Pandemia de Covid-19, a Advantage continuou a aumentar o seu n\u00famero de membros para n\u00edveis recorde e a rede agora tem parceiros TMC em 83 pa\u00edses, acima dos 70 pa\u00edses em 2020. Advantage foi a sexta maior rede TMC da Europa na lista dos principais TMCs da Europa 2021, compilada pela BTN Europa.<\/p>\n<p><strong>Air Canada retomar\u00e1 rota Edimburgo-Toronto<\/strong><\/p>\n<p>Air Canada anunciou planos para retomar <a href=\"https:\/\/www.businesstraveller.com\/business-travel\/2022\/03\/25\/air-canada-to-resume-edinburgh-toronto-route\/\">voos sem escalas entre Edimburgo e Toronto neste ver\u00e3o<\/a>. O servi\u00e7o sazonal ser\u00e1 operado pela aeronave B787-8 da transportadora, configurada com 225 assentos nas classes econ\u00f4mica, econ\u00f4mica premium e executiva (marca Air Canada Signature Class). A rota j\u00e1 havia sido servida pela subsidi\u00e1ria de lazer Air Canada Rouge \u2013 na verdade, foi a rota de lan\u00e7amento da transportadora em 2013. Os voos ser\u00e3o operados seis vezes por semana entre 1\u00ba de junho e 2 de outubro, e quatro vezes por semana entre 3 de outubro. e 29 de outubro. Os hor\u00e1rios podem ser vistos na tabela abaixo, com a Air Canada afirmando que os voos t\u00eam sido tempos para otimizar a conectividade com a rede norte-americana da transportadora.<\/p>\n<p><strong>Cingapura reabrir\u00e1 totalmente para viajantes vacinados a partir de 1\u00ba de abril<\/strong><\/p>\n<p><a href=\"https:\/\/www.businesstraveller.com\/business-travel\/2022\/03\/25\/singapore-to-fully-reopen-to-vaccinated-travellers-from-april-1\/\">Cingapura abrir\u00e1 suas fronteiras para viajantes totalmente vacinados<\/a> a partir do pr\u00f3ximo m\u00eas, com a remo\u00e7\u00e3o dos requisitos da Faixa de Viagem para Vacinados. A partir de 2359 de 31 de mar\u00e7o de 2022, todos os viajantes totalmente vacinados e crian\u00e7as n\u00e3o totalmente vacinadas com 12 anos ou menos ter\u00e3o permiss\u00e3o para entrar em Cingapura sem ter que usar o transporte da Via de Viagem para Vacinados, fazer testes de chegada ou passar por quarentena. Os viajantes continuar\u00e3o a ser obrigados a fazer um PCR ou teste de ant\u00edgeno antes da partida dentro de dois dias antes da partida para Cingapura.<\/p>\n<p><strong>L\u00f3pez Obrador, do M\u00e9xico, inaugura novo aeroporto internacional<\/strong><\/p>\n<p>do M\u00e9xico <a href=\"https:\/\/www.aljazeera.com\/news\/2022\/3\/21\/mexicos-lopez-obrador-to-inaugurate-new-and-distant-airport\">O presidente Andr\u00e9s Manuel L\u00f3pez Obrador inaugurou um novo aeroporto<\/a> servindo a Cidade do M\u00e9xico, em um movimento marcante mais de tr\u00eas anos depois que ele descartou um projeto de constru\u00e7\u00e3o multibilion\u00e1rio parcialmente constru\u00eddo pelo governo anterior, que ele disse ser um s\u00edmbolo de corrup\u00e7\u00e3o. V\u00e1rios voos decolaram do Aeroporto Internacional Felipe Angeles, ao norte da capital na segunda-feira, enquanto L\u00f3pez Obrador estava presente para sua inaugura\u00e7\u00e3o oficial. Come\u00e7a a operar sem liga\u00e7\u00e3o ferrovi\u00e1ria, que dever\u00e1 ficar pronta no pr\u00f3ximo ano.<\/p>\n<p>&nbsp;<\/p>\n<p><u>Not\u00edcias e lembretes GBTA:<\/u><\/p>\n<p><strong>Programas de viagens de sucesso<\/strong><\/p>\n<p>Quais s\u00e3o as necessidades essenciais para sua organiza\u00e7\u00e3o e para seus viajantes? Esta apresenta\u00e7\u00e3o ser\u00e1 de interesse para <a href=\"https:\/\/gbta.org\/pt\/calendar\/all-events\/eventid\/1356\/e\/successful-travel-programs-31-mar-2022\/\">compradores e fornecedores para fornecer uma vis\u00e3o hol\u00edstica de um programa de viagens pr\u00f3spero<\/a>. <strong>Em 31 de mar\u00e7o<sup>rua<\/sup><\/strong> discutiremos a constru\u00e7\u00e3o das tr\u00eas bases para uma estrat\u00e9gia de viagens bem-sucedida: o perfil da sua empresa, sua plataforma e seu gerenciamento de categoria. Vamos nos concentrar nos pontos de sucesso das perspectivas do vendedor e do comprador, descrevendo as melhores pr\u00e1ticas de parceria.<\/p>\n<p><strong>Bootcamp de gerenciamento de risco de viagem: entendendo e implementando a ISO31030<\/strong><\/p>\n<p>Junte-se a n\u00f3s para o nosso pr\u00f3ximo <a href=\"https:\/\/gbta.org\/pt\/professional-development\/online-training-opportunities\/guide-to-iso-31030-implementation\/\">Bootcamp de gerenciamento de risco de viagem: entendendo e implementando a ISO31030<\/a> sobre <strong>6 a 7 de abril<sup>\u00ba<\/sup><\/strong>, at\u00e9 o momento recebemos alguns depoimentos incr\u00edveis. A ISO 31030 estabelece diretrizes claras para avaliar os riscos relacionados a viagens \u2013 sejam f\u00edsicos, de higiene ou cibern\u00e9ticos \u2013 e como gerenciar e comparar esses riscos. Ele remover\u00e1 as suposi\u00e7\u00f5es e fornecer\u00e1 clareza em uma \u00e1rea que nunca foi t\u00e3o cr\u00edtica para as empresas e seus viajantes.<\/p>","protected":false},"excerpt":{"rendered":"<p>Acompanhar a recupera\u00e7\u00e3o das viagens de neg\u00f3cios \u00e9 como tra\u00e7ar momentos em um continuum \u2013 nosso setor vem avaliando, reavaliando, mantendo o curso ou girando, \u00e0 medida que avan\u00e7amos no eixo horizontal do tempo. Ent\u00e3o, em que momento estamos agora? Uma hist\u00f3ria recente em \u201cThe Economist\u201d com GBTA e uma conversa que tive na semana passada\u2026<\/p>","protected":false},"author":25,"featured_media":0,"comment_status":"open","ping_status":"open","sticky":false,"template":"","format":"standard","meta":{"_acf_changed":false,"_seopress_robots_primary_cat":"none","_seopress_titles_title":"","_seopress_titles_desc":"","_seopress_robots_index":"","om_disable_all_campaigns":false,"_relevanssi_hide_post":"","_relevanssi_hide_content":"","_relevanssi_pin_for_all":"","_relevanssi_pin_keywords":"","_relevanssi_unpin_keywords":"","_relevanssi_related_keywords":"","_relevanssi_related_include_ids":"","_relevanssi_related_exclude_ids":"","_relevanssi_related_no_append":"","_relevanssi_related_not_related":"","_relevanssi_related_posts":"2477,1439,2017,1620,1171,2480","_relevanssi_noindex_reason":"","_kad_blocks_custom_css":"","_kad_blocks_head_custom_js":"","_kad_blocks_body_custom_js":"","_kad_blocks_footer_custom_js":"","_kad_post_transparent":"","_kad_post_title":"","_kad_post_layout":"","_kad_post_sidebar_id":"","_kad_post_content_style":"","_kad_post_vertical_padding":"","_kad_post_feature":"","_kad_post_feature_position":"","_kad_post_header":false,"_kad_post_footer":false,"footnotes":"","_links_to":"","_links_to_target":""},"categories":[1437,1152],"tags":[1450],"class_list":["post-2665","post","type-post","status-publish","format-standard","hentry","category-covid-19","category-meetings-and-events","tag-check-in-with-suzanne"],"acf":[],"featured_image_src_large":false,"author_info":{"display_name":"jcampbell","author_link":"https:\/\/gbta.org\/pt\/author\/jcampbell\/"},"comment_info":"","category_info":[{"term_id":1437,"name":"COVID-19","slug":"covid-19","term_group":0,"term_taxonomy_id":1437,"taxonomy":"category","description":"","parent":0,"count":124,"filter":"raw","cat_ID":1437,"category_count":124,"category_description":"","cat_name":"COVID-19","category_nicename":"covid-19","category_parent":0},{"term_id":1152,"name":"Meetings and Events","slug":"meetings-and-events","term_group":0,"term_taxonomy_id":1152,"taxonomy":"category","description":"","parent":0,"count":56,"filter":"raw","cat_ID":1152,"category_count":56,"category_description":"","cat_name":"Meetings and Events","category_nicename":"meetings-and-events","category_parent":0}],"tag_info":[{"term_id":1450,"name":"Check-in with Suzanne","slug":"check-in-with-suzanne","term_group":0,"term_taxonomy_id":1450,"taxonomy":"post_tag","description":"","parent":0,"count":47,"filter":"raw"}],"taxonomy_info":{"category":[{"value":1437,"label":"COVID-19"},{"value":1152,"label":"Meetings and Events"}],"post_tag":[{"value":1450,"label":"Check-in with Suzanne"}]},"featured_image_src":null,"featured_image_src_square":null,"mfb_rest_fields":["featured_image_src_large","author_info","comment_info","category_info","tag_info","taxonomy_info","featured_image_src","featured_image_src_square"],"_links":{"self":[{"href":"https:\/\/gbta.org\/pt\/wp-json\/wp\/v2\/posts\/2665","targetHints":{"allow":["GET"]}}],"collection":[{"href":"https:\/\/gbta.org\/pt\/wp-json\/wp\/v2\/posts"}],"about":[{"href":"https:\/\/gbta.org\/pt\/wp-json\/wp\/v2\/types\/post"}],"author":[{"embeddable":true,"href":"https:\/\/gbta.org\/pt\/wp-json\/wp\/v2\/users\/25"}],"replies":[{"embeddable":true,"href":"https:\/\/gbta.org\/pt\/wp-json\/wp\/v2\/comments?post=2665"}],"version-history":[{"count":0,"href":"https:\/\/gbta.org\/pt\/wp-json\/wp\/v2\/posts\/2665\/revisions"}],"wp:attachment":[{"href":"https:\/\/gbta.org\/pt\/wp-json\/wp\/v2\/media?parent=2665"}],"wp:term":[{"taxonomy":"category","embeddable":true,"href":"https:\/\/gbta.org\/pt\/wp-json\/wp\/v2\/categories?post=2665"},{"taxonomy":"post_tag","embeddable":true,"href":"https:\/\/gbta.org\/pt\/wp-json\/wp\/v2\/tags?post=2665"}],"curies":[{"name":"wp","href":"https:\/\/api.w.org\/{rel}","templated":true}]}}