{"id":2668,"date":"2022-01-21T10:01:00","date_gmt":"2022-01-21T15:01:00","guid":{"rendered":"https:\/\/gbta.org\/politics-of-travel-kicking-off-22-the-right-way-canadian-testing-eu-expiration-and-us-chapter-challenge\/"},"modified":"2022-09-28T15:38:15","modified_gmt":"2022-09-28T19:38:15","slug":"politics-of-travel-kicking-off-22-the-right-way-canadian-testing-eu-expiration-and-us-chapter-challenge","status":"publish","type":"post","link":"https:\/\/gbta.org\/pt\/politics-of-travel-kicking-off-22-the-right-way-canadian-testing-eu-expiration-and-us-chapter-challenge\/","title":{"rendered":"Pol\u00edtica de viagem Iniciando 22 da maneira certa, testes canadenses, expira\u00e7\u00e3o da UE e desafio do cap\u00edtulo dos EUA"},"content":{"rendered":"<p>Feliz 2022! Viagens e reuni\u00f5es est\u00e3o acontecendo e j\u00e1 voei o suficiente para estar atrasado e estressado com minhas conex\u00f5es. Mas no geral as viagens t\u00eam sido boas! Eu at\u00e9 tive minha primeira palestra presencial do ano. Esta semana falei com o cap\u00edtulo do GBTA Wisconsin. Foi um \u00f3timo evento de 2 dias e isso sem levar em conta o&nbsp;<a href=\"https:\/\/blackforestbratwurst.com\/products\/cooked-bratwurst?variant=6798259454003&amp;currency=USD&amp;utm_medium=product_sync&amp;utm_source=google&amp;utm_content=sag_organic&amp;utm_campaign=sag_organic&amp;utm_campaign=gs-campaign-2018-06-14&amp;utm_source=google&amp;utm_medium=shopping_usc&amp;gclid=Cj0KCQiAraSPBhDuARIsAM3Js4pKYRMqfiEt9bCRPGj49x_88YdWvDozboUhx0dgiPvU9K34tfrYP80aAllaEALw_wcB\">salsichas<\/a>&nbsp;e coalhada de queijo!<\/p>\n<p>Agora, experimentando os pirralhos, estou muito animado para participar do&nbsp;<a href=\"https:\/\/gbta.org\/pt\/calendar\/all-programs\/eventid\/760\/e\/gbta_conference_2021_-_berlin_in_partnership_with_vdr-06-12-2021\/\">Confer\u00eancia GBTA 2021 \u2013 Berlim em parceria com a VDR<\/a>&nbsp;e reunir-nos com colegas europeus de viagens de neg\u00f3cios para continuar as nossas discuss\u00f5es sobre a\u00e7\u00f5es e pol\u00edticas governamentais e como transmitiremos a import\u00e2ncia das viagens de neg\u00f3cios globais.<\/p>\n<p>Como muitos de voc\u00eas nos EUA pediram, tamb\u00e9m tenho o prazer de anunciar o retorno do Desafio do Cap\u00edtulo de Rela\u00e7\u00f5es Governamentais dos EUA! Os detalhes ser\u00e3o anunciados no US Chapter Leadership Summit no dia 8 de fevereiro. Nos vemos em Tampa!<\/p>\n<p><a href=\"https:\/\/www.youtube.com\/watch?v=2H5uWRjFsGc\"><b>BANCADOR DE BANHEIRA<\/b><\/a><b>:<\/b>&nbsp;Lan\u00e7ado nesta quinta-feira, o&nbsp;<a href=\"https:\/\/gbta.org\/pt\/blog\/long-term-global-business-travel-outlook-remains-strong-but-omicron-variant-dampens-near-term-momentum\/\">Descoberta da PESQUISA GBTA COVID<\/a>&nbsp;mostram uma situa\u00e7\u00e3o mista, mas mant\u00eam a atitude resiliente de progresso e otimismo da ind\u00fastria em suas expectativas de longo prazo para 2022.<\/p>\n<p>De particular interesse para o nosso foco aqui s\u00e3o estas descobertas:<\/p>\n<ul>\n<li>43% dos entrevistados citaram pol\u00edticas governamentais que restringem ou dificultam as viagens (como restri\u00e7\u00f5es de entrada ou quarentenas obrigat\u00f3rias). Os gestores de viagens baseados no Reino Unido (66%) e na Europa (62%) eram mais propensos do que os da Am\u00e9rica do Norte (33%) a citar as pol\u00edticas governamentais como sendo a maior barreira \u00e0s viagens de neg\u00f3cios.<\/li>\n<li>Quando solicitados a nomear barreiras especificamente para viagens de neg\u00f3cios internacionais, os entrevistados disseram incerteza pol\u00edtica (72%), requisitos rigorosos para visitantes internacionais (69%), inconsist\u00eancias pol\u00edticas em diferentes pa\u00edses (64%) e documenta\u00e7\u00e3o e papelada exigidas (45%).<\/li>\n<\/ul>\n<p>Para vermos as viagens internacionais regressarem ao seu pleno potencial, devemos ter orienta\u00e7\u00f5es claras e consistentes sobre os requisitos de entrada e reconhecer o viajante individual em vez de tratar todos os viajantes de uma regi\u00e3o como uma entidade \u00fanica. A GBTA continua a transmitir esta mensagem ampla e a aperfei\u00e7oar programas espec\u00edficos para cada pa\u00eds. Fique ligado em como voc\u00ea pode ajudar!<\/p>\n<p><a href=\"https:\/\/www.youtube.com\/watch?v=dFtLONl4cNc\"><b>PASSE NO TESTE DO LADO ESQUERDO:<\/b><\/a><b>&nbsp;<\/b>Em resposta \u00e0 regra do governo canadense de que todas as pessoas que viajam para o Canad\u00e1 devem estar totalmente vacinadas E fazer um teste PCR antes de embarcar em um avi\u00e3o com destino ao Canad\u00e1, a Mesa Redonda Canadense de Viagens e Turismo (CTTR)<b>&nbsp;<\/b>divulgou um comunicado, apoiado pela GBTA, instando o governo federal a reimplantar testes PCR usados para testes na chegada de viajantes totalmente vacinados, assintom\u00e1ticos e previamente negativos no Canad\u00e1 para uso comunit\u00e1rio e para um retorno aos testes randomizados na chegada para fins de vigil\u00e2ncia . O racioc\u00ednio \u00e9 que \u00e9 importante dar prioridade aos escassos recursos de testagem que poderiam ser redistribu\u00eddos para proteger os nossos trabalhadores da linha da frente e apoiar o regresso \u00e0 escola das crian\u00e7as.<\/p>\n<p>Esta posi\u00e7\u00e3o foi refor\u00e7ada pelo Dr. Jim Chung, Diretor M\u00e9dico \u2013 Air Canada, Dr. Edward Wasser, Diretor M\u00e9dico \u2013 Toronto Pearson e Dra. incluindo o Ministro da Sa\u00fade, Jean-Yves Duclos, Diretor de Sa\u00fade P\u00fablica do Canad\u00e1.<\/p>\n<p>A resposta do Ministro da Sa\u00fade, Jean-Yves Duclos, foi essencialmente&nbsp;<a href=\"https:\/\/www.thestar.com\/politics\/federal\/2022\/01\/17\/flying-across-the-border-canada-still-wants-a-covid-19-test.html\">V\u00e1 Libra Areia<\/a>. Eu teria gostado de ver um pouco mais de detalhes do que \u201cn\u00e3o vai acontecer\u201d. Tipo, por que \u00e9 importante testar as chegadas nos aeroportos canadenses, com taxas de transmiss\u00e3o atualmente em torno de 3% quando a comunidade enfrenta 30%? A adi\u00e7\u00e3o de 8.000 testes di\u00e1rios na Pearson n\u00e3o seria melhor aplicada nas escolas?&nbsp;<a href=\"https:\/\/www.youtube.com\/watch?v=cbzIVR1OaAY\">N\u00e3o sei... mas os canadenses talvez precisem planejar por mais algum tempo.<\/a>&nbsp;\u00daltima coisa \u2013 que exemplo perfeito de por que a nossa pesquisa considerou as pol\u00edticas governamentais um grande fardo para as viagens internacionais.<\/p>\n<p><a href=\"https:\/\/www.youtube.com\/watch?v=d2mNHQeLrQE\"><b>FOR\u00c7A G:<\/b><\/a>&nbsp;Felizmente, os avi\u00f5es n\u00e3o ca\u00edram do c\u00e9u, mas havia a preocupa\u00e7\u00e3o de que isso acontecesse, dadas as mudan\u00e7as nos EUA.&nbsp;<a href=\"https:\/\/www.reuters.com\/technology\/exclusive-major-us-airline-ceos-urge-action-avoid-catastrophic-5g-flight-2022-01-17\/\">&nbsp;para a rede 5G<\/a>.<\/p>\n<p><a href=\"https:\/\/gbta.org\/pt\/blog\/gbta_urges_resolution\/\">A GBTA reagiu com a seguinte declara\u00e7\u00e3o.<\/a>&nbsp;<i>Surgiram recentemente incertezas e preocupa\u00e7\u00f5es em torno das potenciais perturba\u00e7\u00f5es e do impacto nas viagens a\u00e9reas relacionadas com a implanta\u00e7\u00e3o de redes 5G de alta velocidade nos EUA. Os relat\u00f3rios do meio-dia mostram pouco impacto devido ao acordo para minimizar a utiliza\u00e7\u00e3o de 5G nos aeroportos.<\/i><\/p>\n<p><i>A GBTA est\u00e1 satisfeita com os resultados de hoje, mas as d\u00favidas permanecem. Para esse fim, a GBTA insta todas as partes interessadas a abordar e resolver rapidamente as preocupa\u00e7\u00f5es para garantir a seguran\u00e7a ideal e a continua\u00e7\u00e3o das viagens a\u00e9reas. Com uma m\u00e9dia de mais de 45.000 voos lotados com 2,9 milh\u00f5es de pessoas (aproximadamente a popula\u00e7\u00e3o de Connecticut) por dia nos EUA*, quaisquer problemas que ameacem a seguran\u00e7a de todos os viajantes e das viagens a\u00e9reas em geral devem ser primordiais.<\/i><\/p>\n<p><i>Essas preocupa\u00e7\u00f5es com a seguran\u00e7a das viagens a\u00e9reas est\u00e3o fazendo com que os voos sejam redirecionados e cancelados. A GBTA apela \u00e0 Administra\u00e7\u00e3o Biden dos EUA para ajudar a resolver totalmente este problema imediatamente.<\/i><\/p>\n<p>No in\u00edcio desta semana, o representante do Comit\u00ea de Transporte e Infraestrutura da C\u00e2mara, Peter Defazio (D-OR), em&nbsp;<a href=\"https:\/\/youtu.be\/SkpkNYT54GQ\">A CNN explicou como chegamos aqui.<\/a><\/p>\n<p>Na quinta-feira, a FAA estima que cerca de 78 por cento da frota comercial atual pode pousar com seguran\u00e7a em aeroportos em zonas 5G, contra 62 por cento menos do que no dia anterior. A ag\u00eancia disse anteriormente que qualquer aeronave com alt\u00edmetros n\u00e3o testados ou que precisem de atualiza\u00e7\u00f5es ou substitui\u00e7\u00e3o ser\u00e1, por enquanto, incapaz de realizar pousos de baixa visibilidade onde o 5G estiver ativo.<\/p>\n<p><a href=\"https:\/\/www.youtube.com\/watch?v=ol4cn5I6peo\"><b>A EUROPA TEM UM PROBLEMA DE TIA:<\/b><\/a><b>&nbsp;<\/b>Em 21 de Dezembro, a Comiss\u00e3o Europeia adoptou&nbsp;<a href=\"https:\/\/ec.europa.eu\/commission\/presscorner\/detail\/en\/ip_21_6837\">regras relativas ao Certificado Digital COVID da UE<\/a>, estabelecendo um per\u00edodo de aceita\u00e7\u00e3o vinculativo de 9 meses (precisamente 270 dias) de certificados de vacina\u00e7\u00e3o, na sequ\u00eancia de uma s\u00e9rie de vacina\u00e7\u00e3o prim\u00e1ria de 2 doses ou de 1 dose para a vacina Johnson e Johnson, para efeitos de viagens intra-UE. O prazo de 270 dias ser\u00e1 contado a partir do dia da segunda dose. \u00c9 importante ressaltar que a nova regra n\u00e3o limita o per\u00edodo de validade de terceiras doses de vacina administradas pelos estados membros da UE.<\/p>\n<p>Essas novas regras ser\u00e3o aplicadas a partir de 1\u00ba de fevereiro de 2022. Estou sinalizando esta informa\u00e7\u00e3o para que voc\u00ea saiba que deve procurar informa\u00e7\u00f5es adicionais do GBTA nos pr\u00f3ximos dias.<\/p>\n<p><b>RESILENCIA\u00c7\u00c3O!&nbsp;<\/b>Com os \u00faltimos anos sendo t\u00e3o dif\u00edceis para todos, acredito que a resili\u00eancia e a recupera\u00e7\u00e3o ap\u00f3s sermos derrubados s\u00e3o vitais. Ent\u00e3o eu deixo voc\u00ea com&nbsp;<a href=\"https:\/\/twitter.com\/HowardWKYT\/status\/1484036206950293505?ref_src=twsrc%5Etfw%7Ctwcamp%5Etweetembed%7Ctwterm%5E1484036206950293505%7Ctwgr%5E%7Ctwcon%5Es1_&amp;ref_url=https%3A%2F%2Fhotair.com%2Fallahpundit%2F2022%2F01%2F20%2Fthe-viral-reporter-hit-by-car-during-live-segment-clip-n443012\">este clipe<\/a>&nbsp;e fechar o primeiro POT de 2022 como comecei. Voc\u00ea nunca vai me manter no ch\u00e3o!<\/p>\n<p>Shane Downey<br \/>\nVice-presidente, Rela\u00e7\u00f5es Governamentais e Comunit\u00e1rias<br \/>\nGBTA<br \/>\n<a href=\"mailto:sdowney@gbta.org\">sdowney@gbta.org<\/a><br \/>\n(O) 703 236-1131<br \/>\n(C) 703 459-7425<\/p>","protected":false},"excerpt":{"rendered":"<p>Feliz 2022! Viagens e reuni\u00f5es est\u00e3o acontecendo e eu j\u00e1 voei o suficiente para estar atrasado e estressado com minhas conex\u00f5es. Mas em geral as viagens t\u00eam sido boas! Eu at\u00e9 tive minha primeira palestra presencial do ano. Esta semana falei com o Cap\u00edtulo GBTA Wisconsin. Era um\u2026<\/p>","protected":false},"author":25,"featured_media":0,"comment_status":"open","ping_status":"open","sticky":false,"template":"","format":"standard","meta":{"_acf_changed":false,"_seopress_robots_primary_cat":"none","_seopress_titles_title":"","_seopress_titles_desc":"","_seopress_robots_index":"","om_disable_all_campaigns":false,"_relevanssi_hide_post":"","_relevanssi_hide_content":"","_relevanssi_pin_for_all":"","_relevanssi_pin_keywords":"","_relevanssi_unpin_keywords":"","_relevanssi_related_keywords":"","_relevanssi_related_include_ids":"","_relevanssi_related_exclude_ids":"","_relevanssi_related_no_append":"","_relevanssi_related_not_related":"","_relevanssi_related_posts":"1813,1894,1502,1971,1970,1897","_relevanssi_noindex_reason":"","_kad_blocks_custom_css":"","_kad_blocks_head_custom_js":"","_kad_blocks_body_custom_js":"","_kad_blocks_footer_custom_js":"","_kad_post_transparent":"","_kad_post_title":"","_kad_post_layout":"","_kad_post_sidebar_id":"","_kad_post_content_style":"","_kad_post_vertical_padding":"","_kad_post_feature":"","_kad_post_feature_position":"","_kad_post_header":false,"_kad_post_footer":false,"footnotes":"","_links_to":"","_links_to_target":""},"categories":[1452,1307],"tags":[],"class_list":["post-2668","post","type-post","status-publish","format-standard","hentry","category-gbta-advocacy-newsletters","category-government-relations"],"acf":[],"featured_image_src_large":false,"author_info":{"display_name":"jcampbell","author_link":"https:\/\/gbta.org\/pt\/author\/jcampbell\/"},"comment_info":"","category_info":[{"term_id":1452,"name":"GBTA Advocacy Newsletters","slug":"gbta-advocacy-newsletters","term_group":0,"term_taxonomy_id":1452,"taxonomy":"category","description":"","parent":0,"count":29,"filter":"raw","cat_ID":1452,"category_count":29,"category_description":"","cat_name":"GBTA Advocacy Newsletters","category_nicename":"gbta-advocacy-newsletters","category_parent":0},{"term_id":1307,"name":"Government Relations","slug":"government-relations","term_group":0,"term_taxonomy_id":1307,"taxonomy":"category","description":"","parent":0,"count":61,"filter":"raw","cat_ID":1307,"category_count":61,"category_description":"","cat_name":"Government Relations","category_nicename":"government-relations","category_parent":0}],"tag_info":false,"taxonomy_info":{"category":[{"value":1452,"label":"GBTA Advocacy Newsletters"},{"value":1307,"label":"Government Relations"}]},"featured_image_src":null,"featured_image_src_square":null,"mfb_rest_fields":["featured_image_src_large","author_info","comment_info","category_info","tag_info","taxonomy_info","featured_image_src","featured_image_src_square"],"_links":{"self":[{"href":"https:\/\/gbta.org\/pt\/wp-json\/wp\/v2\/posts\/2668","targetHints":{"allow":["GET"]}}],"collection":[{"href":"https:\/\/gbta.org\/pt\/wp-json\/wp\/v2\/posts"}],"about":[{"href":"https:\/\/gbta.org\/pt\/wp-json\/wp\/v2\/types\/post"}],"author":[{"embeddable":true,"href":"https:\/\/gbta.org\/pt\/wp-json\/wp\/v2\/users\/25"}],"replies":[{"embeddable":true,"href":"https:\/\/gbta.org\/pt\/wp-json\/wp\/v2\/comments?post=2668"}],"version-history":[{"count":0,"href":"https:\/\/gbta.org\/pt\/wp-json\/wp\/v2\/posts\/2668\/revisions"}],"wp:attachment":[{"href":"https:\/\/gbta.org\/pt\/wp-json\/wp\/v2\/media?parent=2668"}],"wp:term":[{"taxonomy":"category","embeddable":true,"href":"https:\/\/gbta.org\/pt\/wp-json\/wp\/v2\/categories?post=2668"},{"taxonomy":"post_tag","embeddable":true,"href":"https:\/\/gbta.org\/pt\/wp-json\/wp\/v2\/tags?post=2668"}],"curies":[{"name":"wp","href":"https:\/\/api.w.org\/{rel}","templated":true}]}}