{"id":2669,"date":"2021-12-03T10:01:00","date_gmt":"2021-12-03T15:01:00","guid":{"rendered":"https:\/\/gbta.org\/politics-of-travel-latest-travel-restrictions-safs-bb8-and-tales-of-u-s-leg-summit\/"},"modified":"2022-09-28T15:37:45","modified_gmt":"2022-09-28T19:37:45","slug":"politics-of-travel-latest-travel-restrictions-safs-bb8-and-tales-of-u-s-leg-summit","status":"publish","type":"post","link":"https:\/\/gbta.org\/pt\/politics-of-travel-latest-travel-restrictions-safs-bb8-and-tales-of-u-s-leg-summit\/","title":{"rendered":"Pol\u00edtica de viagem \u00daltimas restri\u00e7\u00f5es de viagem, SAFs, BB8 e contos da perna dos EUA. Cume"},"content":{"rendered":"<p>Eu estava com as malas prontas, cortei o cabelo e estava arrumando minha documenta\u00e7\u00e3o para minha viagem para a Confer\u00eancia GBTA, Berlim, em parceria com a VDR, quando&nbsp;<a href=\"https:\/\/www.youtube.com\/watch?v=PtzhvJh9NRY\">bigmouth COVID atacou novamente<\/a>&nbsp;e a Confer\u00eancia foi&nbsp;<a href=\"https:\/\/europeconference.gbta.org\/\">postergado<\/a>. Estou decepcionado, mas sei que a confer\u00eancia ser\u00e1 excelente nesta primavera. E quem n\u00e3o quer estar em Berlim na primavera?!<\/p>\n<p>Para aqueles que est\u00e3o em cima do muro, deixe-me dizer que o impacto das reuni\u00f5es presenciais n\u00e3o pode ser subestimado.<\/p>\n<p>A Conven\u00e7\u00e3o GBTA superou as minhas expectativas \u2013 espero que tenha superado voc\u00ea tamb\u00e9m. A alegria de ver tantos de voc\u00eas foi avassaladora. Encontrei pessoas que n\u00e3o via h\u00e1 mais de dois anos. Tive conversas significativas sobre trabalho e nossas vidas pessoais. Eu n\u00e3o tinha percebido o quanto havia sido perdido at\u00e9 experimentar essas conex\u00f5es pessoais. OBRIGADO a quem esteve em Orlando. PS. Sentado aqui escrevendo isso, apareceu um an\u00fancio do Portal do Facebook \u2013 o virtual n\u00e3o \u00e9 nem remotamente pr\u00f3ximo do presencial.<\/p>\n<p><a href=\"https:\/\/www.youtube.com\/watch?v=_JYkbmtvwjY\"><b>CASTELOS FEITOS EM AREIA:<\/b><\/a>&nbsp;Com o surgimento repentino da variante Omicron, alguns pa\u00edses tiveram rea\u00e7\u00f5es instintivas e proibiram viagens.&nbsp;<a href=\"https:\/\/gbta.org\/pt\/blog\/gbta-calls-for-clear-and-consistent-approach-to-travel-restrictions-in-light-of-the-omicron-variant\/\">Essas proibi\u00e7\u00f5es eram motivo de preocupa\u00e7\u00e3o para o GBTA<\/a>. Al\u00e9m disso, foram preocupantes os relat\u00f3rios da administra\u00e7\u00e3o Biden que considerava quarentenas, independentemente do estado de vacina\u00e7\u00e3o ou de testes, e que outros pa\u00edses eram proibidos de viajar.<\/p>\n<p>A GBTA levou a mensagem de que quaisquer a\u00e7\u00f5es tomadas deveriam concentrar-se na vacina\u00e7\u00e3o ou no estado de recupera\u00e7\u00e3o e no risco individual do viajante, em vez de restri\u00e7\u00f5es de viagem abrangentes ou encerramentos de fronteiras aos funcion\u00e1rios da UE, ao Congresso e \u00e0 Administra\u00e7\u00e3o \u2013 agradecemos a todos aqueles que ouviram a ind\u00fastria das viagens! Dito isto, a reac\u00e7\u00e3o dos governos ao adoptarem directamente as proibi\u00e7\u00f5es de viagens foi muito preocupante. Continuaremos a insistir para que as viagens possam ser feitas com seguran\u00e7a e sejam vitais para a economia e o bem-estar das pessoas. Permaneceremos vigilantes para aqueles que n\u00e3o entendem a mitiga\u00e7\u00e3o de riscos versus elimina\u00e7\u00e3o de riscos e pressionam por restri\u00e7\u00f5es adicionais irrealistas.<\/p>\n<p><a href=\"https:\/\/www.youtube.com\/watch?v=PnvI8wJ9WtU\"><b>24 HORAS:<\/b><\/a>&nbsp;Em 2 de dezembro, a administra\u00e7\u00e3o Biden introduziu novas a\u00e7\u00f5es para a variante Omicron,&nbsp;<a href=\"https:\/\/www.whitehouse.gov\/briefing-room\/statements-releases\/2021\/12\/02\/fact-sheet-president-biden-announces-new-actions-to-protect-americans-against-the-delta-and-omicron-variants-as-we-battle-covid-19-this-winter\/\">Ficha informativa da Casa Branca<\/a>&nbsp;Digno de nota para os viajantes \u00e9 a redu\u00e7\u00e3o do tempo de 72 para 24 horas para os protocolos de teste antes da partida, exigindo que todos os viajantes internacionais que chegam fa\u00e7am o teste no prazo de um dia antes da partida em todo o mundo, independentemente da nacionalidade ou do estado de vacina\u00e7\u00e3o.&nbsp;<a href=\"https:\/\/www.cdc.gov\/coronavirus\/2019-ncov\/travelers\/testing-international-air-travelers.html\">Aqui est\u00e1 o link para a orienta\u00e7\u00e3o do CDC. Parece que os testes PCR e Ant\u00edgeno ainda s\u00e3o aceit\u00e1veis<\/a>. Houve alguma d\u00favida sobre se seriam permitidos testes de ant\u00edgeno em casa, mas as perguntas ainda n\u00e3o foram respondidas. Essas novas regras entrar\u00e3o em vigor na semana de 6 de dezembro.<\/p>\n<p>As novas regras tamb\u00e9m estendem a exig\u00eancia de uso de m\u00e1scara em avi\u00f5es, viagens ferrovi\u00e1rias e transporte p\u00fablico at\u00e9 18 de mar\u00e7o. As multas por descumprimento continuar\u00e3o a ser duplicadas em rela\u00e7\u00e3o aos n\u00edveis iniciais por descumprimento dos requisitos de mascaramento \u2013 com multa m\u00ednima de $500 e multas de at\u00e9 $3.000 para reincidentes. Voc\u00ea pode ler mais aqui em&nbsp;<a href=\"https:\/\/edition.cnn.com\/travel\/article\/new-us-travel-rules-omicron-what-to-know\/index.html\">CNN<\/a>&nbsp;ou voc\u00ea pode ler o&nbsp;<a href=\"https:\/\/www.whitehouse.gov\/briefing-room\/press-briefings\/2021\/12\/02\/background-press-call-by-senior-administration-officials-on-new-actions-to-protect-americans-against-the-delta-and-omicron-variants-this-winter\/\">Transcri\u00e7\u00e3o do briefing de antecedentes da imprensa da Casa Branca.<\/a><\/p>\n<p><a href=\"https:\/\/www.youtube.com\/watch?v=E1fzJ_AYajA\"><b>ROUBE MEU SOL:<\/b><\/a>&nbsp;Na \u00faltima quarta-feira, a United Airlines concluiu seu primeiro voo de passageiros usando combust\u00edvel de avia\u00e7\u00e3o sustent\u00e1vel (SAFS). O Boeing 737 MAX 8 usava SAF em um motor fabricado pela General Electric e pela Safran, e combust\u00edvel de avia\u00e7\u00e3o padr\u00e3o em seu segundo motor. A aeronave voou de Chicago O&#039;Hare para Washington DC transportando mais de 100 viajantes.<\/p>\n<p>A GBTA apoia SAFs e medidas sustent\u00e1veis. Se voc\u00ea n\u00e3o participou da Conven\u00e7\u00e3o GBTA em Orlando, perdeu uma sess\u00e3o excepcional e um painel de discuss\u00e3o fant\u00e1stico. SHH n\u00e3o conte a ningu\u00e9m, mas voc\u00ea pode&nbsp;<a href=\"https:\/\/www.youtube.com\/watch?v=L3SjoNLN-1M\">assista aqui<\/a><\/p>\n<p><a href=\"https:\/\/www.youtube.com\/watch?v=eGp47YwDZ48\"><b>DE CABE\u00c7A ERGUIDA:<\/b><\/a><b>&nbsp;<\/b>A GBTA, juntamente com 70 organiza\u00e7\u00f5es de viagens e turismo do Comit\u00e9 Europeu de Viagens, enviaram um Manifesto de Turismo em resposta \u00e0s novas propostas da Comiss\u00e3o Europeia para harmonizar as regras de viagem&nbsp;<a href=\"https:\/\/ec.europa.eu\/commission\/presscorner\/detail\/en\/ip_21_6186\">dentro de<\/a>&nbsp;e&nbsp;<a href=\"https:\/\/ec.europa.eu\/commission\/presscorner\/detail\/en\/ip_21_6185\">para<\/a>&nbsp;a UE \u2013 incluindo o per\u00edodo de validade proposto para o Certificado Digital Covid da UE de 9 meses \u2013 IMPORTANTE. O Manifesto pode ser lido&nbsp;<a href=\"https:\/\/tourismmanifesto.eu\/position-on-the-european-commissions-proposals-for-council-recommendations-on-intra-eu-and-international-travel\/\">aqui<\/a><\/p>\n<p><a href=\"https:\/\/www.youtube.com\/watch?v=QjZbPA1cMIU\"><b>MONTANHA RUSSA DO AMOR:<\/b><\/a>&nbsp;Ontem \u00e0 noite, o Congresso aprovou um pacote provis\u00f3rio de financiamento, HR 6119 (116), com cada c\u00e2mara agindo em r\u00e1pida sucess\u00e3o. O projeto de lei manter\u00e1 o governo operando e manter\u00e1 o financiamento nos n\u00edveis atuais at\u00e9 18 de fevereiro. Um grupo de senadores conservadores exigiu uma vota\u00e7\u00e3o por maioria simples para retirar o financiamento do mandato de vacina do presidente Joe Biden \u00e0s empresas dos EUA, que fracassou por 48-50. Minutos depois, o Senado aprovou o projeto de lei de financiamento por 69 votos a 28. Portanto, temos isso a nosso favor nos EUA, mas h\u00e1 v\u00e1rios outros itens que precisam ser aprovados, incluindo o aumento do Limite da D\u00edvida. E n\u00e3o se esque\u00e7a do plano Build Back Better que ainda est\u00e1 sendo discutido.<\/p>\n<p><a href=\"https:\/\/twitter.com\/ehcanadamemes\/status\/1265321080396419075\/photo\/1\"><b>CR\u00c9DITO EV EH?<\/b><\/a><b>:<\/b>&nbsp;<a href=\"https:\/\/www.youtube.com\/watch?v=_RWWKFqv7EM\">Falando em BBB<\/a>, A Ministra Canadense do Com\u00e9rcio Internacional, Mary Ng, est\u00e1 finalizando hoje sua miss\u00e3o de tr\u00eas dias em DC. A tarefa era duplicar os esfor\u00e7os para fazer com que os EUA recuassem no pol\u00eamico cr\u00e9dito fiscal de EV para as montadoras americanas no plano Build Back Better do presidente Biden. O primeiro-ministro Trudeau levantou preocupa\u00e7\u00f5es sobre a proposta de cr\u00e9dito fiscal de EV IRL na C\u00fapula dos Tr\u00eas Amigos, algumas semanas atr\u00e1s. n\u00e3o est\u00e1 claro se a medida permanecer\u00e1 na vers\u00e3o do Senado do projeto de reconcilia\u00e7\u00e3o do BBB, mas meu palpite \u00e9 que sim.<\/p>\n<p><a href=\"https:\/\/www.youtube.com\/watch?v=JE-dqW4uBEE\"><b>BLISTER NO SOL:<\/b><\/a><b>&nbsp;<\/b>Para aqueles que est\u00e3o nos EUA, estamos planejando relan\u00e7ar o Desafio do Cap\u00edtulo e tenho a RFPS em DC procurando um local para a C\u00fapula Legislativa. As datas provavelmente cair\u00e3o nas semanas de 6 e 13 de junho<sup>\u00ba<\/sup>. SALVE AS DATAS! Precisaremos da sua presen\u00e7a para impulsionar a ind\u00fastria! Ent\u00e3o voc\u00ea se prepara para bolhas de sol e umidade<\/p>\n<p>Shane Downey<br \/>\nVice-presidente, Rela\u00e7\u00f5es Governamentais e Comunit\u00e1rias<br \/>\nGBTA<br \/>\n<a href=\"mailto:sdowney@gbta.org\">sdowney@gbta.org<\/a><br \/>\n(O) 703 236-1131<br \/>\n(C) 703 459-7425<\/p>","protected":false},"excerpt":{"rendered":"<p>Eu estava tudo arrumado, tinha um novo corte de cabelo e estava organizando minha documenta\u00e7\u00e3o para minha viagem para a Confer\u00eancia GBTA, Berlim em parceria com a VDR quando o bigmouth COVID atacou novamente e a Confer\u00eancia foi adiada. Estou decepcionado, mas sei que a confer\u00eancia ser\u00e1 excelente nesta primavera. E quem n\u00e3o quer participar\u2026<\/p>","protected":false},"author":25,"featured_media":0,"comment_status":"open","ping_status":"open","sticky":false,"template":"","format":"standard","meta":{"_acf_changed":false,"_seopress_robots_primary_cat":"none","_seopress_titles_title":"","_seopress_titles_desc":"","_seopress_robots_index":"","om_disable_all_campaigns":false,"_relevanssi_hide_post":"","_relevanssi_hide_content":"","_relevanssi_pin_for_all":"","_relevanssi_pin_keywords":"","_relevanssi_unpin_keywords":"","_relevanssi_related_keywords":"","_relevanssi_related_include_ids":"","_relevanssi_related_exclude_ids":"","_relevanssi_related_no_append":"","_relevanssi_related_not_related":"","_relevanssi_related_posts":"1813,1894,1971,1502,2637,1897","_relevanssi_noindex_reason":"","_kad_blocks_custom_css":"","_kad_blocks_head_custom_js":"","_kad_blocks_body_custom_js":"","_kad_blocks_footer_custom_js":"","_kad_post_transparent":"","_kad_post_title":"","_kad_post_layout":"","_kad_post_sidebar_id":"","_kad_post_content_style":"","_kad_post_vertical_padding":"","_kad_post_feature":"","_kad_post_feature_position":"","_kad_post_header":false,"_kad_post_footer":false,"footnotes":"","_links_to":"","_links_to_target":""},"categories":[1452,1307],"tags":[],"class_list":["post-2669","post","type-post","status-publish","format-standard","hentry","category-gbta-advocacy-newsletters","category-government-relations"],"acf":[],"featured_image_src_large":false,"author_info":{"display_name":"jcampbell","author_link":"https:\/\/gbta.org\/pt\/author\/jcampbell\/"},"comment_info":"","category_info":[{"term_id":1452,"name":"GBTA Advocacy Newsletters","slug":"gbta-advocacy-newsletters","term_group":0,"term_taxonomy_id":1452,"taxonomy":"category","description":"","parent":0,"count":29,"filter":"raw","cat_ID":1452,"category_count":29,"category_description":"","cat_name":"GBTA Advocacy Newsletters","category_nicename":"gbta-advocacy-newsletters","category_parent":0},{"term_id":1307,"name":"Government Relations","slug":"government-relations","term_group":0,"term_taxonomy_id":1307,"taxonomy":"category","description":"","parent":0,"count":61,"filter":"raw","cat_ID":1307,"category_count":61,"category_description":"","cat_name":"Government Relations","category_nicename":"government-relations","category_parent":0}],"tag_info":false,"taxonomy_info":{"category":[{"value":1452,"label":"GBTA Advocacy Newsletters"},{"value":1307,"label":"Government Relations"}]},"featured_image_src":null,"featured_image_src_square":null,"mfb_rest_fields":["featured_image_src_large","author_info","comment_info","category_info","tag_info","taxonomy_info","featured_image_src","featured_image_src_square"],"_links":{"self":[{"href":"https:\/\/gbta.org\/pt\/wp-json\/wp\/v2\/posts\/2669","targetHints":{"allow":["GET"]}}],"collection":[{"href":"https:\/\/gbta.org\/pt\/wp-json\/wp\/v2\/posts"}],"about":[{"href":"https:\/\/gbta.org\/pt\/wp-json\/wp\/v2\/types\/post"}],"author":[{"embeddable":true,"href":"https:\/\/gbta.org\/pt\/wp-json\/wp\/v2\/users\/25"}],"replies":[{"embeddable":true,"href":"https:\/\/gbta.org\/pt\/wp-json\/wp\/v2\/comments?post=2669"}],"version-history":[{"count":0,"href":"https:\/\/gbta.org\/pt\/wp-json\/wp\/v2\/posts\/2669\/revisions"}],"wp:attachment":[{"href":"https:\/\/gbta.org\/pt\/wp-json\/wp\/v2\/media?parent=2669"}],"wp:term":[{"taxonomy":"category","embeddable":true,"href":"https:\/\/gbta.org\/pt\/wp-json\/wp\/v2\/categories?post=2669"},{"taxonomy":"post_tag","embeddable":true,"href":"https:\/\/gbta.org\/pt\/wp-json\/wp\/v2\/tags?post=2669"}],"curies":[{"name":"wp","href":"https:\/\/api.w.org\/{rel}","templated":true}]}}